{"id":9276,"date":"2018-09-10T18:49:19","date_gmt":"2018-09-10T16:49:19","guid":{"rendered":"https:\/\/www.fourniresto.com\/blog\/?p=9276"},"modified":"2022-03-14T12:06:33","modified_gmt":"2022-03-14T11:06:33","slug":"et-que-dites-vous-de-pommes-farcies-au-speculos","status":"publish","type":"post","link":"https:\/\/www.fourniresto.com\/blog\/et-que-dites-vous-de-pommes-farcies-au-speculos\/","title":{"rendered":"Et que Dites vous de Pommes Farcies au Sp\u00e9culos ?"},"content":{"rendered":"<p><b>Qui a dit qu&#8217;\u00e0 la rentr\u00e9e il fallait se priver ? Faites vous plaisir avec des produits de saison, au go\u00fbt exquis et surtout healthy !&nbsp;<\/b><\/p>\n<p>Vous l&#8217;aurez bien compris, nous revenons dans cet article avec une nouvelle recette yumi: Les pommes farcies au sp\u00e9culos.<\/p>\n<p>Pour celles et ceux qui aiment savourer de bonnes choses mais qui (pour le dire tr\u00e8s clairement), ne veulent pas passer un temps fou derri\u00e8re les fourneaux, ce dessert gourmand est ce qu&#8217;il vous faut !<\/p>\n<p>Ingr\u00e9dients :<\/p>\n<ul>\n<li>Quatre Pommes&nbsp;&#x1f34e;<\/li>\n<li>Cents grammes de sp\u00e9culos<\/li>\n<li>&nbsp;Quatre-vint grammes de beurre sal\u00e9<\/li>\n<\/ul>\n<p>\u00c0 pr\u00e9sent nous allons voir les \u00e9tapes&nbsp;par lesquelles il faut passer pour obtenir des pommes farcies au sp\u00e9culos :<\/p>\n<ol>\n<li>Tout d&#8217;abord, il vous faut r\u00e9duire les biscuits en poudre dans un sac, \u00e0 l&#8217;aide d&#8217;un rouleau \u00e0 p\u00e2tisserie. M\u00e9langez-les au beurre mou.<\/li>\n<li>Puis prenez vos pommes que vous piquez gr\u00e2ce \u00e0 une fourchette. Coupez les chapeaux et videz l&#8217;int\u00e9rieur de mani\u00e8re \u00e0 obtenir une cavit\u00e9 dont la taille est \u00e9gale \u00e0 celle d&#8217;une noix.<\/li>\n<li>Recouvrez vos pommes du m\u00e9lange biscuit sp\u00e9culos &#8211; beurre mou. Refermez vos pommes en d\u00e9posant les chapeaux sur le dessus. Afin que cela n&#8217;accroche pas, humidifiez le fond de votre plat avec de l&#8217;eau.<\/li>\n<li>Faites cuire au four durant 20-30 minutes thermostat 150 &#8211; 180\u00b0.<\/li>\n<li>D\u00e9gustez.<\/li>\n<\/ol>\n<p>&#x26a0;&nbsp;Attention, vos pommes doivent \u00eatre fondantes mais pas r\u00e9duites en compote.<\/p>\n<p>Pour limiter ce risque, la solution c&#8217;est un \u00e9quipement de qualit\u00e9 pour une cuisson parfaite. FourniResto propose un ensemble de&nbsp;<strong><a href=\"https:\/\/www.fourniresto.com\/28-four-professionnel\">Four Professionnel<\/a>. <\/strong>N&#8217;h\u00e9sitez pas \u00e0 vous rendre sur notre site pour visualiser nos divers \u00e9quipements. Que vous recherchiez un four \u00e0 convection, un four \u00e9lectrique un mini\/grand four \u00e0 chaleur tournante ou encore un four \u00e0 grande capacit\u00e9, nous l&#8217;avons. De plus, notre \u00e9quipe est disponible et r\u00e9pond \u00e0 toutes vos questions. Alors rendez-vous sur notre site ou contactez-nous au&nbsp;04 84 98 00 30.<\/p>\n","protected":false},"excerpt":{"rendered":"<p>Qui a dit qu&#8217;\u00e0 la rentr\u00e9e il fallait se priver ? Faites vous plaisir avec des produits de saison, au go\u00fbt exquis et surtout healthy !&nbsp; Vous l&#8217;aurez bien compris,&hellip;<\/p>\n","protected":false},"author":1,"featured_media":15817,"comment_status":"closed","ping_status":"closed","sticky":false,"template":"","format":"standard","meta":{"content-type":"","_uag_custom_page_level_css":""},"categories":[920],"tags":[],"yoast_head":"<!-- This site is optimized with the Yoast SEO plugin v19.13 - https:\/\/yoast.com\/wordpress\/plugins\/seo\/ -->\n<title>Et que Dites vous de Pommes Farcies au Sp\u00e9culos ? - Le Blog FourniResto<\/title>\n<meta name=\"robots\" content=\"index, follow, max-snippet:-1, max-image-preview:large, max-video-preview:-1\" \/>\n<link rel=\"canonical\" href=\"https:\/\/www.fourniresto.com\/blog\/et-que-dites-vous-de-pommes-farcies-au-speculos\/\" \/>\n<meta property=\"og:locale\" content=\"fr_FR\" \/>\n<meta property=\"og:type\" content=\"article\" \/>\n<meta property=\"og:title\" content=\"Et que Dites vous de Pommes Farcies au Sp\u00e9culos ? - Le Blog FourniResto\" \/>\n<meta property=\"og:description\" content=\"Qui a dit qu&#8217;\u00e0 la rentr\u00e9e il fallait se priver ? Faites vous plaisir avec des produits de saison, au go\u00fbt exquis et surtout healthy !&nbsp; Vous l&#8217;aurez bien compris,&hellip;\" \/>\n<meta property=\"og:url\" content=\"https:\/\/www.fourniresto.com\/blog\/et-que-dites-vous-de-pommes-farcies-au-speculos\/\" \/>\n<meta property=\"og:site_name\" content=\"Le Blog FourniResto\" \/>\n<meta property=\"article:published_time\" content=\"2018-09-10T16:49:19+00:00\" \/>\n<meta property=\"article:modified_time\" content=\"2022-03-14T11:06:33+00:00\" \/>\n<meta property=\"og:image\" content=\"https:\/\/www.fourniresto.com\/blog\/wp-content\/uploads\/2018\/09\/Et-que-Dites-vous-de-Pommes-Farcies-au-Spe\u0301culos-.jpg\" \/>\n\t<meta property=\"og:image:width\" content=\"2240\" \/>\n\t<meta property=\"og:image:height\" content=\"1260\" \/>\n\t<meta property=\"og:image:type\" content=\"image\/jpeg\" \/>\n<meta name=\"author\" content=\"Admin\" \/>\n<meta name=\"twitter:card\" content=\"summary_large_image\" \/>\n<meta name=\"twitter:label1\" content=\"\u00c9crit par\" \/>\n\t<meta name=\"twitter:data1\" content=\"Admin\" \/>\n\t<meta name=\"twitter:label2\" content=\"Dur\u00e9e de lecture estim\u00e9e\" \/>\n\t<meta name=\"twitter:data2\" content=\"2 minutes\" \/>\n<script type=\"application\/ld+json\" class=\"yoast-schema-graph\">{\"@context\":\"https:\/\/schema.org\",\"@graph\":[{\"@type\":\"WebPage\",\"@id\":\"https:\/\/www.fourniresto.com\/blog\/et-que-dites-vous-de-pommes-farcies-au-speculos\/\",\"url\":\"https:\/\/www.fourniresto.com\/blog\/et-que-dites-vous-de-pommes-farcies-au-speculos\/\",\"name\":\"Et que Dites vous de Pommes Farcies au Sp\u00e9culos ? - Le Blog FourniResto\",\"isPartOf\":{\"@id\":\"https:\/\/www.fourniresto.com\/blog\/#website\"},\"datePublished\":\"2018-09-10T16:49:19+00:00\",\"dateModified\":\"2022-03-14T11:06:33+00:00\",\"author\":{\"@id\":\"https:\/\/www.fourniresto.com\/blog\/#\/schema\/person\/7bdd27da86a0fd78ebae2c0282518b37\"},\"breadcrumb\":{\"@id\":\"https:\/\/www.fourniresto.com\/blog\/et-que-dites-vous-de-pommes-farcies-au-speculos\/#breadcrumb\"},\"inLanguage\":\"fr-FR\",\"potentialAction\":[{\"@type\":\"ReadAction\",\"target\":[\"https:\/\/www.fourniresto.com\/blog\/et-que-dites-vous-de-pommes-farcies-au-speculos\/\"]}]},{\"@type\":\"BreadcrumbList\",\"@id\":\"https:\/\/www.fourniresto.com\/blog\/et-que-dites-vous-de-pommes-farcies-au-speculos\/#breadcrumb\",\"itemListElement\":[{\"@type\":\"ListItem\",\"position\":1,\"name\":\"Accueil\",\"item\":\"https:\/\/www.fourniresto.com\/blog\/\"},{\"@type\":\"ListItem\",\"position\":2,\"name\":\"Et que Dites vous de Pommes Farcies au Sp\u00e9culos ?\"}]},{\"@type\":\"WebSite\",\"@id\":\"https:\/\/www.fourniresto.com\/blog\/#website\",\"url\":\"https:\/\/www.fourniresto.com\/blog\/\",\"name\":\"Le Blog FourniResto\",\"description\":\"Conseils et actualit\u00e9s sur la Restauration Professionnelle\",\"potentialAction\":[{\"@type\":\"SearchAction\",\"target\":{\"@type\":\"EntryPoint\",\"urlTemplate\":\"https:\/\/www.fourniresto.com\/blog\/?s={search_term_string}\"},\"query-input\":\"required name=search_term_string\"}],\"inLanguage\":\"fr-FR\"},{\"@type\":\"Person\",\"@id\":\"https:\/\/www.fourniresto.com\/blog\/#\/schema\/person\/7bdd27da86a0fd78ebae2c0282518b37\",\"name\":\"Admin\"}]}<\/script>\n<!-- \/ Yoast SEO plugin. -->","yoast_head_json":{"title":"Et que Dites vous de Pommes Farcies au Sp\u00e9culos ? - Le Blog FourniResto","robots":{"index":"index","follow":"follow","max-snippet":"max-snippet:-1","max-image-preview":"max-image-preview:large","max-video-preview":"max-video-preview:-1"},"canonical":"https:\/\/www.fourniresto.com\/blog\/et-que-dites-vous-de-pommes-farcies-au-speculos\/","og_locale":"fr_FR","og_type":"article","og_title":"Et que Dites vous de Pommes Farcies au Sp\u00e9culos ? - Le Blog FourniResto","og_description":"Qui a dit qu&#8217;\u00e0 la rentr\u00e9e il fallait se priver ? Faites vous plaisir avec des produits de saison, au go\u00fbt exquis et surtout healthy !&nbsp; Vous l&#8217;aurez bien compris,&hellip;","og_url":"https:\/\/www.fourniresto.com\/blog\/et-que-dites-vous-de-pommes-farcies-au-speculos\/","og_site_name":"Le Blog FourniResto","article_published_time":"2018-09-10T16:49:19+00:00","article_modified_time":"2022-03-14T11:06:33+00:00","og_image":[{"width":2240,"height":1260,"url":"https:\/\/www.fourniresto.com\/blog\/wp-content\/uploads\/2018\/09\/Et-que-Dites-vous-de-Pommes-Farcies-au-Spe\u0301culos-.jpg","type":"image\/jpeg"}],"author":"Admin","twitter_card":"summary_large_image","twitter_misc":{"\u00c9crit par":"Admin","Dur\u00e9e de lecture estim\u00e9e":"2 minutes"},"schema":{"@context":"https:\/\/schema.org","@graph":[{"@type":"WebPage","@id":"https:\/\/www.fourniresto.com\/blog\/et-que-dites-vous-de-pommes-farcies-au-speculos\/","url":"https:\/\/www.fourniresto.com\/blog\/et-que-dites-vous-de-pommes-farcies-au-speculos\/","name":"Et que Dites vous de Pommes Farcies au Sp\u00e9culos ? - Le Blog FourniResto","isPartOf":{"@id":"https:\/\/www.fourniresto.com\/blog\/#website"},"datePublished":"2018-09-10T16:49:19+00:00","dateModified":"2022-03-14T11:06:33+00:00","author":{"@id":"https:\/\/www.fourniresto.com\/blog\/#\/schema\/person\/7bdd27da86a0fd78ebae2c0282518b37"},"breadcrumb":{"@id":"https:\/\/www.fourniresto.com\/blog\/et-que-dites-vous-de-pommes-farcies-au-speculos\/#breadcrumb"},"inLanguage":"fr-FR","potentialAction":[{"@type":"ReadAction","target":["https:\/\/www.fourniresto.com\/blog\/et-que-dites-vous-de-pommes-farcies-au-speculos\/"]}]},{"@type":"BreadcrumbList","@id":"https:\/\/www.fourniresto.com\/blog\/et-que-dites-vous-de-pommes-farcies-au-speculos\/#breadcrumb","itemListElement":[{"@type":"ListItem","position":1,"name":"Accueil","item":"https:\/\/www.fourniresto.com\/blog\/"},{"@type":"ListItem","position":2,"name":"Et que Dites vous de Pommes Farcies au Sp\u00e9culos ?"}]},{"@type":"WebSite","@id":"https:\/\/www.fourniresto.com\/blog\/#website","url":"https:\/\/www.fourniresto.com\/blog\/","name":"Le Blog FourniResto","description":"Conseils et actualit\u00e9s sur la Restauration Professionnelle","potentialAction":[{"@type":"SearchAction","target":{"@type":"EntryPoint","urlTemplate":"https:\/\/www.fourniresto.com\/blog\/?s={search_term_string}"},"query-input":"required name=search_term_string"}],"inLanguage":"fr-FR"},{"@type":"Person","@id":"https:\/\/www.fourniresto.com\/blog\/#\/schema\/person\/7bdd27da86a0fd78ebae2c0282518b37","name":"Admin"}]}},"uagb_featured_image_src":{"full":["https:\/\/www.fourniresto.com\/blog\/wp-content\/uploads\/2018\/09\/Et-que-Dites-vous-de-Pommes-Farcies-au-Spe\u0301culos-.jpg",2240,1260,false],"thumbnail":["https:\/\/www.fourniresto.com\/blog\/wp-content\/uploads\/2018\/09\/Et-que-Dites-vous-de-Pommes-Farcies-au-Spe\u0301culos--150x150.jpg",150,150,true],"medium":["https:\/\/www.fourniresto.com\/blog\/wp-content\/uploads\/2018\/09\/Et-que-Dites-vous-de-Pommes-Farcies-au-Spe\u0301culos--300x169.jpg",300,169,true],"medium_large":["https:\/\/www.fourniresto.com\/blog\/wp-content\/uploads\/2018\/09\/Et-que-Dites-vous-de-Pommes-Farcies-au-Spe\u0301culos-.jpg",768,432,false],"large":["https:\/\/www.fourniresto.com\/blog\/wp-content\/uploads\/2018\/09\/Et-que-Dites-vous-de-Pommes-Farcies-au-Spe\u0301culos--1024x576.jpg",1024,576,true],"1536x1536":["https:\/\/www.fourniresto.com\/blog\/wp-content\/uploads\/2018\/09\/Et-que-Dites-vous-de-Pommes-Farcies-au-Spe\u0301culos--1536x864.jpg",1536,864,true],"2048x2048":["https:\/\/www.fourniresto.com\/blog\/wp-content\/uploads\/2018\/09\/Et-que-Dites-vous-de-Pommes-Farcies-au-Spe\u0301culos--2048x1152.jpg",2048,1152,true],"ms_image_size_300":["https:\/\/www.fourniresto.com\/blog\/wp-content\/uploads\/2018\/09\/Et-que-Dites-vous-de-Pommes-Farcies-au-Spe\u0301culos--300x200.jpg",300,200,true],"post-thumbnail":["https:\/\/www.fourniresto.com\/blog\/wp-content\/uploads\/2018\/09\/Et-que-Dites-vous-de-Pommes-Farcies-au-Spe\u0301culos--370x208.jpg",370,208,true],"especio-thumb-huge":["https:\/\/www.fourniresto.com\/blog\/wp-content\/uploads\/2018\/09\/Et-que-Dites-vous-de-Pommes-Farcies-au-Spe\u0301culos--1170x658.jpg",1170,658,true],"especio-thumb-big":["https:\/\/www.fourniresto.com\/blog\/wp-content\/uploads\/2018\/09\/Et-que-Dites-vous-de-Pommes-Farcies-au-Spe\u0301culos--760x428.jpg",760,428,true],"especio-thumb-med":["https:\/\/www.fourniresto.com\/blog\/wp-content\/uploads\/2018\/09\/Et-que-Dites-vous-de-Pommes-Farcies-au-Spe\u0301culos--370x208.jpg",370,208,true],"especio-thumb-tiny":["https:\/\/www.fourniresto.com\/blog\/wp-content\/uploads\/2018\/09\/Et-que-Dites-vous-de-Pommes-Farcies-au-Spe\u0301culos--135x135.jpg",135,135,true],"especio-thumb-masonry-big":["https:\/\/www.fourniresto.com\/blog\/wp-content\/uploads\/2018\/09\/Et-que-Dites-vous-de-Pommes-Farcies-au-Spe\u0301culos--760x428.jpg",760,428,true],"especio-thumb-masonry":["https:\/\/www.fourniresto.com\/blog\/wp-content\/uploads\/2018\/09\/Et-que-Dites-vous-de-Pommes-Farcies-au-Spe\u0301culos--370x208.jpg",370,208,true],"especio-thumb-extra":["https:\/\/www.fourniresto.com\/blog\/wp-content\/uploads\/2018\/09\/Et-que-Dites-vous-de-Pommes-Farcies-au-Spe\u0301culos--570x498.jpg",570,498,true],"especio-thumb-square":["https:\/\/www.fourniresto.com\/blog\/wp-content\/uploads\/2018\/09\/Et-que-Dites-vous-de-Pommes-Farcies-au-Spe\u0301culos--270x258.jpg",270,258,true],"especio-thumb-plain":["https:\/\/www.fourniresto.com\/blog\/wp-content\/uploads\/2018\/09\/Et-que-Dites-vous-de-Pommes-Farcies-au-Spe\u0301culos--218x162.jpg",218,162,true],"especio-thumb-list":["https:\/\/www.fourniresto.com\/blog\/wp-content\/uploads\/2018\/09\/Et-que-Dites-vous-de-Pommes-Farcies-au-Spe\u0301culos--370x275.jpg",370,275,true],"trx_addons-thumb-small":["https:\/\/www.fourniresto.com\/blog\/wp-content\/uploads\/2018\/09\/Et-que-Dites-vous-de-Pommes-Farcies-au-Spe\u0301culos--270x152.jpg",270,152,true],"trx_addons-thumb-portrait":["https:\/\/www.fourniresto.com\/blog\/wp-content\/uploads\/2018\/09\/Et-que-Dites-vous-de-Pommes-Farcies-au-Spe\u0301culos--370x493.jpg",370,493,true],"trx_addons-thumb-avatar":["https:\/\/www.fourniresto.com\/blog\/wp-content\/uploads\/2018\/09\/Et-que-Dites-vous-de-Pommes-Farcies-au-Spe\u0301culos--370x370.jpg",370,370,true]},"uagb_author_info":{"display_name":"Admin","author_link":"https:\/\/www.fourniresto.com\/blog\/author\/admin\/"},"uagb_comment_info":0,"uagb_excerpt":"Qui a dit qu&#8217;\u00e0 la rentr\u00e9e il fallait se priver ? Faites vous plaisir avec des produits de saison, au go\u00fbt exquis et surtout healthy !&nbsp; Vous l&#8217;aurez bien compris,&hellip;","_links":{"self":[{"href":"https:\/\/www.fourniresto.com\/blog\/wp-json\/wp\/v2\/posts\/9276"}],"collection":[{"href":"https:\/\/www.fourniresto.com\/blog\/wp-json\/wp\/v2\/posts"}],"about":[{"href":"https:\/\/www.fourniresto.com\/blog\/wp-json\/wp\/v2\/types\/post"}],"author":[{"embeddable":true,"href":"https:\/\/www.fourniresto.com\/blog\/wp-json\/wp\/v2\/users\/1"}],"replies":[{"embeddable":true,"href":"https:\/\/www.fourniresto.com\/blog\/wp-json\/wp\/v2\/comments?post=9276"}],"version-history":[{"count":9,"href":"https:\/\/www.fourniresto.com\/blog\/wp-json\/wp\/v2\/posts\/9276\/revisions"}],"predecessor-version":[{"id":14569,"href":"https:\/\/www.fourniresto.com\/blog\/wp-json\/wp\/v2\/posts\/9276\/revisions\/14569"}],"wp:featuredmedia":[{"embeddable":true,"href":"https:\/\/www.fourniresto.com\/blog\/wp-json\/wp\/v2\/media\/15817"}],"wp:attachment":[{"href":"https:\/\/www.fourniresto.com\/blog\/wp-json\/wp\/v2\/media?parent=9276"}],"wp:term":[{"taxonomy":"category","embeddable":true,"href":"https:\/\/www.fourniresto.com\/blog\/wp-json\/wp\/v2\/categories?post=9276"},{"taxonomy":"post_tag","embeddable":true,"href":"https:\/\/www.fourniresto.com\/blog\/wp-json\/wp\/v2\/tags?post=9276"}],"curies":[{"name":"wp","href":"https:\/\/api.w.org\/{rel}","templated":true}]}}