{"id":6845,"date":"2017-12-14T14:52:17","date_gmt":"2017-12-14T13:52:17","guid":{"rendered":"https:\/\/www.fourniresto.com\/blog\/?p=6845"},"modified":"2022-03-14T12:08:45","modified_gmt":"2022-03-14T11:08:45","slug":"recette-une-buche-au-chocolat-et-a-la-poire","status":"publish","type":"post","link":"https:\/\/www.fourniresto.com\/blog\/recette-une-buche-au-chocolat-et-a-la-poire\/","title":{"rendered":"Recette : Une b\u00fbche au chocolat et \u00e0 la poire"},"content":{"rendered":"<p class=\"p1\" style=\"text-align: justify;\"><span class=\"s1\">Besoin d\u2019une recette de b\u00fbche pour No\u00ebl ? D\u00e9couvrez cette recette, test\u00e9e et approuv\u00e9e par l\u2019\u00e9quipe de FourniResto. <\/span><\/p>\n<p class=\"p1\" style=\"text-align: justify;\"><span class=\"s1\">Pour faire cette d\u00e9licieuse b\u00fbche de No\u00ebl au chocolat et \u00e0 la poire pour 4 personnes, vous allez avoir besoin de : <\/span><\/p>\n<ul style=\"text-align: justify;\">\n<li class=\"li1\"><span class=\"s1\">4 oeufs <\/span><\/li>\n<li class=\"li1\"><span class=\"s1\">57,5 g de sucre <\/span><\/li>\n<li class=\"li1\"><span class=\"s1\">60 g de farine <\/span><\/li>\n<li class=\"li1\"><span class=\"s1\">12,5 g d\u2019amandes effil\u00e9es <\/span><\/li>\n<li class=\"li1\"><span class=\"s1\">62,5 g de chocolat noir <\/span><\/li>\n<li class=\"li1\"><span class=\"s1\">5 cl de cr\u00e8me fra\u00eeche <\/span><\/li>\n<li class=\"li1\"><span class=\"s1\">1,5 poire moyenne <\/span><\/li>\n<\/ul>\n<p class=\"p1\" style=\"text-align: justify;\"><span class=\"s1\">Pour la couverture, vous allez avoir besoin de : <\/span><\/p>\n<ul style=\"text-align: justify;\">\n<li class=\"li1\"><span class=\"s1\">50 g de chocolat noir <\/span><\/li>\n<li class=\"li1\"><span class=\"s1\">4 cl de cr\u00e8me fraiche <\/span><\/li>\n<\/ul>\n<h3 class=\"p1\" style=\"text-align: center;\"><span class=\"s1\">A vos fourneaux ! <\/span><\/h3>\n<p class=\"p1\" style=\"text-align: justify;\"><span class=\"s1\"><strong><a href=\"https:\/\/www.fourniresto.com\/blog\/wp-content\/uploads\/2017\/12\/four_318-127851.jpg\" rel=\"attachment wp-att-6846\"><img loading=\"lazy\" class=\" wp-image-6846 alignleft\" src=\"https:\/\/www.fourniresto.com\/blog\/wp-content\/uploads\/2017\/12\/four_318-127851.jpg\" alt=\"four_318-127851\" width=\"48\" height=\"48\"><\/a>1 &#8211;<\/strong> Pr\u00e9chauffez votre <a href=\"https:\/\/www.fourniresto.com\/30-four\" target=\"_blank\" rel=\"noopener noreferrer\">four professionnel<\/a> \u00e0 180\u00b0C.<\/span><\/p>\n<p class=\"p1\" style=\"text-align: justify;\"><span class=\"s1\"><strong><a href=\"https:\/\/www.fourniresto.com\/blog\/wp-content\/uploads\/2017\/12\/oeuf_318-127958.jpg\" rel=\"attachment wp-att-6847\"><img loading=\"lazy\" class=\"wp-image-6847 alignleft\" src=\"https:\/\/www.fourniresto.com\/blog\/wp-content\/uploads\/2017\/12\/oeuf_318-127958.jpg\" alt=\"oeuf_318-127958\" width=\"48\" height=\"48\"><\/a>2 &#8211;<\/strong> On commence par la mousse au chocolat en s\u00e9parant les jaunes des blancs de <strong>deux oeufs<\/strong>. Montez ensuite les blancs en neige pendant au moins 5 minutes en ajoutant une pinc\u00e9e de sel.<\/span><\/p>\n<p class=\"p1\" style=\"text-align: justify;\"><span class=\"s1\"><strong><a href=\"https:\/\/www.fourniresto.com\/blog\/wp-content\/uploads\/2017\/12\/chocolat_318-120945.jpg\" rel=\"attachment wp-att-6848\"><img loading=\"lazy\" class=\"wp-image-6848 alignleft\" src=\"https:\/\/www.fourniresto.com\/blog\/wp-content\/uploads\/2017\/12\/chocolat_318-120945.jpg\" alt=\"chocolat_318-120945\" width=\"48\" height=\"48\"><\/a>3 &#8211;<\/strong> Cassez le <strong>chocolat<\/strong> en morceaux et faites le fondre au <a href=\"https:\/\/www.fourniresto.com\/35-four-micro-ondes\">micro-ondes<\/a>. <\/span><\/p>\n<p class=\"p1\" style=\"text-align: justify;\"><span class=\"s1\"><strong><a href=\"https:\/\/www.fourniresto.com\/blog\/wp-content\/uploads\/2017\/12\/ajouter_318-127986.jpg\" rel=\"attachment wp-att-6849\"><img loading=\"lazy\" class=\"wp-image-6849 alignleft\" src=\"https:\/\/www.fourniresto.com\/blog\/wp-content\/uploads\/2017\/12\/ajouter_318-127986.jpg\" alt=\"ajouter_318-127986\" width=\"48\" height=\"48\"><\/a>4 &#8211;<\/strong> Ajoutez les jaunes d\u2019oeufs \u00e0 votre chocolat, ainsi que la<strong> cr\u00e8me fra\u00eeche<\/strong> et m\u00e9langez jusqu\u2019\u00e0 obtenir une ganache onctueuse. <\/span><\/p>\n<p class=\"p1\" style=\"text-align: justify;\"><span class=\"s1\"><strong><a href=\"https:\/\/www.fourniresto.com\/blog\/wp-content\/uploads\/2017\/12\/frigo_318-138013.jpg\" rel=\"attachment wp-att-6850\"><img loading=\"lazy\" class=\"wp-image-6850 alignleft\" src=\"https:\/\/www.fourniresto.com\/blog\/wp-content\/uploads\/2017\/12\/frigo_318-138013.jpg\" alt=\"frigo_318-138013\" width=\"48\" height=\"48\"><\/a>5 &#8211;<\/strong> Pr\u00e9levez 1\/3 des blancs d\u2019oeufs et incorporez-les \u00e0 votre pr\u00e9paration chocolat\u00e9e. M\u00e9langez d\u00e9licatement et r\u00e9servez au frigo. <\/span><\/p>\n<p class=\"p1\" style=\"text-align: justify;\"><span class=\"s1\"><strong><a href=\"https:\/\/www.fourniresto.com\/blog\/wp-content\/uploads\/2017\/12\/plan-d-39-oeuf_318-60267.jpg\" rel=\"attachment wp-att-6851\"><img loading=\"lazy\" class=\"wp-image-6851 alignleft\" src=\"https:\/\/www.fourniresto.com\/blog\/wp-content\/uploads\/2017\/12\/plan-d-39-oeuf_318-60267-300x300.jpg\" alt=\"plan-d-39-oeuf_318-60267\" width=\"48\" height=\"48\" srcset=\"https:\/\/www.fourniresto.com\/blog\/wp-content\/uploads\/2017\/12\/plan-d-39-oeuf_318-60267-300x300.jpg 300w, https:\/\/www.fourniresto.com\/blog\/wp-content\/uploads\/2017\/12\/plan-d-39-oeuf_318-60267-150x150.jpg 150w, https:\/\/www.fourniresto.com\/blog\/wp-content\/uploads\/2017\/12\/plan-d-39-oeuf_318-60267-370x370.jpg 370w, https:\/\/www.fourniresto.com\/blog\/wp-content\/uploads\/2017\/12\/plan-d-39-oeuf_318-60267-135x135.jpg 135w, https:\/\/www.fourniresto.com\/blog\/wp-content\/uploads\/2017\/12\/plan-d-39-oeuf_318-60267.jpg 626w\" sizes=\"(max-width: 48px) 100vw, 48px\" \/><\/a>6 &#8211;<\/strong> Pour le biscuit, utilisez les 2 autres oeufs restants. S\u00e9parez les jaunes des blancs et montez les blancs en neige ferme avec une pinc\u00e9e de sel. <\/span><\/p>\n<p class=\"p1\" style=\"text-align: justify;\"><span class=\"s1\"><strong><a href=\"https:\/\/www.fourniresto.com\/blog\/wp-content\/uploads\/2017\/12\/spa-bol-a-melanger-les-ingredients-traitements_318-69537.jpg\" rel=\"attachment wp-att-6852\"><img loading=\"lazy\" class=\"wp-image-6852 alignleft\" src=\"https:\/\/www.fourniresto.com\/blog\/wp-content\/uploads\/2017\/12\/spa-bol-a-melanger-les-ingredients-traitements_318-69537.jpg\" alt=\"spa-bol-a-melanger-les-ingredients-traitements_318-69537\" width=\"48\" height=\"48\"><\/a>7 &#8211;<\/strong> Blanchissez les jaunes avec du <strong>sucre<\/strong> et ajoutez de la<strong> farine<\/strong> jusqu\u2019\u00e0 obtenir une p\u00e2te compacte. <\/span><\/p>\n<p class=\"p1\" style=\"text-align: justify;\"><span class=\"s1\"><strong><a href=\"https:\/\/www.fourniresto.com\/blog\/wp-content\/uploads\/2017\/12\/jordanie-amandes_318-117138.jpg\" rel=\"attachment wp-att-6853\"><img loading=\"lazy\" class=\"wp-image-6853 alignleft\" src=\"https:\/\/www.fourniresto.com\/blog\/wp-content\/uploads\/2017\/12\/jordanie-amandes_318-117138.jpg\" alt=\"jordanie-amandes_318-117138\" width=\"49\" height=\"49\"><\/a>8 &#8211;<\/strong> Par petites quantit\u00e9s, ajoutez les blancs d\u2019oeufs et remuez en ajoutant au fur et \u00e0 mesure les <strong>amandes<\/strong>. <\/span><\/p>\n<p class=\"p1\" style=\"text-align: justify;\"><span class=\"s1\"><strong><a href=\"https:\/\/www.fourniresto.com\/blog\/wp-content\/uploads\/2017\/12\/poire_318-78736.jpg\" rel=\"attachment wp-att-6854\"><img loading=\"lazy\" class=\"wp-image-6854 alignleft\" src=\"https:\/\/www.fourniresto.com\/blog\/wp-content\/uploads\/2017\/12\/poire_318-78736.jpg\" alt=\"poire_318-78736\" width=\"48\" height=\"48\"><\/a>9 &#8211;<\/strong> Pelez les <strong>poires<\/strong>, coupez les en fines lamelles ou en petits d\u00e9s comme vous le souhaitez et m\u00e9langez les \u00e0 votre mousse au chocolat. <\/span><\/p>\n<p class=\"p1\" style=\"text-align: justify;\"><span class=\"s1\"><strong>1<a href=\"https:\/\/www.fourniresto.com\/blog\/wp-content\/uploads\/2017\/12\/gaspacho_318-131833.jpg\" rel=\"attachment wp-att-6855\"><img loading=\"lazy\" class=\" wp-image-6855 alignleft\" src=\"https:\/\/www.fourniresto.com\/blog\/wp-content\/uploads\/2017\/12\/gaspacho_318-131833.jpg\" alt=\"gaspacho_318-131833\" width=\"48\" height=\"48\"><\/a>0 &#8211;<\/strong> A l\u2019int\u00e9rieur de votre <a href=\"https:\/\/www.fourniresto.com\/850-moule-a-patisserie\" target=\"_blank\" rel=\"noopener noreferrer\">goutti\u00e8re \u00e0 b\u00fbche<\/a>, ajoutez une <strong>couche de biscuit<\/strong>, puis une<strong> couche de mousse au chocolat<\/strong>. R\u00e9p\u00e9tez l\u2019action jusqu\u2019\u00e0 remplir le moule \u00e0 b\u00fbche. <\/span><\/p>\n<p class=\"p1\" style=\"text-align: justify;\"><span class=\"s1\"><strong><a href=\"https:\/\/www.fourniresto.com\/blog\/wp-content\/uploads\/2017\/12\/four_318-127741.jpg\" rel=\"attachment wp-att-6856\"><img loading=\"lazy\" class=\"wp-image-6856 alignleft\" src=\"https:\/\/www.fourniresto.com\/blog\/wp-content\/uploads\/2017\/12\/four_318-127741.jpg\" alt=\"four_318-127741\" width=\"48\" height=\"48\"><\/a>11 &#8211;<\/strong> Enfournez au four pendant <strong>15 minutes<\/strong> ou plus jusqu\u2019\u00e0 ce que le biscuit soit correctement cuit. <\/span><\/p>\n<p class=\"p1\" style=\"text-align: justify;\"><span class=\"s1\"><strong><a href=\"https:\/\/www.fourniresto.com\/blog\/wp-content\/uploads\/2017\/12\/chocolat-tablette-avec-bite_318-97702.jpg\" rel=\"attachment wp-att-6857\"><img loading=\"lazy\" class=\"wp-image-6857 alignleft\" src=\"https:\/\/www.fourniresto.com\/blog\/wp-content\/uploads\/2017\/12\/chocolat-tablette-avec-bite_318-97702.jpg\" alt=\"chocolat-tablette-avec-bite_318-97702\" width=\"48\" height=\"48\"><\/a>12 &#8211;<\/strong> Pour le gla\u00e7age de votre b\u00fbche au chocolat et \u00e0 la poire, faite fondre du <strong>chocolat<\/strong> avec de la<strong> cr\u00e8me liquide<\/strong>. Laissez refroidir \u00e0 temp\u00e9rature ambiante. <\/span><\/p>\n<p class=\"p1\" style=\"text-align: justify;\"><span class=\"s1\"><strong><a href=\"https:\/\/www.fourniresto.com\/blog\/wp-content\/uploads\/2017\/12\/10559688.png\" rel=\"attachment wp-att-6858\"><img loading=\"lazy\" class=\"wp-image-6858 alignleft\" src=\"https:\/\/www.fourniresto.com\/blog\/wp-content\/uploads\/2017\/12\/10559688-300x300.png\" alt=\"10559688\" width=\"53\" height=\"53\" srcset=\"https:\/\/www.fourniresto.com\/blog\/wp-content\/uploads\/2017\/12\/10559688-300x300.png 300w, https:\/\/www.fourniresto.com\/blog\/wp-content\/uploads\/2017\/12\/10559688-150x150.png 150w, https:\/\/www.fourniresto.com\/blog\/wp-content\/uploads\/2017\/12\/10559688-370x370.png 370w, https:\/\/www.fourniresto.com\/blog\/wp-content\/uploads\/2017\/12\/10559688-135x135.png 135w, https:\/\/www.fourniresto.com\/blog\/wp-content\/uploads\/2017\/12\/10559688.png 595w\" sizes=\"(max-width: 53px) 100vw, 53px\" \/><\/a><\/strong><\/span><strong>13 &#8211;<\/strong> Glacez&nbsp;et d\u00e9corez votre b\u00fbche de No\u00ebl. Laissez-la au frigo jusqu\u2019au moment de servir.<\/p>\n<h3 class=\"p1\" style=\"text-align: center;\">Bonne d\u00e9gustation !<\/h3>\n","protected":false},"excerpt":{"rendered":"<p>Besoin d\u2019une recette de b\u00fbche pour No\u00ebl ? D\u00e9couvrez cette recette, test\u00e9e et approuv\u00e9e par l\u2019\u00e9quipe de FourniResto. Pour faire cette d\u00e9licieuse b\u00fbche de No\u00ebl au chocolat et \u00e0 la&hellip;<\/p>\n","protected":false},"author":4,"featured_media":15821,"comment_status":"closed","ping_status":"closed","sticky":false,"template":"","format":"standard","meta":{"content-type":"","_uag_custom_page_level_css":""},"categories":[920],"tags":[759,792,693,97,764],"yoast_head":"<!-- This site is optimized with the Yoast SEO plugin v19.13 - https:\/\/yoast.com\/wordpress\/plugins\/seo\/ -->\n<title>Recette : Une b\u00fbche au chocolat et \u00e0 la poire - Le Blog FourniResto<\/title>\n<meta name=\"robots\" content=\"index, follow, max-snippet:-1, max-image-preview:large, max-video-preview:-1\" \/>\n<link rel=\"canonical\" href=\"https:\/\/www.fourniresto.com\/blog\/recette-une-buche-au-chocolat-et-a-la-poire\/\" \/>\n<meta property=\"og:locale\" content=\"fr_FR\" \/>\n<meta property=\"og:type\" content=\"article\" \/>\n<meta property=\"og:title\" content=\"Recette : Une b\u00fbche au chocolat et \u00e0 la poire - Le Blog FourniResto\" \/>\n<meta property=\"og:description\" content=\"Besoin d\u2019une recette de b\u00fbche pour No\u00ebl ? D\u00e9couvrez cette recette, test\u00e9e et approuv\u00e9e par l\u2019\u00e9quipe de FourniResto. Pour faire cette d\u00e9licieuse b\u00fbche de No\u00ebl au chocolat et \u00e0 la&hellip;\" \/>\n<meta property=\"og:url\" content=\"https:\/\/www.fourniresto.com\/blog\/recette-une-buche-au-chocolat-et-a-la-poire\/\" \/>\n<meta property=\"og:site_name\" content=\"Le Blog FourniResto\" \/>\n<meta property=\"article:published_time\" content=\"2017-12-14T13:52:17+00:00\" \/>\n<meta property=\"article:modified_time\" content=\"2022-03-14T11:08:45+00:00\" \/>\n<meta property=\"og:image\" content=\"https:\/\/www.fourniresto.com\/blog\/wp-content\/uploads\/2017\/12\/Recette-Une-bu\u0302che-au-chocolat-et-a\u0300-la-poire.jpg\" \/>\n\t<meta property=\"og:image:width\" content=\"2240\" \/>\n\t<meta property=\"og:image:height\" content=\"1260\" \/>\n\t<meta property=\"og:image:type\" content=\"image\/jpeg\" \/>\n<meta name=\"author\" content=\"Rowana C\" \/>\n<meta name=\"twitter:card\" content=\"summary_large_image\" \/>\n<meta name=\"twitter:label1\" content=\"\u00c9crit par\" \/>\n\t<meta name=\"twitter:data1\" content=\"Rowana C\" \/>\n\t<meta name=\"twitter:label2\" content=\"Dur\u00e9e de lecture estim\u00e9e\" \/>\n\t<meta name=\"twitter:data2\" content=\"2 minutes\" \/>\n<script type=\"application\/ld+json\" class=\"yoast-schema-graph\">{\"@context\":\"https:\/\/schema.org\",\"@graph\":[{\"@type\":\"WebPage\",\"@id\":\"https:\/\/www.fourniresto.com\/blog\/recette-une-buche-au-chocolat-et-a-la-poire\/\",\"url\":\"https:\/\/www.fourniresto.com\/blog\/recette-une-buche-au-chocolat-et-a-la-poire\/\",\"name\":\"Recette : Une b\u00fbche au chocolat et \u00e0 la poire - Le Blog FourniResto\",\"isPartOf\":{\"@id\":\"https:\/\/www.fourniresto.com\/blog\/#website\"},\"datePublished\":\"2017-12-14T13:52:17+00:00\",\"dateModified\":\"2022-03-14T11:08:45+00:00\",\"author\":{\"@id\":\"https:\/\/www.fourniresto.com\/blog\/#\/schema\/person\/00cd49bdc40fad977628b1bc176a4718\"},\"breadcrumb\":{\"@id\":\"https:\/\/www.fourniresto.com\/blog\/recette-une-buche-au-chocolat-et-a-la-poire\/#breadcrumb\"},\"inLanguage\":\"fr-FR\",\"potentialAction\":[{\"@type\":\"ReadAction\",\"target\":[\"https:\/\/www.fourniresto.com\/blog\/recette-une-buche-au-chocolat-et-a-la-poire\/\"]}]},{\"@type\":\"BreadcrumbList\",\"@id\":\"https:\/\/www.fourniresto.com\/blog\/recette-une-buche-au-chocolat-et-a-la-poire\/#breadcrumb\",\"itemListElement\":[{\"@type\":\"ListItem\",\"position\":1,\"name\":\"Accueil\",\"item\":\"https:\/\/www.fourniresto.com\/blog\/\"},{\"@type\":\"ListItem\",\"position\":2,\"name\":\"Recette : Une b\u00fbche au chocolat et \u00e0 la poire\"}]},{\"@type\":\"WebSite\",\"@id\":\"https:\/\/www.fourniresto.com\/blog\/#website\",\"url\":\"https:\/\/www.fourniresto.com\/blog\/\",\"name\":\"Le Blog FourniResto\",\"description\":\"Conseils et actualit\u00e9s sur la Restauration Professionnelle\",\"potentialAction\":[{\"@type\":\"SearchAction\",\"target\":{\"@type\":\"EntryPoint\",\"urlTemplate\":\"https:\/\/www.fourniresto.com\/blog\/?s={search_term_string}\"},\"query-input\":\"required name=search_term_string\"}],\"inLanguage\":\"fr-FR\"},{\"@type\":\"Person\",\"@id\":\"https:\/\/www.fourniresto.com\/blog\/#\/schema\/person\/00cd49bdc40fad977628b1bc176a4718\",\"name\":\"Rowana C\"}]}<\/script>\n<!-- \/ Yoast SEO plugin. -->","yoast_head_json":{"title":"Recette : Une b\u00fbche au chocolat et \u00e0 la poire - Le Blog FourniResto","robots":{"index":"index","follow":"follow","max-snippet":"max-snippet:-1","max-image-preview":"max-image-preview:large","max-video-preview":"max-video-preview:-1"},"canonical":"https:\/\/www.fourniresto.com\/blog\/recette-une-buche-au-chocolat-et-a-la-poire\/","og_locale":"fr_FR","og_type":"article","og_title":"Recette : Une b\u00fbche au chocolat et \u00e0 la poire - Le Blog FourniResto","og_description":"Besoin d\u2019une recette de b\u00fbche pour No\u00ebl ? D\u00e9couvrez cette recette, test\u00e9e et approuv\u00e9e par l\u2019\u00e9quipe de FourniResto. Pour faire cette d\u00e9licieuse b\u00fbche de No\u00ebl au chocolat et \u00e0 la&hellip;","og_url":"https:\/\/www.fourniresto.com\/blog\/recette-une-buche-au-chocolat-et-a-la-poire\/","og_site_name":"Le Blog FourniResto","article_published_time":"2017-12-14T13:52:17+00:00","article_modified_time":"2022-03-14T11:08:45+00:00","og_image":[{"width":2240,"height":1260,"url":"https:\/\/www.fourniresto.com\/blog\/wp-content\/uploads\/2017\/12\/Recette-Une-bu\u0302che-au-chocolat-et-a\u0300-la-poire.jpg","type":"image\/jpeg"}],"author":"Rowana C","twitter_card":"summary_large_image","twitter_misc":{"\u00c9crit par":"Rowana C","Dur\u00e9e de lecture estim\u00e9e":"2 minutes"},"schema":{"@context":"https:\/\/schema.org","@graph":[{"@type":"WebPage","@id":"https:\/\/www.fourniresto.com\/blog\/recette-une-buche-au-chocolat-et-a-la-poire\/","url":"https:\/\/www.fourniresto.com\/blog\/recette-une-buche-au-chocolat-et-a-la-poire\/","name":"Recette : Une b\u00fbche au chocolat et \u00e0 la poire - Le Blog FourniResto","isPartOf":{"@id":"https:\/\/www.fourniresto.com\/blog\/#website"},"datePublished":"2017-12-14T13:52:17+00:00","dateModified":"2022-03-14T11:08:45+00:00","author":{"@id":"https:\/\/www.fourniresto.com\/blog\/#\/schema\/person\/00cd49bdc40fad977628b1bc176a4718"},"breadcrumb":{"@id":"https:\/\/www.fourniresto.com\/blog\/recette-une-buche-au-chocolat-et-a-la-poire\/#breadcrumb"},"inLanguage":"fr-FR","potentialAction":[{"@type":"ReadAction","target":["https:\/\/www.fourniresto.com\/blog\/recette-une-buche-au-chocolat-et-a-la-poire\/"]}]},{"@type":"BreadcrumbList","@id":"https:\/\/www.fourniresto.com\/blog\/recette-une-buche-au-chocolat-et-a-la-poire\/#breadcrumb","itemListElement":[{"@type":"ListItem","position":1,"name":"Accueil","item":"https:\/\/www.fourniresto.com\/blog\/"},{"@type":"ListItem","position":2,"name":"Recette : Une b\u00fbche au chocolat et \u00e0 la poire"}]},{"@type":"WebSite","@id":"https:\/\/www.fourniresto.com\/blog\/#website","url":"https:\/\/www.fourniresto.com\/blog\/","name":"Le Blog FourniResto","description":"Conseils et actualit\u00e9s sur la Restauration Professionnelle","potentialAction":[{"@type":"SearchAction","target":{"@type":"EntryPoint","urlTemplate":"https:\/\/www.fourniresto.com\/blog\/?s={search_term_string}"},"query-input":"required name=search_term_string"}],"inLanguage":"fr-FR"},{"@type":"Person","@id":"https:\/\/www.fourniresto.com\/blog\/#\/schema\/person\/00cd49bdc40fad977628b1bc176a4718","name":"Rowana C"}]}},"uagb_featured_image_src":{"full":["https:\/\/www.fourniresto.com\/blog\/wp-content\/uploads\/2017\/12\/Recette-Une-bu\u0302che-au-chocolat-et-a\u0300-la-poire.jpg",2240,1260,false],"thumbnail":["https:\/\/www.fourniresto.com\/blog\/wp-content\/uploads\/2017\/12\/Recette-Une-bu\u0302che-au-chocolat-et-a\u0300-la-poire-150x150.jpg",150,150,true],"medium":["https:\/\/www.fourniresto.com\/blog\/wp-content\/uploads\/2017\/12\/Recette-Une-bu\u0302che-au-chocolat-et-a\u0300-la-poire-300x169.jpg",300,169,true],"medium_large":["https:\/\/www.fourniresto.com\/blog\/wp-content\/uploads\/2017\/12\/Recette-Une-bu\u0302che-au-chocolat-et-a\u0300-la-poire.jpg",768,432,false],"large":["https:\/\/www.fourniresto.com\/blog\/wp-content\/uploads\/2017\/12\/Recette-Une-bu\u0302che-au-chocolat-et-a\u0300-la-poire-1024x576.jpg",1024,576,true],"1536x1536":["https:\/\/www.fourniresto.com\/blog\/wp-content\/uploads\/2017\/12\/Recette-Une-bu\u0302che-au-chocolat-et-a\u0300-la-poire-1536x864.jpg",1536,864,true],"2048x2048":["https:\/\/www.fourniresto.com\/blog\/wp-content\/uploads\/2017\/12\/Recette-Une-bu\u0302che-au-chocolat-et-a\u0300-la-poire-2048x1152.jpg",2048,1152,true],"ms_image_size_300":["https:\/\/www.fourniresto.com\/blog\/wp-content\/uploads\/2017\/12\/Recette-Une-bu\u0302che-au-chocolat-et-a\u0300-la-poire-300x200.jpg",300,200,true],"post-thumbnail":["https:\/\/www.fourniresto.com\/blog\/wp-content\/uploads\/2017\/12\/Recette-Une-bu\u0302che-au-chocolat-et-a\u0300-la-poire-370x208.jpg",370,208,true],"especio-thumb-huge":["https:\/\/www.fourniresto.com\/blog\/wp-content\/uploads\/2017\/12\/Recette-Une-bu\u0302che-au-chocolat-et-a\u0300-la-poire-1170x658.jpg",1170,658,true],"especio-thumb-big":["https:\/\/www.fourniresto.com\/blog\/wp-content\/uploads\/2017\/12\/Recette-Une-bu\u0302che-au-chocolat-et-a\u0300-la-poire-760x428.jpg",760,428,true],"especio-thumb-med":["https:\/\/www.fourniresto.com\/blog\/wp-content\/uploads\/2017\/12\/Recette-Une-bu\u0302che-au-chocolat-et-a\u0300-la-poire-370x208.jpg",370,208,true],"especio-thumb-tiny":["https:\/\/www.fourniresto.com\/blog\/wp-content\/uploads\/2017\/12\/Recette-Une-bu\u0302che-au-chocolat-et-a\u0300-la-poire-135x135.jpg",135,135,true],"especio-thumb-masonry-big":["https:\/\/www.fourniresto.com\/blog\/wp-content\/uploads\/2017\/12\/Recette-Une-bu\u0302che-au-chocolat-et-a\u0300-la-poire-760x428.jpg",760,428,true],"especio-thumb-masonry":["https:\/\/www.fourniresto.com\/blog\/wp-content\/uploads\/2017\/12\/Recette-Une-bu\u0302che-au-chocolat-et-a\u0300-la-poire-370x208.jpg",370,208,true],"especio-thumb-extra":["https:\/\/www.fourniresto.com\/blog\/wp-content\/uploads\/2017\/12\/Recette-Une-bu\u0302che-au-chocolat-et-a\u0300-la-poire-570x498.jpg",570,498,true],"especio-thumb-square":["https:\/\/www.fourniresto.com\/blog\/wp-content\/uploads\/2017\/12\/Recette-Une-bu\u0302che-au-chocolat-et-a\u0300-la-poire-270x258.jpg",270,258,true],"especio-thumb-plain":["https:\/\/www.fourniresto.com\/blog\/wp-content\/uploads\/2017\/12\/Recette-Une-bu\u0302che-au-chocolat-et-a\u0300-la-poire-218x162.jpg",218,162,true],"especio-thumb-list":["https:\/\/www.fourniresto.com\/blog\/wp-content\/uploads\/2017\/12\/Recette-Une-bu\u0302che-au-chocolat-et-a\u0300-la-poire-370x275.jpg",370,275,true],"trx_addons-thumb-small":["https:\/\/www.fourniresto.com\/blog\/wp-content\/uploads\/2017\/12\/Recette-Une-bu\u0302che-au-chocolat-et-a\u0300-la-poire-270x152.jpg",270,152,true],"trx_addons-thumb-portrait":["https:\/\/www.fourniresto.com\/blog\/wp-content\/uploads\/2017\/12\/Recette-Une-bu\u0302che-au-chocolat-et-a\u0300-la-poire-370x493.jpg",370,493,true],"trx_addons-thumb-avatar":["https:\/\/www.fourniresto.com\/blog\/wp-content\/uploads\/2017\/12\/Recette-Une-bu\u0302che-au-chocolat-et-a\u0300-la-poire-370x370.jpg",370,370,true]},"uagb_author_info":{"display_name":"Rowana C","author_link":"https:\/\/www.fourniresto.com\/blog\/author\/rowana\/"},"uagb_comment_info":0,"uagb_excerpt":"Besoin d\u2019une recette de b\u00fbche pour No\u00ebl ? D\u00e9couvrez cette recette, test\u00e9e et approuv\u00e9e par l\u2019\u00e9quipe de FourniResto. Pour faire cette d\u00e9licieuse b\u00fbche de No\u00ebl au chocolat et \u00e0 la&hellip;","_links":{"self":[{"href":"https:\/\/www.fourniresto.com\/blog\/wp-json\/wp\/v2\/posts\/6845"}],"collection":[{"href":"https:\/\/www.fourniresto.com\/blog\/wp-json\/wp\/v2\/posts"}],"about":[{"href":"https:\/\/www.fourniresto.com\/blog\/wp-json\/wp\/v2\/types\/post"}],"author":[{"embeddable":true,"href":"https:\/\/www.fourniresto.com\/blog\/wp-json\/wp\/v2\/users\/4"}],"replies":[{"embeddable":true,"href":"https:\/\/www.fourniresto.com\/blog\/wp-json\/wp\/v2\/comments?post=6845"}],"version-history":[{"count":5,"href":"https:\/\/www.fourniresto.com\/blog\/wp-json\/wp\/v2\/posts\/6845\/revisions"}],"predecessor-version":[{"id":14696,"href":"https:\/\/www.fourniresto.com\/blog\/wp-json\/wp\/v2\/posts\/6845\/revisions\/14696"}],"wp:featuredmedia":[{"embeddable":true,"href":"https:\/\/www.fourniresto.com\/blog\/wp-json\/wp\/v2\/media\/15821"}],"wp:attachment":[{"href":"https:\/\/www.fourniresto.com\/blog\/wp-json\/wp\/v2\/media?parent=6845"}],"wp:term":[{"taxonomy":"category","embeddable":true,"href":"https:\/\/www.fourniresto.com\/blog\/wp-json\/wp\/v2\/categories?post=6845"},{"taxonomy":"post_tag","embeddable":true,"href":"https:\/\/www.fourniresto.com\/blog\/wp-json\/wp\/v2\/tags?post=6845"}],"curies":[{"name":"wp","href":"https:\/\/api.w.org\/{rel}","templated":true}]}}