{"id":6313,"date":"2017-10-02T11:00:49","date_gmt":"2017-10-02T09:00:49","guid":{"rendered":"https:\/\/www.fourniresto.com\/blog\/?p=6313"},"modified":"2022-03-07T16:43:41","modified_gmt":"2022-03-07T15:43:41","slug":"cuisiner-vegan-avec-du-materiel-professionnel","status":"publish","type":"post","link":"https:\/\/www.fourniresto.com\/blog\/cuisiner-vegan-avec-du-materiel-professionnel\/","title":{"rendered":"Cuisiner vegan avec du mat\u00e9riel professionnel"},"content":{"rendered":"<p class=\"p1\" style=\"text-align: justify;\"><span class=\"s1\">Envie de proposer des repas vegan dans votre \u00e9tablissement ? Pourquoi pas&#8230; Cette nouvelle tendance culinaire pourrait vous permettre d\u2019\u00e9largir votre client\u00e8le et d\u2019avoir une carte plus vari\u00e9e. Mais pour se faire, la cuisine vegan n\u00e9cessite un mat\u00e9riel de pro. <\/span><\/p>\n<h3 class=\"p1\" style=\"text-align: justify;\"><span class=\"s1\">Pour les l\u00e9gumes <\/span><\/h3>\n<p class=\"p1\" style=\"text-align: justify;\"><span class=\"s1\"><a href=\"https:\/\/www.fourniresto.com\/blog\/wp-content\/uploads\/2017\/10\/cuiseur-vapeur-chef-combi-cooker.png\" rel=\"attachment wp-att-6317\"><img loading=\"lazy\" class=\" wp-image-6317 alignright\" src=\"https:\/\/www.fourniresto.com\/blog\/wp-content\/uploads\/2017\/10\/cuiseur-vapeur-chef-combi-cooker-300x300.png\" alt=\"cuiseur-vapeur-chef-combi-cooker\" width=\"191\" height=\"191\" srcset=\"https:\/\/www.fourniresto.com\/blog\/wp-content\/uploads\/2017\/10\/cuiseur-vapeur-chef-combi-cooker-300x300.png 300w, https:\/\/www.fourniresto.com\/blog\/wp-content\/uploads\/2017\/10\/cuiseur-vapeur-chef-combi-cooker-150x150.png 150w, https:\/\/www.fourniresto.com\/blog\/wp-content\/uploads\/2017\/10\/cuiseur-vapeur-chef-combi-cooker-370x370.png 370w, https:\/\/www.fourniresto.com\/blog\/wp-content\/uploads\/2017\/10\/cuiseur-vapeur-chef-combi-cooker-135x135.png 135w, https:\/\/www.fourniresto.com\/blog\/wp-content\/uploads\/2017\/10\/cuiseur-vapeur-chef-combi-cooker.png 471w\" sizes=\"(max-width: 191px) 100vw, 191px\" \/><\/a>Cuir les l\u00e9gumes \u00e0 la vapeur est un excellent moyen de savourer des l\u00e9gumes tout en pr\u00e9servant leur nutriments. En cuisine professionnelle, un <a href=\"https:\/\/www.fourniresto.com\/127-cuiseur-vapeur-professionnel\" target=\"_blank\" rel=\"noopener\">cuiseur \u00e0 vapeur professionnel <\/a>sera un vrai atout. Cet appareil va vous permettre de cuire vos l\u00e9gumes mais aussi de remettre en temp\u00e9rature des produits congel\u00e9s ou surgel\u00e9s. Il dispose d\u2019un syst\u00e8me de chauffe \u00e0 la vapeur qui se r\u00e9pand de fa\u00e7on<strong> uniforme<\/strong> et <strong>homog\u00e8ne<\/strong> sur tous les aliments \u00e0 chauffer. Pour confectionner des repas vegan avec des l\u00e9gumes, un four vapeur vous donnera la possibilit\u00e9 de les pr\u00e9parer en quelques minutes seulement. <\/span><\/p>\n<p class=\"p1\" style=\"text-align: justify;\"><span class=\"s1\">Envie de proposer des soupes et des velout\u00e9s pendant l\u2019hiver ? Optez pour un <a href=\"https:\/\/www.fourniresto.com\/275-moulin-a-legumes\" target=\"_blank\" rel=\"noopener\">moulin \u00e0 l\u00e9gumes<\/a>. Un moulin \u00e0 l\u00e9gumes professionnel va transformer vos l\u00e9gumes et vous pourrez proposer des soupes, pur\u00e9es aux l\u00e9gumes dans vos plats vegan. Un moulin \u00e0 l\u00e9gumes est tr\u00e8s facile d\u2019utilisation : une fois les l\u00e9gumes \u00e0 l\u2019int\u00e9rieur, il suffit de tourner manuellement la manivelle et de voir le disque r\u00e9duire vos l\u00e9gumes. L\u2019avantage d\u2019un moulin \u00e0 l\u00e9gumes est qu\u2019on peut changer les <strong>disques<\/strong> et avoir des formes diff\u00e9rentes. Vous pouvez aussi l\u2019utiliser pour travailler vos fruits et proposer des compotes faites maison. <\/span><\/p>\n<p class=\"p1\" style=\"text-align: justify;\"><span class=\"s1\"><a href=\"https:\/\/www.fourniresto.com\/blog\/wp-content\/uploads\/2017\/10\/deshydrateur-5-plateaux-snackmaker-1.png\" rel=\"attachment wp-att-6319\"><img loading=\"lazy\" class=\"wp-image-6319 alignleft\" src=\"https:\/\/www.fourniresto.com\/blog\/wp-content\/uploads\/2017\/10\/deshydrateur-5-plateaux-snackmaker-1-300x300.png\" alt=\"deshydrateur-5-plateaux-snackmaker\" width=\"135\" height=\"135\" srcset=\"https:\/\/www.fourniresto.com\/blog\/wp-content\/uploads\/2017\/10\/deshydrateur-5-plateaux-snackmaker-1-300x300.png 300w, https:\/\/www.fourniresto.com\/blog\/wp-content\/uploads\/2017\/10\/deshydrateur-5-plateaux-snackmaker-1-150x150.png 150w, https:\/\/www.fourniresto.com\/blog\/wp-content\/uploads\/2017\/10\/deshydrateur-5-plateaux-snackmaker-1-370x370.png 370w, https:\/\/www.fourniresto.com\/blog\/wp-content\/uploads\/2017\/10\/deshydrateur-5-plateaux-snackmaker-1-135x135.png 135w, https:\/\/www.fourniresto.com\/blog\/wp-content\/uploads\/2017\/10\/deshydrateur-5-plateaux-snackmaker-1.png 471w\" sizes=\"(max-width: 135px) 100vw, 135px\" \/><\/a>Un <a href=\"https:\/\/www.fourniresto.com\/276-deshydrateur\" target=\"_blank\" rel=\"noopener\">deshydrateur professionnel<\/a> va, comme son nom l\u2019indique, d\u00e9shydrater vos l\u00e9gumes et vos fruits, c\u2019est-\u00e0-dire retirer l\u2019eau qu\u2019ils contiennent. Cet appareil va chauffer et faire circuler de l\u2019air chaud pour permettre l\u2019\u00e9vaporation. On utilise un deshydrateur fruits et l\u00e9gumes pour augmenter la dur\u00e9e de conservation d\u2019un fruit ou d\u2019un l\u00e9gume et\/ou pour les s\u00e9cher et pour avoir des aliments&nbsp;de diff\u00e9rentes saveurs et textures \u00e0 proposer dans un plat.<\/span><\/p>\n<p class=\"p1\" style=\"text-align: justify;\">Sur notre catalogue en ligne, vous trouverez tout le <a href=\"https:\/\/www.fourniresto.com\/415-travail-des-legumes\" target=\"_blank\" rel=\"noopener\">mat\u00e9riel<\/a> n\u00e9cessaire pour travailler les l\u00e9gumes dans le milieu professionnel.<\/p>\n<h3 class=\"p1\" style=\"text-align: justify;\"><span class=\"s1\">Pour des jus <\/span><\/h3>\n<p class=\"p1\" style=\"text-align: justify;\"><span class=\"s1\">Les jus de fruits healthy et de l\u00e9gumes sont&nbsp;au coeur de la tendance. <a href=\"https:\/\/www.fourniresto.com\/blog\/wp-content\/uploads\/2017\/10\/smoothies-2253423_960_720.jpg\" rel=\"attachment wp-att-6315\"><img loading=\"lazy\" class=\"size-medium wp-image-6315 alignright\" src=\"https:\/\/www.fourniresto.com\/blog\/wp-content\/uploads\/2017\/10\/smoothies-2253423_960_720-300x168.jpg\" alt=\"smoothies-2253423_960_720\" width=\"300\" height=\"168\" srcset=\"https:\/\/www.fourniresto.com\/blog\/wp-content\/uploads\/2017\/10\/smoothies-2253423_960_720-300x168.jpg 300w, https:\/\/www.fourniresto.com\/blog\/wp-content\/uploads\/2017\/10\/smoothies-2253423_960_720-370x208.jpg 370w, https:\/\/www.fourniresto.com\/blog\/wp-content\/uploads\/2017\/10\/smoothies-2253423_960_720-760x427.jpg 760w, https:\/\/www.fourniresto.com\/blog\/wp-content\/uploads\/2017\/10\/smoothies-2253423_960_720-270x152.jpg 270w, https:\/\/www.fourniresto.com\/blog\/wp-content\/uploads\/2017\/10\/smoothies-2253423_960_720.jpg 960w\" sizes=\"(max-width: 300px) 100vw, 300px\" \/><\/a>Tout est permis : le m\u00e9lange des saveurs, les l\u00e9gumes verts en jus\u2026 Avec un blender professionnel, \u00e0 vous les jus vitamin\u00e9s, vegan et healthy. Un mixeur professionnel est un ustensile indispensable dans un restaurant traditionnelle, un restaurant d&#8217;h\u00f4tel, un bar \u00e0 jus, une brasserie, un caf\u00e9&#8230; Cet appareil est particuli\u00e8rement puissant. Il est con\u00e7u pour une utilisation professionnelle et intensive. En quelques minutes, vous pourrez confectionner des jus mais aussi des smoothies avec du lait de soja ou de coco. <\/span><\/p>\n","protected":false},"excerpt":{"rendered":"<p>Envie de proposer des repas vegan dans votre \u00e9tablissement ? Pourquoi pas&#8230; Cette nouvelle tendance culinaire pourrait vous permettre d\u2019\u00e9largir votre client\u00e8le et d\u2019avoir une carte plus vari\u00e9e. Mais pour&hellip;<\/p>\n","protected":false},"author":4,"featured_media":15304,"comment_status":"closed","ping_status":"closed","sticky":false,"template":"","format":"standard","meta":{"content-type":"","_uag_custom_page_level_css":""},"categories":[911],"tags":[211,614,331,140,600,657],"yoast_head":"<!-- This site is optimized with the Yoast SEO plugin v19.13 - https:\/\/yoast.com\/wordpress\/plugins\/seo\/ -->\n<title>Cuisiner vegan avec du mat\u00e9riel professionnel - Le Blog FourniResto<\/title>\n<meta name=\"robots\" content=\"index, follow, max-snippet:-1, max-image-preview:large, max-video-preview:-1\" \/>\n<link rel=\"canonical\" href=\"https:\/\/www.fourniresto.com\/blog\/cuisiner-vegan-avec-du-materiel-professionnel\/\" \/>\n<meta property=\"og:locale\" content=\"fr_FR\" \/>\n<meta property=\"og:type\" content=\"article\" \/>\n<meta property=\"og:title\" content=\"Cuisiner vegan avec du mat\u00e9riel professionnel - Le Blog FourniResto\" \/>\n<meta property=\"og:description\" content=\"Envie de proposer des repas vegan dans votre \u00e9tablissement ? Pourquoi pas&#8230; Cette nouvelle tendance culinaire pourrait vous permettre d\u2019\u00e9largir votre client\u00e8le et d\u2019avoir une carte plus vari\u00e9e. Mais pour&hellip;\" \/>\n<meta property=\"og:url\" content=\"https:\/\/www.fourniresto.com\/blog\/cuisiner-vegan-avec-du-materiel-professionnel\/\" \/>\n<meta property=\"og:site_name\" content=\"Le Blog FourniResto\" \/>\n<meta property=\"article:published_time\" content=\"2017-10-02T09:00:49+00:00\" \/>\n<meta property=\"article:modified_time\" content=\"2022-03-07T15:43:41+00:00\" \/>\n<meta property=\"og:image\" content=\"https:\/\/www.fourniresto.com\/blog\/wp-content\/uploads\/2017\/10\/Cuisiner-vegan-avec-du-mate\u0301riel-professionnel.jpg\" \/>\n\t<meta property=\"og:image:width\" content=\"2240\" \/>\n\t<meta property=\"og:image:height\" content=\"1260\" \/>\n\t<meta property=\"og:image:type\" content=\"image\/jpeg\" \/>\n<meta name=\"author\" content=\"Rowana C\" \/>\n<meta name=\"twitter:card\" content=\"summary_large_image\" \/>\n<meta name=\"twitter:label1\" content=\"\u00c9crit par\" \/>\n\t<meta name=\"twitter:data1\" content=\"Rowana C\" \/>\n\t<meta name=\"twitter:label2\" content=\"Dur\u00e9e de lecture estim\u00e9e\" \/>\n\t<meta name=\"twitter:data2\" content=\"2 minutes\" \/>\n<script type=\"application\/ld+json\" class=\"yoast-schema-graph\">{\"@context\":\"https:\/\/schema.org\",\"@graph\":[{\"@type\":\"WebPage\",\"@id\":\"https:\/\/www.fourniresto.com\/blog\/cuisiner-vegan-avec-du-materiel-professionnel\/\",\"url\":\"https:\/\/www.fourniresto.com\/blog\/cuisiner-vegan-avec-du-materiel-professionnel\/\",\"name\":\"Cuisiner vegan avec du mat\u00e9riel professionnel - Le Blog FourniResto\",\"isPartOf\":{\"@id\":\"https:\/\/www.fourniresto.com\/blog\/#website\"},\"datePublished\":\"2017-10-02T09:00:49+00:00\",\"dateModified\":\"2022-03-07T15:43:41+00:00\",\"author\":{\"@id\":\"https:\/\/www.fourniresto.com\/blog\/#\/schema\/person\/00cd49bdc40fad977628b1bc176a4718\"},\"breadcrumb\":{\"@id\":\"https:\/\/www.fourniresto.com\/blog\/cuisiner-vegan-avec-du-materiel-professionnel\/#breadcrumb\"},\"inLanguage\":\"fr-FR\",\"potentialAction\":[{\"@type\":\"ReadAction\",\"target\":[\"https:\/\/www.fourniresto.com\/blog\/cuisiner-vegan-avec-du-materiel-professionnel\/\"]}]},{\"@type\":\"BreadcrumbList\",\"@id\":\"https:\/\/www.fourniresto.com\/blog\/cuisiner-vegan-avec-du-materiel-professionnel\/#breadcrumb\",\"itemListElement\":[{\"@type\":\"ListItem\",\"position\":1,\"name\":\"Accueil\",\"item\":\"https:\/\/www.fourniresto.com\/blog\/\"},{\"@type\":\"ListItem\",\"position\":2,\"name\":\"Cuisiner vegan avec du mat\u00e9riel professionnel\"}]},{\"@type\":\"WebSite\",\"@id\":\"https:\/\/www.fourniresto.com\/blog\/#website\",\"url\":\"https:\/\/www.fourniresto.com\/blog\/\",\"name\":\"Le Blog FourniResto\",\"description\":\"Conseils et actualit\u00e9s sur la Restauration Professionnelle\",\"potentialAction\":[{\"@type\":\"SearchAction\",\"target\":{\"@type\":\"EntryPoint\",\"urlTemplate\":\"https:\/\/www.fourniresto.com\/blog\/?s={search_term_string}\"},\"query-input\":\"required name=search_term_string\"}],\"inLanguage\":\"fr-FR\"},{\"@type\":\"Person\",\"@id\":\"https:\/\/www.fourniresto.com\/blog\/#\/schema\/person\/00cd49bdc40fad977628b1bc176a4718\",\"name\":\"Rowana C\"}]}<\/script>\n<!-- \/ Yoast SEO plugin. -->","yoast_head_json":{"title":"Cuisiner vegan avec du mat\u00e9riel professionnel - Le Blog FourniResto","robots":{"index":"index","follow":"follow","max-snippet":"max-snippet:-1","max-image-preview":"max-image-preview:large","max-video-preview":"max-video-preview:-1"},"canonical":"https:\/\/www.fourniresto.com\/blog\/cuisiner-vegan-avec-du-materiel-professionnel\/","og_locale":"fr_FR","og_type":"article","og_title":"Cuisiner vegan avec du mat\u00e9riel professionnel - Le Blog FourniResto","og_description":"Envie de proposer des repas vegan dans votre \u00e9tablissement ? Pourquoi pas&#8230; Cette nouvelle tendance culinaire pourrait vous permettre d\u2019\u00e9largir votre client\u00e8le et d\u2019avoir une carte plus vari\u00e9e. Mais pour&hellip;","og_url":"https:\/\/www.fourniresto.com\/blog\/cuisiner-vegan-avec-du-materiel-professionnel\/","og_site_name":"Le Blog FourniResto","article_published_time":"2017-10-02T09:00:49+00:00","article_modified_time":"2022-03-07T15:43:41+00:00","og_image":[{"width":2240,"height":1260,"url":"https:\/\/www.fourniresto.com\/blog\/wp-content\/uploads\/2017\/10\/Cuisiner-vegan-avec-du-mate\u0301riel-professionnel.jpg","type":"image\/jpeg"}],"author":"Rowana C","twitter_card":"summary_large_image","twitter_misc":{"\u00c9crit par":"Rowana C","Dur\u00e9e de lecture estim\u00e9e":"2 minutes"},"schema":{"@context":"https:\/\/schema.org","@graph":[{"@type":"WebPage","@id":"https:\/\/www.fourniresto.com\/blog\/cuisiner-vegan-avec-du-materiel-professionnel\/","url":"https:\/\/www.fourniresto.com\/blog\/cuisiner-vegan-avec-du-materiel-professionnel\/","name":"Cuisiner vegan avec du mat\u00e9riel professionnel - Le Blog FourniResto","isPartOf":{"@id":"https:\/\/www.fourniresto.com\/blog\/#website"},"datePublished":"2017-10-02T09:00:49+00:00","dateModified":"2022-03-07T15:43:41+00:00","author":{"@id":"https:\/\/www.fourniresto.com\/blog\/#\/schema\/person\/00cd49bdc40fad977628b1bc176a4718"},"breadcrumb":{"@id":"https:\/\/www.fourniresto.com\/blog\/cuisiner-vegan-avec-du-materiel-professionnel\/#breadcrumb"},"inLanguage":"fr-FR","potentialAction":[{"@type":"ReadAction","target":["https:\/\/www.fourniresto.com\/blog\/cuisiner-vegan-avec-du-materiel-professionnel\/"]}]},{"@type":"BreadcrumbList","@id":"https:\/\/www.fourniresto.com\/blog\/cuisiner-vegan-avec-du-materiel-professionnel\/#breadcrumb","itemListElement":[{"@type":"ListItem","position":1,"name":"Accueil","item":"https:\/\/www.fourniresto.com\/blog\/"},{"@type":"ListItem","position":2,"name":"Cuisiner vegan avec du mat\u00e9riel professionnel"}]},{"@type":"WebSite","@id":"https:\/\/www.fourniresto.com\/blog\/#website","url":"https:\/\/www.fourniresto.com\/blog\/","name":"Le Blog FourniResto","description":"Conseils et actualit\u00e9s sur la Restauration Professionnelle","potentialAction":[{"@type":"SearchAction","target":{"@type":"EntryPoint","urlTemplate":"https:\/\/www.fourniresto.com\/blog\/?s={search_term_string}"},"query-input":"required name=search_term_string"}],"inLanguage":"fr-FR"},{"@type":"Person","@id":"https:\/\/www.fourniresto.com\/blog\/#\/schema\/person\/00cd49bdc40fad977628b1bc176a4718","name":"Rowana C"}]}},"uagb_featured_image_src":{"full":["https:\/\/www.fourniresto.com\/blog\/wp-content\/uploads\/2017\/10\/Cuisiner-vegan-avec-du-mate\u0301riel-professionnel.jpg",2240,1260,false],"thumbnail":["https:\/\/www.fourniresto.com\/blog\/wp-content\/uploads\/2017\/10\/Cuisiner-vegan-avec-du-mate\u0301riel-professionnel-150x150.jpg",150,150,true],"medium":["https:\/\/www.fourniresto.com\/blog\/wp-content\/uploads\/2017\/10\/Cuisiner-vegan-avec-du-mate\u0301riel-professionnel-300x169.jpg",300,169,true],"medium_large":["https:\/\/www.fourniresto.com\/blog\/wp-content\/uploads\/2017\/10\/Cuisiner-vegan-avec-du-mate\u0301riel-professionnel.jpg",768,432,false],"large":["https:\/\/www.fourniresto.com\/blog\/wp-content\/uploads\/2017\/10\/Cuisiner-vegan-avec-du-mate\u0301riel-professionnel-1024x576.jpg",1024,576,true],"1536x1536":["https:\/\/www.fourniresto.com\/blog\/wp-content\/uploads\/2017\/10\/Cuisiner-vegan-avec-du-mate\u0301riel-professionnel-1536x864.jpg",1536,864,true],"2048x2048":["https:\/\/www.fourniresto.com\/blog\/wp-content\/uploads\/2017\/10\/Cuisiner-vegan-avec-du-mate\u0301riel-professionnel-2048x1152.jpg",2048,1152,true],"ms_image_size_300":["https:\/\/www.fourniresto.com\/blog\/wp-content\/uploads\/2017\/10\/Cuisiner-vegan-avec-du-mate\u0301riel-professionnel-300x200.jpg",300,200,true],"post-thumbnail":["https:\/\/www.fourniresto.com\/blog\/wp-content\/uploads\/2017\/10\/Cuisiner-vegan-avec-du-mate\u0301riel-professionnel-370x208.jpg",370,208,true],"especio-thumb-huge":["https:\/\/www.fourniresto.com\/blog\/wp-content\/uploads\/2017\/10\/Cuisiner-vegan-avec-du-mate\u0301riel-professionnel-1170x658.jpg",1170,658,true],"especio-thumb-big":["https:\/\/www.fourniresto.com\/blog\/wp-content\/uploads\/2017\/10\/Cuisiner-vegan-avec-du-mate\u0301riel-professionnel-760x428.jpg",760,428,true],"especio-thumb-med":["https:\/\/www.fourniresto.com\/blog\/wp-content\/uploads\/2017\/10\/Cuisiner-vegan-avec-du-mate\u0301riel-professionnel-370x208.jpg",370,208,true],"especio-thumb-tiny":["https:\/\/www.fourniresto.com\/blog\/wp-content\/uploads\/2017\/10\/Cuisiner-vegan-avec-du-mate\u0301riel-professionnel-135x135.jpg",135,135,true],"especio-thumb-masonry-big":["https:\/\/www.fourniresto.com\/blog\/wp-content\/uploads\/2017\/10\/Cuisiner-vegan-avec-du-mate\u0301riel-professionnel-760x428.jpg",760,428,true],"especio-thumb-masonry":["https:\/\/www.fourniresto.com\/blog\/wp-content\/uploads\/2017\/10\/Cuisiner-vegan-avec-du-mate\u0301riel-professionnel-370x208.jpg",370,208,true],"especio-thumb-extra":["https:\/\/www.fourniresto.com\/blog\/wp-content\/uploads\/2017\/10\/Cuisiner-vegan-avec-du-mate\u0301riel-professionnel-570x498.jpg",570,498,true],"especio-thumb-square":["https:\/\/www.fourniresto.com\/blog\/wp-content\/uploads\/2017\/10\/Cuisiner-vegan-avec-du-mate\u0301riel-professionnel-270x258.jpg",270,258,true],"especio-thumb-plain":["https:\/\/www.fourniresto.com\/blog\/wp-content\/uploads\/2017\/10\/Cuisiner-vegan-avec-du-mate\u0301riel-professionnel-218x162.jpg",218,162,true],"especio-thumb-list":["https:\/\/www.fourniresto.com\/blog\/wp-content\/uploads\/2017\/10\/Cuisiner-vegan-avec-du-mate\u0301riel-professionnel-370x275.jpg",370,275,true],"trx_addons-thumb-small":["https:\/\/www.fourniresto.com\/blog\/wp-content\/uploads\/2017\/10\/Cuisiner-vegan-avec-du-mate\u0301riel-professionnel-270x152.jpg",270,152,true],"trx_addons-thumb-portrait":["https:\/\/www.fourniresto.com\/blog\/wp-content\/uploads\/2017\/10\/Cuisiner-vegan-avec-du-mate\u0301riel-professionnel-370x493.jpg",370,493,true],"trx_addons-thumb-avatar":["https:\/\/www.fourniresto.com\/blog\/wp-content\/uploads\/2017\/10\/Cuisiner-vegan-avec-du-mate\u0301riel-professionnel-370x370.jpg",370,370,true]},"uagb_author_info":{"display_name":"Rowana C","author_link":"https:\/\/www.fourniresto.com\/blog\/author\/rowana\/"},"uagb_comment_info":0,"uagb_excerpt":"Envie de proposer des repas vegan dans votre \u00e9tablissement ? Pourquoi pas&#8230; Cette nouvelle tendance culinaire pourrait vous permettre d\u2019\u00e9largir votre client\u00e8le et d\u2019avoir une carte plus vari\u00e9e. Mais pour&hellip;","_links":{"self":[{"href":"https:\/\/www.fourniresto.com\/blog\/wp-json\/wp\/v2\/posts\/6313"}],"collection":[{"href":"https:\/\/www.fourniresto.com\/blog\/wp-json\/wp\/v2\/posts"}],"about":[{"href":"https:\/\/www.fourniresto.com\/blog\/wp-json\/wp\/v2\/types\/post"}],"author":[{"embeddable":true,"href":"https:\/\/www.fourniresto.com\/blog\/wp-json\/wp\/v2\/users\/4"}],"replies":[{"embeddable":true,"href":"https:\/\/www.fourniresto.com\/blog\/wp-json\/wp\/v2\/comments?post=6313"}],"version-history":[{"count":5,"href":"https:\/\/www.fourniresto.com\/blog\/wp-json\/wp\/v2\/posts\/6313\/revisions"}],"predecessor-version":[{"id":14820,"href":"https:\/\/www.fourniresto.com\/blog\/wp-json\/wp\/v2\/posts\/6313\/revisions\/14820"}],"wp:featuredmedia":[{"embeddable":true,"href":"https:\/\/www.fourniresto.com\/blog\/wp-json\/wp\/v2\/media\/15304"}],"wp:attachment":[{"href":"https:\/\/www.fourniresto.com\/blog\/wp-json\/wp\/v2\/media?parent=6313"}],"wp:term":[{"taxonomy":"category","embeddable":true,"href":"https:\/\/www.fourniresto.com\/blog\/wp-json\/wp\/v2\/categories?post=6313"},{"taxonomy":"post_tag","embeddable":true,"href":"https:\/\/www.fourniresto.com\/blog\/wp-json\/wp\/v2\/tags?post=6313"}],"curies":[{"name":"wp","href":"https:\/\/api.w.org\/{rel}","templated":true}]}}