{"id":6273,"date":"2017-10-30T11:00:59","date_gmt":"2017-10-30T10:00:59","guid":{"rendered":"https:\/\/www.fourniresto.com\/blog\/?p=6273"},"modified":"2022-03-11T14:51:10","modified_gmt":"2022-03-11T13:51:10","slug":"black-food-la-tendance-des-aliments-noirs","status":"publish","type":"post","link":"https:\/\/www.fourniresto.com\/blog\/black-food-la-tendance-des-aliments-noirs\/","title":{"rendered":"Black food : la tendance des aliments noirs"},"content":{"rendered":"<p class=\"p1\" style=\"text-align: justify;\"><span class=\"s1\">C\u2019est LA r\u00e9volution culinaire de l\u2019ann\u00e9e 2017 : les aliments noirs\u2026 La couleur noire s\u2019invite dans nos assiettes. Et c\u2019est super bon ! <\/span><\/p>\n<p class=\"p1\" style=\"text-align: justify;\"><span class=\"s1\">Pour certains, le noir est synonyme de m\u00e9fiance. Mais de nos jours, les tendances culinaires se modernisent et tendent \u00e0 \u00eatre plus originales que les pr\u00e9c\u00e9dentes. C\u2019est pour \u00e7a que les aliments noirs ont commenc\u00e9s \u00e0 remplir nos assiettes. Les chefs \u00e9toil\u00e9s cuisent avec des <strong>aliments noirs<\/strong> et confectionnent des recettes in\u00e9dites qui demandent beaucoup d\u2019imagination. <\/span><\/p>\n<h3 class=\"p1\" style=\"text-align: justify;\"><span class=\"s1\">Excellents pour la sant\u00e9<\/span><\/h3>\n<p class=\"p1\" style=\"text-align: justify;\"><span class=\"s1\">Tout d\u2019abord, les aliments noirs sont particuli\u00e8rement <strong>bons<\/strong> pour la sant\u00e9. Plus les aliments sont fonc\u00e9s et plus ils sont <strong>riches en antioxydants et nutriments<\/strong>. Par exemple, le <strong>s\u00e9same noir<\/strong> est tr\u00e8s riche en calcium, cuivre, fer, fibres et vitamine E. Le <strong>charbon v\u00e9g\u00e9tal<\/strong> lui poss\u00e8de des vertus d\u00e9tox pour le corps. L\u2019<strong>encre de seiche<\/strong> poss\u00e8de beaucoup de vitamines C et E, de prot\u00e9ines, de lipides ou encore min\u00e9raux. Le <strong>riz noir<\/strong> est tr\u00e8s riche en prot\u00e9ines, en magn\u00e9sium et en vitamine E. Le <strong>quinoa noir<\/strong> poss\u00e8de une version blanche de lithium, un min\u00e9ral qui permet de soigner les troubles de l\u2019humeur. <\/span><\/p>\n<p class=\"p1\" style=\"text-align: justify;\"><span class=\"s1\"><a href=\"https:\/\/www.fourniresto.com\/blog\/wp-content\/uploads\/2017\/10\/170103_d300p_mlarge_hamburger_noir_sn635.jpg\" rel=\"attachment wp-att-6276\"><img loading=\"lazy\" class=\"size-medium wp-image-6276 alignleft\" src=\"https:\/\/www.fourniresto.com\/blog\/wp-content\/uploads\/2017\/10\/170103_d300p_mlarge_hamburger_noir_sn635-300x169.jpg\" alt=\"170103_d300p_mlarge_hamburger_noir_sn635\" width=\"300\" height=\"169\" srcset=\"https:\/\/www.fourniresto.com\/blog\/wp-content\/uploads\/2017\/10\/170103_d300p_mlarge_hamburger_noir_sn635-300x169.jpg 300w, https:\/\/www.fourniresto.com\/blog\/wp-content\/uploads\/2017\/10\/170103_d300p_mlarge_hamburger_noir_sn635-370x208.jpg 370w, https:\/\/www.fourniresto.com\/blog\/wp-content\/uploads\/2017\/10\/170103_d300p_mlarge_hamburger_noir_sn635-270x152.jpg 270w, https:\/\/www.fourniresto.com\/blog\/wp-content\/uploads\/2017\/10\/170103_d300p_mlarge_hamburger_noir_sn635.jpg 635w\" sizes=\"(max-width: 300px) 100vw, 300px\" \/><\/a>Les aliments noirs ajoutent de la couleur dans les plats mais attisent surtout la curiosit\u00e9 des clients. Les grandes franchises comme Burger King au Japon propose des <strong>hamburgers au pain noir<\/strong>. Comment est-il fait ? Tout simplement avec de l\u2019encre de seiche, qui permet au pain d\u2019obtenir cette couleur obscure.<\/span><\/p>\n<p>&nbsp;<\/p>\n<h3 class=\"p1\" style=\"text-align: justify;\"><span class=\"s1\">Peut-on transformer des aliments en noirs ? <\/span><\/h3>\n<p class=\"p1\" style=\"text-align: justify;\"><span class=\"s1\">La r\u00e9ponse est <strong>oui. <\/strong>Avec du <strong>charbon v\u00e9g\u00e9tal<\/strong> ou de l&#8217;<strong>encre de seiche<\/strong>, il est possible de colorer certains aliments sans pour autant en changer le go\u00fbt.<\/span><span class=\"s1\">&nbsp;Cet \u00e9t\u00e9, la grande tendance des glaciers \u00e9tait la <strong>glace noire<\/strong>. Pour se faire rien de plus simple : les glaciers utilisent de la glace \u00e0 la vanille, aux fruits rouges ou<span class=\"Apple-converted-space\">&nbsp; <\/span>m\u00eame aux noisettes et la m\u00e9lange avec du charbon noir. C\u2019est ainsi qu\u2019ils obtiennent une couleur particuli\u00e8rement sombre sans pour autant changer le parfum de la glace pr\u00e9c\u00e9demment choisi. <\/span><\/p>\n<p class=\"p1\" style=\"text-align: justify;\"><span class=\"s1\">Voici une<strong> liste des aliments noirs<\/strong> que vous pouvez utiliser dans vos plats :<a href=\"https:\/\/www.fourniresto.com\/blog\/wp-content\/uploads\/2017\/10\/s-bd8227b2593b83e3e3ba89a1a7aef7d3f0635c69.jpg\" rel=\"attachment wp-att-6277\"><img loading=\"lazy\" class=\"size-medium wp-image-6277 alignright\" src=\"https:\/\/www.fourniresto.com\/blog\/wp-content\/uploads\/2017\/10\/s-bd8227b2593b83e3e3ba89a1a7aef7d3f0635c69-272x300.jpg\" alt=\"s-bd8227b2593b83e3e3ba89a1a7aef7d3f0635c69\" width=\"272\" height=\"300\" srcset=\"https:\/\/www.fourniresto.com\/blog\/wp-content\/uploads\/2017\/10\/s-bd8227b2593b83e3e3ba89a1a7aef7d3f0635c69-272x300.jpg 272w, https:\/\/www.fourniresto.com\/blog\/wp-content\/uploads\/2017\/10\/s-bd8227b2593b83e3e3ba89a1a7aef7d3f0635c69-370x408.jpg 370w, https:\/\/www.fourniresto.com\/blog\/wp-content\/uploads\/2017\/10\/s-bd8227b2593b83e3e3ba89a1a7aef7d3f0635c69.jpg 700w\" sizes=\"(max-width: 272px) 100vw, 272px\" \/><\/a> <\/span><\/p>\n<ul>\n<li class=\"li1\" style=\"text-align: justify;\"><span class=\"s1\">Soja <\/span><\/li>\n<li class=\"li1\" style=\"text-align: justify;\"><span class=\"s1\">S\u00e9same <\/span><\/li>\n<li class=\"li1\" style=\"text-align: justify;\"><span class=\"s1\">Lentilles beluga <\/span><\/li>\n<li class=\"li1\" style=\"text-align: justify;\"><span class=\"s1\">Riz sauvage de Camargue <\/span><\/li>\n<li class=\"li1\" style=\"text-align: justify;\"><span class=\"s1\">Pain au charbon <\/span><\/li>\n<li class=\"li1\" style=\"text-align: justify;\"><span class=\"s1\">Pois chiches <\/span><\/li>\n<li class=\"li1\" style=\"text-align: justify;\"><span class=\"s1\">Sel noir d\u2019Hawa\u00ef <\/span><\/li>\n<li class=\"li1\" style=\"text-align: justify;\"><span class=\"s1\">Haricots noirs <\/span><\/li>\n<li class=\"li1\" style=\"text-align: justify;\"><span class=\"s1\">Ail noir<\/span><\/li>\n<\/ul>\n<p>&nbsp;<\/p>\n<p><span style=\"text-decoration: underline;\">Conseil :<\/span> Puisque Halloween approche, vous pouvez pr\u00e9parer des plats avec des aliments noirs. Vos plats seront particuli\u00e8rement originaux et adapt\u00e9s au th\u00e8me de cette f\u00eate folklorique.<\/p>\n","protected":false},"excerpt":{"rendered":"<p>C\u2019est LA r\u00e9volution culinaire de l\u2019ann\u00e9e 2017 : les aliments noirs\u2026 La couleur noire s\u2019invite dans nos assiettes. Et c\u2019est super bon ! Pour certains, le noir est synonyme de&hellip;<\/p>\n","protected":false},"author":4,"featured_media":15724,"comment_status":"closed","ping_status":"closed","sticky":false,"template":"","format":"standard","meta":{"content-type":"","_uag_custom_page_level_css":""},"categories":[907],"tags":[644,643,645,140,66,179],"yoast_head":"<!-- This site is optimized with the Yoast SEO plugin v19.13 - https:\/\/yoast.com\/wordpress\/plugins\/seo\/ -->\n<title>Black food : la tendance des aliments noirs - Le Blog FourniResto<\/title>\n<meta name=\"robots\" content=\"index, follow, max-snippet:-1, max-image-preview:large, max-video-preview:-1\" \/>\n<link rel=\"canonical\" href=\"https:\/\/www.fourniresto.com\/blog\/black-food-la-tendance-des-aliments-noirs\/\" \/>\n<meta property=\"og:locale\" content=\"fr_FR\" \/>\n<meta property=\"og:type\" content=\"article\" \/>\n<meta property=\"og:title\" content=\"Black food : la tendance des aliments noirs - Le Blog FourniResto\" \/>\n<meta property=\"og:description\" content=\"C\u2019est LA r\u00e9volution culinaire de l\u2019ann\u00e9e 2017 : les aliments noirs\u2026 La couleur noire s\u2019invite dans nos assiettes. Et c\u2019est super bon ! Pour certains, le noir est synonyme de&hellip;\" \/>\n<meta property=\"og:url\" content=\"https:\/\/www.fourniresto.com\/blog\/black-food-la-tendance-des-aliments-noirs\/\" \/>\n<meta property=\"og:site_name\" content=\"Le Blog FourniResto\" \/>\n<meta property=\"article:published_time\" content=\"2017-10-30T10:00:59+00:00\" \/>\n<meta property=\"article:modified_time\" content=\"2022-03-11T13:51:10+00:00\" \/>\n<meta property=\"og:image\" content=\"https:\/\/www.fourniresto.com\/blog\/wp-content\/uploads\/2017\/10\/Black-food-la-tendance-des-aliments-noirs.jpg\" \/>\n\t<meta property=\"og:image:width\" content=\"2240\" \/>\n\t<meta property=\"og:image:height\" content=\"1260\" \/>\n\t<meta property=\"og:image:type\" content=\"image\/jpeg\" \/>\n<meta name=\"author\" content=\"Rowana C\" \/>\n<meta name=\"twitter:card\" content=\"summary_large_image\" \/>\n<meta name=\"twitter:label1\" content=\"\u00c9crit par\" \/>\n\t<meta name=\"twitter:data1\" content=\"Rowana C\" \/>\n\t<meta name=\"twitter:label2\" content=\"Dur\u00e9e de lecture estim\u00e9e\" \/>\n\t<meta name=\"twitter:data2\" content=\"2 minutes\" \/>\n<script type=\"application\/ld+json\" class=\"yoast-schema-graph\">{\"@context\":\"https:\/\/schema.org\",\"@graph\":[{\"@type\":\"WebPage\",\"@id\":\"https:\/\/www.fourniresto.com\/blog\/black-food-la-tendance-des-aliments-noirs\/\",\"url\":\"https:\/\/www.fourniresto.com\/blog\/black-food-la-tendance-des-aliments-noirs\/\",\"name\":\"Black food : la tendance des aliments noirs - Le Blog FourniResto\",\"isPartOf\":{\"@id\":\"https:\/\/www.fourniresto.com\/blog\/#website\"},\"datePublished\":\"2017-10-30T10:00:59+00:00\",\"dateModified\":\"2022-03-11T13:51:10+00:00\",\"author\":{\"@id\":\"https:\/\/www.fourniresto.com\/blog\/#\/schema\/person\/00cd49bdc40fad977628b1bc176a4718\"},\"breadcrumb\":{\"@id\":\"https:\/\/www.fourniresto.com\/blog\/black-food-la-tendance-des-aliments-noirs\/#breadcrumb\"},\"inLanguage\":\"fr-FR\",\"potentialAction\":[{\"@type\":\"ReadAction\",\"target\":[\"https:\/\/www.fourniresto.com\/blog\/black-food-la-tendance-des-aliments-noirs\/\"]}]},{\"@type\":\"BreadcrumbList\",\"@id\":\"https:\/\/www.fourniresto.com\/blog\/black-food-la-tendance-des-aliments-noirs\/#breadcrumb\",\"itemListElement\":[{\"@type\":\"ListItem\",\"position\":1,\"name\":\"Accueil\",\"item\":\"https:\/\/www.fourniresto.com\/blog\/\"},{\"@type\":\"ListItem\",\"position\":2,\"name\":\"Black food : la tendance des aliments noirs\"}]},{\"@type\":\"WebSite\",\"@id\":\"https:\/\/www.fourniresto.com\/blog\/#website\",\"url\":\"https:\/\/www.fourniresto.com\/blog\/\",\"name\":\"Le Blog FourniResto\",\"description\":\"Conseils et actualit\u00e9s sur la Restauration Professionnelle\",\"potentialAction\":[{\"@type\":\"SearchAction\",\"target\":{\"@type\":\"EntryPoint\",\"urlTemplate\":\"https:\/\/www.fourniresto.com\/blog\/?s={search_term_string}\"},\"query-input\":\"required name=search_term_string\"}],\"inLanguage\":\"fr-FR\"},{\"@type\":\"Person\",\"@id\":\"https:\/\/www.fourniresto.com\/blog\/#\/schema\/person\/00cd49bdc40fad977628b1bc176a4718\",\"name\":\"Rowana C\"}]}<\/script>\n<!-- \/ Yoast SEO plugin. -->","yoast_head_json":{"title":"Black food : la tendance des aliments noirs - Le Blog FourniResto","robots":{"index":"index","follow":"follow","max-snippet":"max-snippet:-1","max-image-preview":"max-image-preview:large","max-video-preview":"max-video-preview:-1"},"canonical":"https:\/\/www.fourniresto.com\/blog\/black-food-la-tendance-des-aliments-noirs\/","og_locale":"fr_FR","og_type":"article","og_title":"Black food : la tendance des aliments noirs - Le Blog FourniResto","og_description":"C\u2019est LA r\u00e9volution culinaire de l\u2019ann\u00e9e 2017 : les aliments noirs\u2026 La couleur noire s\u2019invite dans nos assiettes. Et c\u2019est super bon ! Pour certains, le noir est synonyme de&hellip;","og_url":"https:\/\/www.fourniresto.com\/blog\/black-food-la-tendance-des-aliments-noirs\/","og_site_name":"Le Blog FourniResto","article_published_time":"2017-10-30T10:00:59+00:00","article_modified_time":"2022-03-11T13:51:10+00:00","og_image":[{"width":2240,"height":1260,"url":"https:\/\/www.fourniresto.com\/blog\/wp-content\/uploads\/2017\/10\/Black-food-la-tendance-des-aliments-noirs.jpg","type":"image\/jpeg"}],"author":"Rowana C","twitter_card":"summary_large_image","twitter_misc":{"\u00c9crit par":"Rowana C","Dur\u00e9e de lecture estim\u00e9e":"2 minutes"},"schema":{"@context":"https:\/\/schema.org","@graph":[{"@type":"WebPage","@id":"https:\/\/www.fourniresto.com\/blog\/black-food-la-tendance-des-aliments-noirs\/","url":"https:\/\/www.fourniresto.com\/blog\/black-food-la-tendance-des-aliments-noirs\/","name":"Black food : la tendance des aliments noirs - Le Blog FourniResto","isPartOf":{"@id":"https:\/\/www.fourniresto.com\/blog\/#website"},"datePublished":"2017-10-30T10:00:59+00:00","dateModified":"2022-03-11T13:51:10+00:00","author":{"@id":"https:\/\/www.fourniresto.com\/blog\/#\/schema\/person\/00cd49bdc40fad977628b1bc176a4718"},"breadcrumb":{"@id":"https:\/\/www.fourniresto.com\/blog\/black-food-la-tendance-des-aliments-noirs\/#breadcrumb"},"inLanguage":"fr-FR","potentialAction":[{"@type":"ReadAction","target":["https:\/\/www.fourniresto.com\/blog\/black-food-la-tendance-des-aliments-noirs\/"]}]},{"@type":"BreadcrumbList","@id":"https:\/\/www.fourniresto.com\/blog\/black-food-la-tendance-des-aliments-noirs\/#breadcrumb","itemListElement":[{"@type":"ListItem","position":1,"name":"Accueil","item":"https:\/\/www.fourniresto.com\/blog\/"},{"@type":"ListItem","position":2,"name":"Black food : la tendance des aliments noirs"}]},{"@type":"WebSite","@id":"https:\/\/www.fourniresto.com\/blog\/#website","url":"https:\/\/www.fourniresto.com\/blog\/","name":"Le Blog FourniResto","description":"Conseils et actualit\u00e9s sur la Restauration Professionnelle","potentialAction":[{"@type":"SearchAction","target":{"@type":"EntryPoint","urlTemplate":"https:\/\/www.fourniresto.com\/blog\/?s={search_term_string}"},"query-input":"required name=search_term_string"}],"inLanguage":"fr-FR"},{"@type":"Person","@id":"https:\/\/www.fourniresto.com\/blog\/#\/schema\/person\/00cd49bdc40fad977628b1bc176a4718","name":"Rowana C"}]}},"uagb_featured_image_src":{"full":["https:\/\/www.fourniresto.com\/blog\/wp-content\/uploads\/2017\/10\/Black-food-la-tendance-des-aliments-noirs.jpg",2240,1260,false],"thumbnail":["https:\/\/www.fourniresto.com\/blog\/wp-content\/uploads\/2017\/10\/Black-food-la-tendance-des-aliments-noirs-150x150.jpg",150,150,true],"medium":["https:\/\/www.fourniresto.com\/blog\/wp-content\/uploads\/2017\/10\/Black-food-la-tendance-des-aliments-noirs-300x169.jpg",300,169,true],"medium_large":["https:\/\/www.fourniresto.com\/blog\/wp-content\/uploads\/2017\/10\/Black-food-la-tendance-des-aliments-noirs.jpg",768,432,false],"large":["https:\/\/www.fourniresto.com\/blog\/wp-content\/uploads\/2017\/10\/Black-food-la-tendance-des-aliments-noirs-1024x576.jpg",1024,576,true],"1536x1536":["https:\/\/www.fourniresto.com\/blog\/wp-content\/uploads\/2017\/10\/Black-food-la-tendance-des-aliments-noirs-1536x864.jpg",1536,864,true],"2048x2048":["https:\/\/www.fourniresto.com\/blog\/wp-content\/uploads\/2017\/10\/Black-food-la-tendance-des-aliments-noirs-2048x1152.jpg",2048,1152,true],"ms_image_size_300":["https:\/\/www.fourniresto.com\/blog\/wp-content\/uploads\/2017\/10\/Black-food-la-tendance-des-aliments-noirs-300x200.jpg",300,200,true],"post-thumbnail":["https:\/\/www.fourniresto.com\/blog\/wp-content\/uploads\/2017\/10\/Black-food-la-tendance-des-aliments-noirs-370x208.jpg",370,208,true],"especio-thumb-huge":["https:\/\/www.fourniresto.com\/blog\/wp-content\/uploads\/2017\/10\/Black-food-la-tendance-des-aliments-noirs-1170x658.jpg",1170,658,true],"especio-thumb-big":["https:\/\/www.fourniresto.com\/blog\/wp-content\/uploads\/2017\/10\/Black-food-la-tendance-des-aliments-noirs-760x428.jpg",760,428,true],"especio-thumb-med":["https:\/\/www.fourniresto.com\/blog\/wp-content\/uploads\/2017\/10\/Black-food-la-tendance-des-aliments-noirs-370x208.jpg",370,208,true],"especio-thumb-tiny":["https:\/\/www.fourniresto.com\/blog\/wp-content\/uploads\/2017\/10\/Black-food-la-tendance-des-aliments-noirs-135x135.jpg",135,135,true],"especio-thumb-masonry-big":["https:\/\/www.fourniresto.com\/blog\/wp-content\/uploads\/2017\/10\/Black-food-la-tendance-des-aliments-noirs-760x428.jpg",760,428,true],"especio-thumb-masonry":["https:\/\/www.fourniresto.com\/blog\/wp-content\/uploads\/2017\/10\/Black-food-la-tendance-des-aliments-noirs-370x208.jpg",370,208,true],"especio-thumb-extra":["https:\/\/www.fourniresto.com\/blog\/wp-content\/uploads\/2017\/10\/Black-food-la-tendance-des-aliments-noirs-570x498.jpg",570,498,true],"especio-thumb-square":["https:\/\/www.fourniresto.com\/blog\/wp-content\/uploads\/2017\/10\/Black-food-la-tendance-des-aliments-noirs-270x258.jpg",270,258,true],"especio-thumb-plain":["https:\/\/www.fourniresto.com\/blog\/wp-content\/uploads\/2017\/10\/Black-food-la-tendance-des-aliments-noirs-218x162.jpg",218,162,true],"especio-thumb-list":["https:\/\/www.fourniresto.com\/blog\/wp-content\/uploads\/2017\/10\/Black-food-la-tendance-des-aliments-noirs-370x275.jpg",370,275,true],"trx_addons-thumb-small":["https:\/\/www.fourniresto.com\/blog\/wp-content\/uploads\/2017\/10\/Black-food-la-tendance-des-aliments-noirs-270x152.jpg",270,152,true],"trx_addons-thumb-portrait":["https:\/\/www.fourniresto.com\/blog\/wp-content\/uploads\/2017\/10\/Black-food-la-tendance-des-aliments-noirs-370x493.jpg",370,493,true],"trx_addons-thumb-avatar":["https:\/\/www.fourniresto.com\/blog\/wp-content\/uploads\/2017\/10\/Black-food-la-tendance-des-aliments-noirs-370x370.jpg",370,370,true]},"uagb_author_info":{"display_name":"Rowana C","author_link":"https:\/\/www.fourniresto.com\/blog\/author\/rowana\/"},"uagb_comment_info":0,"uagb_excerpt":"C\u2019est LA r\u00e9volution culinaire de l\u2019ann\u00e9e 2017 : les aliments noirs\u2026 La couleur noire s\u2019invite dans nos assiettes. Et c\u2019est super bon ! Pour certains, le noir est synonyme de&hellip;","_links":{"self":[{"href":"https:\/\/www.fourniresto.com\/blog\/wp-json\/wp\/v2\/posts\/6273"}],"collection":[{"href":"https:\/\/www.fourniresto.com\/blog\/wp-json\/wp\/v2\/posts"}],"about":[{"href":"https:\/\/www.fourniresto.com\/blog\/wp-json\/wp\/v2\/types\/post"}],"author":[{"embeddable":true,"href":"https:\/\/www.fourniresto.com\/blog\/wp-json\/wp\/v2\/users\/4"}],"replies":[{"embeddable":true,"href":"https:\/\/www.fourniresto.com\/blog\/wp-json\/wp\/v2\/comments?post=6273"}],"version-history":[{"count":7,"href":"https:\/\/www.fourniresto.com\/blog\/wp-json\/wp\/v2\/posts\/6273\/revisions"}],"predecessor-version":[{"id":14764,"href":"https:\/\/www.fourniresto.com\/blog\/wp-json\/wp\/v2\/posts\/6273\/revisions\/14764"}],"wp:featuredmedia":[{"embeddable":true,"href":"https:\/\/www.fourniresto.com\/blog\/wp-json\/wp\/v2\/media\/15724"}],"wp:attachment":[{"href":"https:\/\/www.fourniresto.com\/blog\/wp-json\/wp\/v2\/media?parent=6273"}],"wp:term":[{"taxonomy":"category","embeddable":true,"href":"https:\/\/www.fourniresto.com\/blog\/wp-json\/wp\/v2\/categories?post=6273"},{"taxonomy":"post_tag","embeddable":true,"href":"https:\/\/www.fourniresto.com\/blog\/wp-json\/wp\/v2\/tags?post=6273"}],"curies":[{"name":"wp","href":"https:\/\/api.w.org\/{rel}","templated":true}]}}