{"id":5989,"date":"2017-10-19T11:00:05","date_gmt":"2017-10-19T09:00:05","guid":{"rendered":"https:\/\/www.fourniresto.com\/blog\/?p=5989"},"modified":"2022-03-04T14:18:55","modified_gmt":"2022-03-04T13:18:55","slug":"decouvrez-le-salon-host-le-salon-de-la-restauration","status":"publish","type":"post","link":"https:\/\/www.fourniresto.com\/blog\/decouvrez-le-salon-host-le-salon-de-la-restauration\/","title":{"rendered":"D\u00e9couvrez le Salon HOST, le salon de la restauration"},"content":{"rendered":"<p class=\"p1\" style=\"text-align: justify;\"><span class=\"s1\">Pour cette 40\u00e8me ann\u00e9e, le salon HOST se tiendra \u00e0 Milan pendant 4 jours, du 20 au 24 octobre 2017. D\u00e9couverte d\u2019un des salons leaders de la restauration. <\/span><\/p>\n<p class=\"p1\" style=\"text-align: justify;\"><span class=\"s1\"><a href=\"https:\/\/www.fourniresto.com\/blog\/wp-content\/uploads\/2017\/10\/host.png\" rel=\"attachment wp-att-5992\"><img loading=\"lazy\" class=\"size-medium wp-image-5992 alignright\" src=\"https:\/\/www.fourniresto.com\/blog\/wp-content\/uploads\/2017\/10\/host-300x201.png\" alt=\"host\" width=\"300\" height=\"201\" srcset=\"https:\/\/www.fourniresto.com\/blog\/wp-content\/uploads\/2017\/10\/host-300x201.png 300w, https:\/\/www.fourniresto.com\/blog\/wp-content\/uploads\/2017\/10\/host-370x248.png 370w, https:\/\/www.fourniresto.com\/blog\/wp-content\/uploads\/2017\/10\/host.png 721w\" sizes=\"(max-width: 300px) 100vw, 300px\" \/><\/a>Le salon <strong>HOST<\/strong> International Hospitality est une des manifestations les plus connues&nbsp;du monde dans le secteur <strong>Ho.Re.Ca<\/strong>, alimentation, d\u00e9tail, grande distribution et h\u00f4tellerie. Cette ann\u00e9e, pour la 40\u00e8me \u00e9dition, le HOST se tiendra \u00e0 <strong>Milan<\/strong> entre le <strong>20<\/strong> et le <strong>24 octobre 2017<\/strong>. <\/span><\/p>\n<p class=\"p1\" style=\"text-align: justify;\"><span class=\"s1\">En avant-premi\u00e8re, pr\u00e8s de 1500 acheteurs et autres invit\u00e9s d\u00e9couvrent les innovations de la technologie de transformation alimentaire en mati\u00e8re d\u2019\u00e9quipements, de produits alimentaires, de caf\u00e9, de formats, de design et de style de vie. <\/span><\/p>\n<p class=\"p1\" style=\"text-align: justify;\"><span class=\"s1\">Au total, il y a plus de 150 000 op\u00e9rateurs professionnels dont plus de 60 000 venus de 172 pays diff\u00e9rents, travaillant pour tous les secteurs alimentaires : restauration professionnelle &#8211; pain, pizza et p\u00e2tes, caf\u00e9, th\u00e9, glaces, p\u00e2tisseries et m\u00eame le mobilier : table, d\u00e9coration\u2026 <\/span><\/p>\n<p class=\"p1\" style=\"text-align: justify;\"><span class=\"s1\">Pr\u00e8s de 2 000 exposants, venus de 47 pays de tous les continents, participent au salon. Le HOST accueille des entreprises importantes qui produisent des machines, des \u00e9quipements, des fournitures et des semi-finis pour l\u2019Ho.Re.Ca. Pour plus de 89% des exposants, le HOST est un excellent moyen de faire des affaires. De grandes marques comme Sofinor, Eurocave ou encore Alliance Laundry seront pr\u00e9sentes lors du HOST. <\/span><\/p>\n<p class=\"p1\" style=\"text-align: justify;\"><span class=\"s1\">Du c\u00f4t\u00e9 des visiteurs : satisfaction garantie. 92,3% sont extr\u00eamement satisfaits de la qualit\u00e9 des exposants rencontr\u00e9s. <\/span><\/p>\n<p class=\"p1\" style=\"text-align: justify;\"><span class=\"s1\">C\u2019est un must pour tous les op\u00e9rateurs professionnels, le lieu parfait pour conna\u00eetre les nouveaut\u00e9s des entreprises et comprendre les nouvelles tendances du march\u00e9. En plus de \u00e7a, les visiteurs sont invit\u00e9s \u00e0 se distraire <a href=\"https:\/\/www.fourniresto.com\/blog\/wp-content\/uploads\/2017\/10\/host-1.png\" rel=\"attachment wp-att-5993\"><img loading=\"lazy\" class=\"size-medium wp-image-5993 alignleft\" src=\"https:\/\/www.fourniresto.com\/blog\/wp-content\/uploads\/2017\/10\/host-1-300x198.png\" alt=\"host\" width=\"300\" height=\"198\" srcset=\"https:\/\/www.fourniresto.com\/blog\/wp-content\/uploads\/2017\/10\/host-1-300x198.png 300w, https:\/\/www.fourniresto.com\/blog\/wp-content\/uploads\/2017\/10\/host-1-370x244.png 370w, https:\/\/www.fourniresto.com\/blog\/wp-content\/uploads\/2017\/10\/host-1.png 716w\" sizes=\"(max-width: 300px) 100vw, 300px\" \/><\/a>autour de spectacles, s\u00e9minaires, ateliers, spectacles de cuisine, de chef, de p\u00e2tisseries\u2026<\/span><\/p>\n<p class=\"p1\" style=\"text-align: justify;\"><span class=\"s1\">Pour plus d\u2019informations, consultez le <a href=\"http:\/\/host.fieramilano.it\/\" target=\"_blank\" rel=\"noopener\">site <\/a>web du HOST.&nbsp;<\/span><\/p>\n<p class=\"p1\" style=\"text-align: justify;\">L&#8217;\u00e9quipe de FourniResto sera pr\u00e9sente au HOST. Rendez-vous<strong> lundi 23 octobre 2017<\/strong> sur le blog pour d\u00e9couvrir&nbsp;tout sur notre visite au HOST.<\/p>\n","protected":false},"excerpt":{"rendered":"<p>Pour cette 40\u00e8me ann\u00e9e, le salon HOST se tiendra \u00e0 Milan pendant 4 jours, du 20 au 24 octobre 2017. D\u00e9couverte d\u2019un des salons leaders de la restauration. Le salon&hellip;<\/p>\n","protected":false},"author":4,"featured_media":15201,"comment_status":"closed","ping_status":"closed","sticky":false,"template":"","format":"standard","meta":{"content-type":"","_uag_custom_page_level_css":""},"categories":[901],"tags":[597,599,66,598],"yoast_head":"<!-- This site is optimized with the Yoast SEO plugin v19.13 - https:\/\/yoast.com\/wordpress\/plugins\/seo\/ -->\n<title>D\u00e9couvrez le Salon HOST, le salon de la restauration - Le Blog FourniResto<\/title>\n<meta name=\"robots\" content=\"index, follow, max-snippet:-1, max-image-preview:large, max-video-preview:-1\" \/>\n<link rel=\"canonical\" href=\"https:\/\/www.fourniresto.com\/blog\/decouvrez-le-salon-host-le-salon-de-la-restauration\/\" \/>\n<meta property=\"og:locale\" content=\"fr_FR\" \/>\n<meta property=\"og:type\" content=\"article\" \/>\n<meta property=\"og:title\" content=\"D\u00e9couvrez le Salon HOST, le salon de la restauration - Le Blog FourniResto\" \/>\n<meta property=\"og:description\" content=\"Pour cette 40\u00e8me ann\u00e9e, le salon HOST se tiendra \u00e0 Milan pendant 4 jours, du 20 au 24 octobre 2017. D\u00e9couverte d\u2019un des salons leaders de la restauration. Le salon&hellip;\" \/>\n<meta property=\"og:url\" content=\"https:\/\/www.fourniresto.com\/blog\/decouvrez-le-salon-host-le-salon-de-la-restauration\/\" \/>\n<meta property=\"og:site_name\" content=\"Le Blog FourniResto\" \/>\n<meta property=\"article:published_time\" content=\"2017-10-19T09:00:05+00:00\" \/>\n<meta property=\"article:modified_time\" content=\"2022-03-04T13:18:55+00:00\" \/>\n<meta property=\"og:image\" content=\"https:\/\/www.fourniresto.com\/blog\/wp-content\/uploads\/2017\/10\/de\u0301couvrez-le-salon-host.jpg\" \/>\n\t<meta property=\"og:image:width\" content=\"2240\" \/>\n\t<meta property=\"og:image:height\" content=\"1260\" \/>\n\t<meta property=\"og:image:type\" content=\"image\/jpeg\" \/>\n<meta name=\"author\" content=\"Rowana C\" \/>\n<meta name=\"twitter:card\" content=\"summary_large_image\" \/>\n<meta name=\"twitter:label1\" content=\"\u00c9crit par\" \/>\n\t<meta name=\"twitter:data1\" content=\"Rowana C\" \/>\n\t<meta name=\"twitter:label2\" content=\"Dur\u00e9e de lecture estim\u00e9e\" \/>\n\t<meta name=\"twitter:data2\" content=\"2 minutes\" \/>\n<script type=\"application\/ld+json\" class=\"yoast-schema-graph\">{\"@context\":\"https:\/\/schema.org\",\"@graph\":[{\"@type\":\"WebPage\",\"@id\":\"https:\/\/www.fourniresto.com\/blog\/decouvrez-le-salon-host-le-salon-de-la-restauration\/\",\"url\":\"https:\/\/www.fourniresto.com\/blog\/decouvrez-le-salon-host-le-salon-de-la-restauration\/\",\"name\":\"D\u00e9couvrez le Salon HOST, le salon de la restauration - Le Blog FourniResto\",\"isPartOf\":{\"@id\":\"https:\/\/www.fourniresto.com\/blog\/#website\"},\"datePublished\":\"2017-10-19T09:00:05+00:00\",\"dateModified\":\"2022-03-04T13:18:55+00:00\",\"author\":{\"@id\":\"https:\/\/www.fourniresto.com\/blog\/#\/schema\/person\/00cd49bdc40fad977628b1bc176a4718\"},\"breadcrumb\":{\"@id\":\"https:\/\/www.fourniresto.com\/blog\/decouvrez-le-salon-host-le-salon-de-la-restauration\/#breadcrumb\"},\"inLanguage\":\"fr-FR\",\"potentialAction\":[{\"@type\":\"ReadAction\",\"target\":[\"https:\/\/www.fourniresto.com\/blog\/decouvrez-le-salon-host-le-salon-de-la-restauration\/\"]}]},{\"@type\":\"BreadcrumbList\",\"@id\":\"https:\/\/www.fourniresto.com\/blog\/decouvrez-le-salon-host-le-salon-de-la-restauration\/#breadcrumb\",\"itemListElement\":[{\"@type\":\"ListItem\",\"position\":1,\"name\":\"Accueil\",\"item\":\"https:\/\/www.fourniresto.com\/blog\/\"},{\"@type\":\"ListItem\",\"position\":2,\"name\":\"D\u00e9couvrez le Salon HOST, le salon de la restauration\"}]},{\"@type\":\"WebSite\",\"@id\":\"https:\/\/www.fourniresto.com\/blog\/#website\",\"url\":\"https:\/\/www.fourniresto.com\/blog\/\",\"name\":\"Le Blog FourniResto\",\"description\":\"Conseils et actualit\u00e9s sur la Restauration Professionnelle\",\"potentialAction\":[{\"@type\":\"SearchAction\",\"target\":{\"@type\":\"EntryPoint\",\"urlTemplate\":\"https:\/\/www.fourniresto.com\/blog\/?s={search_term_string}\"},\"query-input\":\"required name=search_term_string\"}],\"inLanguage\":\"fr-FR\"},{\"@type\":\"Person\",\"@id\":\"https:\/\/www.fourniresto.com\/blog\/#\/schema\/person\/00cd49bdc40fad977628b1bc176a4718\",\"name\":\"Rowana C\"}]}<\/script>\n<!-- \/ Yoast SEO plugin. -->","yoast_head_json":{"title":"D\u00e9couvrez le Salon HOST, le salon de la restauration - Le Blog FourniResto","robots":{"index":"index","follow":"follow","max-snippet":"max-snippet:-1","max-image-preview":"max-image-preview:large","max-video-preview":"max-video-preview:-1"},"canonical":"https:\/\/www.fourniresto.com\/blog\/decouvrez-le-salon-host-le-salon-de-la-restauration\/","og_locale":"fr_FR","og_type":"article","og_title":"D\u00e9couvrez le Salon HOST, le salon de la restauration - Le Blog FourniResto","og_description":"Pour cette 40\u00e8me ann\u00e9e, le salon HOST se tiendra \u00e0 Milan pendant 4 jours, du 20 au 24 octobre 2017. D\u00e9couverte d\u2019un des salons leaders de la restauration. Le salon&hellip;","og_url":"https:\/\/www.fourniresto.com\/blog\/decouvrez-le-salon-host-le-salon-de-la-restauration\/","og_site_name":"Le Blog FourniResto","article_published_time":"2017-10-19T09:00:05+00:00","article_modified_time":"2022-03-04T13:18:55+00:00","og_image":[{"width":2240,"height":1260,"url":"https:\/\/www.fourniresto.com\/blog\/wp-content\/uploads\/2017\/10\/de\u0301couvrez-le-salon-host.jpg","type":"image\/jpeg"}],"author":"Rowana C","twitter_card":"summary_large_image","twitter_misc":{"\u00c9crit par":"Rowana C","Dur\u00e9e de lecture estim\u00e9e":"2 minutes"},"schema":{"@context":"https:\/\/schema.org","@graph":[{"@type":"WebPage","@id":"https:\/\/www.fourniresto.com\/blog\/decouvrez-le-salon-host-le-salon-de-la-restauration\/","url":"https:\/\/www.fourniresto.com\/blog\/decouvrez-le-salon-host-le-salon-de-la-restauration\/","name":"D\u00e9couvrez le Salon HOST, le salon de la restauration - Le Blog FourniResto","isPartOf":{"@id":"https:\/\/www.fourniresto.com\/blog\/#website"},"datePublished":"2017-10-19T09:00:05+00:00","dateModified":"2022-03-04T13:18:55+00:00","author":{"@id":"https:\/\/www.fourniresto.com\/blog\/#\/schema\/person\/00cd49bdc40fad977628b1bc176a4718"},"breadcrumb":{"@id":"https:\/\/www.fourniresto.com\/blog\/decouvrez-le-salon-host-le-salon-de-la-restauration\/#breadcrumb"},"inLanguage":"fr-FR","potentialAction":[{"@type":"ReadAction","target":["https:\/\/www.fourniresto.com\/blog\/decouvrez-le-salon-host-le-salon-de-la-restauration\/"]}]},{"@type":"BreadcrumbList","@id":"https:\/\/www.fourniresto.com\/blog\/decouvrez-le-salon-host-le-salon-de-la-restauration\/#breadcrumb","itemListElement":[{"@type":"ListItem","position":1,"name":"Accueil","item":"https:\/\/www.fourniresto.com\/blog\/"},{"@type":"ListItem","position":2,"name":"D\u00e9couvrez le Salon HOST, le salon de la restauration"}]},{"@type":"WebSite","@id":"https:\/\/www.fourniresto.com\/blog\/#website","url":"https:\/\/www.fourniresto.com\/blog\/","name":"Le Blog FourniResto","description":"Conseils et actualit\u00e9s sur la Restauration Professionnelle","potentialAction":[{"@type":"SearchAction","target":{"@type":"EntryPoint","urlTemplate":"https:\/\/www.fourniresto.com\/blog\/?s={search_term_string}"},"query-input":"required name=search_term_string"}],"inLanguage":"fr-FR"},{"@type":"Person","@id":"https:\/\/www.fourniresto.com\/blog\/#\/schema\/person\/00cd49bdc40fad977628b1bc176a4718","name":"Rowana C"}]}},"uagb_featured_image_src":{"full":["https:\/\/www.fourniresto.com\/blog\/wp-content\/uploads\/2017\/10\/de\u0301couvrez-le-salon-host.jpg",2240,1260,false],"thumbnail":["https:\/\/www.fourniresto.com\/blog\/wp-content\/uploads\/2017\/10\/de\u0301couvrez-le-salon-host-150x150.jpg",150,150,true],"medium":["https:\/\/www.fourniresto.com\/blog\/wp-content\/uploads\/2017\/10\/de\u0301couvrez-le-salon-host-300x169.jpg",300,169,true],"medium_large":["https:\/\/www.fourniresto.com\/blog\/wp-content\/uploads\/2017\/10\/de\u0301couvrez-le-salon-host.jpg",768,432,false],"large":["https:\/\/www.fourniresto.com\/blog\/wp-content\/uploads\/2017\/10\/de\u0301couvrez-le-salon-host-1024x576.jpg",1024,576,true],"1536x1536":["https:\/\/www.fourniresto.com\/blog\/wp-content\/uploads\/2017\/10\/de\u0301couvrez-le-salon-host-1536x864.jpg",1536,864,true],"2048x2048":["https:\/\/www.fourniresto.com\/blog\/wp-content\/uploads\/2017\/10\/de\u0301couvrez-le-salon-host-2048x1152.jpg",2048,1152,true],"ms_image_size_300":["https:\/\/www.fourniresto.com\/blog\/wp-content\/uploads\/2017\/10\/de\u0301couvrez-le-salon-host-300x200.jpg",300,200,true],"post-thumbnail":["https:\/\/www.fourniresto.com\/blog\/wp-content\/uploads\/2017\/10\/de\u0301couvrez-le-salon-host-370x208.jpg",370,208,true],"especio-thumb-huge":["https:\/\/www.fourniresto.com\/blog\/wp-content\/uploads\/2017\/10\/de\u0301couvrez-le-salon-host-1170x658.jpg",1170,658,true],"especio-thumb-big":["https:\/\/www.fourniresto.com\/blog\/wp-content\/uploads\/2017\/10\/de\u0301couvrez-le-salon-host-760x428.jpg",760,428,true],"especio-thumb-med":["https:\/\/www.fourniresto.com\/blog\/wp-content\/uploads\/2017\/10\/de\u0301couvrez-le-salon-host-370x208.jpg",370,208,true],"especio-thumb-tiny":["https:\/\/www.fourniresto.com\/blog\/wp-content\/uploads\/2017\/10\/de\u0301couvrez-le-salon-host-135x135.jpg",135,135,true],"especio-thumb-masonry-big":["https:\/\/www.fourniresto.com\/blog\/wp-content\/uploads\/2017\/10\/de\u0301couvrez-le-salon-host-760x428.jpg",760,428,true],"especio-thumb-masonry":["https:\/\/www.fourniresto.com\/blog\/wp-content\/uploads\/2017\/10\/de\u0301couvrez-le-salon-host-370x208.jpg",370,208,true],"especio-thumb-extra":["https:\/\/www.fourniresto.com\/blog\/wp-content\/uploads\/2017\/10\/de\u0301couvrez-le-salon-host-570x498.jpg",570,498,true],"especio-thumb-square":["https:\/\/www.fourniresto.com\/blog\/wp-content\/uploads\/2017\/10\/de\u0301couvrez-le-salon-host-270x258.jpg",270,258,true],"especio-thumb-plain":["https:\/\/www.fourniresto.com\/blog\/wp-content\/uploads\/2017\/10\/de\u0301couvrez-le-salon-host-218x162.jpg",218,162,true],"especio-thumb-list":["https:\/\/www.fourniresto.com\/blog\/wp-content\/uploads\/2017\/10\/de\u0301couvrez-le-salon-host-370x275.jpg",370,275,true],"trx_addons-thumb-small":["https:\/\/www.fourniresto.com\/blog\/wp-content\/uploads\/2017\/10\/de\u0301couvrez-le-salon-host-270x152.jpg",270,152,true],"trx_addons-thumb-portrait":["https:\/\/www.fourniresto.com\/blog\/wp-content\/uploads\/2017\/10\/de\u0301couvrez-le-salon-host-370x493.jpg",370,493,true],"trx_addons-thumb-avatar":["https:\/\/www.fourniresto.com\/blog\/wp-content\/uploads\/2017\/10\/de\u0301couvrez-le-salon-host-370x370.jpg",370,370,true]},"uagb_author_info":{"display_name":"Rowana C","author_link":"https:\/\/www.fourniresto.com\/blog\/author\/rowana\/"},"uagb_comment_info":0,"uagb_excerpt":"Pour cette 40\u00e8me ann\u00e9e, le salon HOST se tiendra \u00e0 Milan pendant 4 jours, du 20 au 24 octobre 2017. D\u00e9couverte d\u2019un des salons leaders de la restauration. Le salon&hellip;","_links":{"self":[{"href":"https:\/\/www.fourniresto.com\/blog\/wp-json\/wp\/v2\/posts\/5989"}],"collection":[{"href":"https:\/\/www.fourniresto.com\/blog\/wp-json\/wp\/v2\/posts"}],"about":[{"href":"https:\/\/www.fourniresto.com\/blog\/wp-json\/wp\/v2\/types\/post"}],"author":[{"embeddable":true,"href":"https:\/\/www.fourniresto.com\/blog\/wp-json\/wp\/v2\/users\/4"}],"replies":[{"embeddable":true,"href":"https:\/\/www.fourniresto.com\/blog\/wp-json\/wp\/v2\/comments?post=5989"}],"version-history":[{"count":6,"href":"https:\/\/www.fourniresto.com\/blog\/wp-json\/wp\/v2\/posts\/5989\/revisions"}],"predecessor-version":[{"id":14790,"href":"https:\/\/www.fourniresto.com\/blog\/wp-json\/wp\/v2\/posts\/5989\/revisions\/14790"}],"wp:featuredmedia":[{"embeddable":true,"href":"https:\/\/www.fourniresto.com\/blog\/wp-json\/wp\/v2\/media\/15201"}],"wp:attachment":[{"href":"https:\/\/www.fourniresto.com\/blog\/wp-json\/wp\/v2\/media?parent=5989"}],"wp:term":[{"taxonomy":"category","embeddable":true,"href":"https:\/\/www.fourniresto.com\/blog\/wp-json\/wp\/v2\/categories?post=5989"},{"taxonomy":"post_tag","embeddable":true,"href":"https:\/\/www.fourniresto.com\/blog\/wp-json\/wp\/v2\/tags?post=5989"}],"curies":[{"name":"wp","href":"https:\/\/api.w.org\/{rel}","templated":true}]}}