{"id":5647,"date":"2017-09-30T11:00:11","date_gmt":"2017-09-30T09:00:11","guid":{"rendered":"https:\/\/www.fourniresto.com\/blog\/?p=5647"},"modified":"2022-03-08T13:22:02","modified_gmt":"2022-03-08T12:22:02","slug":"le-materiel-necessaire-pour-ouvrir-votre-cafe-ou-salon-de-the","status":"publish","type":"post","link":"https:\/\/www.fourniresto.com\/blog\/le-materiel-necessaire-pour-ouvrir-votre-cafe-ou-salon-de-the\/","title":{"rendered":"Le mat\u00e9riel n\u00e9cessaire pour ouvrir votre caf\u00e9 ou salon de th\u00e9"},"content":{"rendered":"<p class=\"p1\" style=\"text-align: justify;\">Vous allez bient\u00f4t ouvrir votre caf\u00e9 ou votre salon de th\u00e9 ? Cet article est fait pour vous. L\u2019\u00e9quipe de FourniResto vous indique tout le <a href=\"https:\/\/www.fourniresto.com\/1099-materiel-cafe\">mat\u00e9riel&nbsp;\u00e0 avoir&nbsp;dans votre caf\u00e9<\/a>\u2026<\/p>\n<h3 class=\"p1\" style=\"text-align: justify;\"><span class=\"s1\">Pour faire les meilleurs caf\u00e9s du coin <\/span><\/h3>\n<p class=\"p1\" style=\"text-align: justify;\"><span class=\"s1\"><a href=\"https:\/\/www.fourniresto.com\/blog\/wp-content\/uploads\/2017\/09\/percolateur-coffeeline-1-groupe.jpg\" rel=\"attachment wp-att-5651\"><img loading=\"lazy\" class=\" wp-image-5651 alignright\" src=\"https:\/\/www.fourniresto.com\/blog\/wp-content\/uploads\/2017\/09\/percolateur-coffeeline-1-groupe-300x300.jpg\" alt=\"percolateur-coffeeline-1-groupe\" width=\"157\" height=\"156\" srcset=\"https:\/\/www.fourniresto.com\/blog\/wp-content\/uploads\/2017\/09\/percolateur-coffeeline-1-groupe-300x300.jpg 300w, https:\/\/www.fourniresto.com\/blog\/wp-content\/uploads\/2017\/09\/percolateur-coffeeline-1-groupe-150x150.jpg 150w, https:\/\/www.fourniresto.com\/blog\/wp-content\/uploads\/2017\/09\/percolateur-coffeeline-1-groupe-370x370.jpg 370w, https:\/\/www.fourniresto.com\/blog\/wp-content\/uploads\/2017\/09\/percolateur-coffeeline-1-groupe-135x135.jpg 135w, https:\/\/www.fourniresto.com\/blog\/wp-content\/uploads\/2017\/09\/percolateur-coffeeline-1-groupe.jpg 471w\" sizes=\"(max-width: 157px) 100vw, 157px\" \/><\/a>Une machine \u00e0 caf\u00e9 professionnelle va vous permettre de produire de grandes quantit\u00e9s de caf\u00e9s par jour. De plus, cet appareil professionnel r\u00e9duit les grains en quelques secondes seulement et va relever tous les ar\u00f4mes de votre caf\u00e9. Selon le mod\u00e8le, une <a href=\"https:\/\/www.fourniresto.com\/68-machine-a-cafe\" target=\"_blank\" rel=\"noopener noreferrer\">machine \u00e0 caf\u00e9 professionnelle<\/a> dispose de fonctionnalit\u00e9s, d\u2019un bac \u00e0 grain et d\u2019un broyeur de haute performance. <\/span><\/p>\n<p class=\"p1\" style=\"text-align: justify;\"><span class=\"s1\">Dans un caf\u00e9, une<a href=\"https:\/\/www.fourniresto.com\/373-machine-a-cafe-de-bar\" target=\"_blank\" rel=\"noopener noreferrer\"> machine \u00e0 caf\u00e9 de bar<\/a> sera un atout consid\u00e9rable. Elle permet de faire des expressos de tr\u00e8s haute qualit\u00e9 et de confectionner plusieurs types de caf\u00e9s avec des saveurs et ar\u00f4mes diff\u00e9rents tr\u00e8s rapidement. <\/span><\/p>\n<p class=\"p1\" style=\"text-align: justify;\"><span class=\"s1\">Si vous cherchez \u00e0 moudre&nbsp;vous-m\u00eame votre caf\u00e9, nos experts vous sugg\u00e8rent de prendre un <a href=\"https:\/\/www.fourniresto.com\/240-moulin-a-cafe\" target=\"_blank\" rel=\"noopener noreferrer\">moulin \u00e0 caf\u00e9<\/a>. Cet appareil, qu\u2019il soit manuel ou \u00e9lectrique, va vous permettre d\u2019obtenir de la mouture&nbsp;de caf\u00e9 en quelques minutes seulement. Le broyage va vous permettre de faire d\u2019excellents expressos. Une mouture&nbsp;fra\u00eechement moulue est bien meilleure qu\u2019un caf\u00e9 conserv\u00e9 sous forme moulue. Pour broyer un caf\u00e9 et obtenir une mouture&nbsp;de qualit\u00e9, il suffit de prendre du bon caf\u00e9 et surtout un moulin \u00e0 caf\u00e9 professionnel. <\/span><\/p>\n<p class=\"p1\" style=\"text-align: justify;\"><span class=\"s1\">Pour faire du caf\u00e9 que vous souhaitez conserver au chaud, utilisez un <a href=\"https:\/\/www.fourniresto.com\/112-percolateur-a-cafe-professionnel\" target=\"_blank\" rel=\"noopener noreferrer\">percolateur \u00e0 caf\u00e9<\/a>. Il maintiendra votre caf\u00e9 au chaud tout au long de la journ\u00e9e sans pour autant l\u2019ab\u00eemer ou en changer la saveur. <\/span><\/p>\n<p class=\"p1\" style=\"text-align: justify;\"><span class=\"s1\">Envie de faire des lattes ? Un <a href=\"https:\/\/www.fourniresto.com\/204-mousseur-a-lait\" target=\"_blank\" rel=\"noopener noreferrer\">mousseur \u00e0 lait professionnel<\/a> vous permet de faire et de <a href=\"https:\/\/www.fourniresto.com\/blog\/wp-content\/uploads\/2017\/09\/mousseur-a-lait-a-induction.png\" rel=\"attachment wp-att-5652\"><img loading=\"lazy\" class=\" wp-image-5652 alignleft\" src=\"https:\/\/www.fourniresto.com\/blog\/wp-content\/uploads\/2017\/09\/mousseur-a-lait-a-induction-300x300.png\" alt=\"mousseur-a-lait-a-induction\" width=\"84\" height=\"84\" srcset=\"https:\/\/www.fourniresto.com\/blog\/wp-content\/uploads\/2017\/09\/mousseur-a-lait-a-induction-300x300.png 300w, https:\/\/www.fourniresto.com\/blog\/wp-content\/uploads\/2017\/09\/mousseur-a-lait-a-induction-150x150.png 150w, https:\/\/www.fourniresto.com\/blog\/wp-content\/uploads\/2017\/09\/mousseur-a-lait-a-induction-370x370.png 370w, https:\/\/www.fourniresto.com\/blog\/wp-content\/uploads\/2017\/09\/mousseur-a-lait-a-induction-135x135.png 135w, https:\/\/www.fourniresto.com\/blog\/wp-content\/uploads\/2017\/09\/mousseur-a-lait-a-induction.png 471w\" sizes=\"(max-width: 84px) 100vw, 84px\" \/><\/a>r\u00e9chauffer du lait. C\u2019est aussi gr\u00e2ce \u00e0 cet appareil que vous allez pouvoir confectionner une mousse tr\u00e8s onctueuse sur le dessus de votre latte. <\/span><\/p>\n<h3 class=\"p1\" style=\"text-align: justify;\"><span class=\"s1\">Pour toute autre boisson\u2026 <\/span><\/h3>\n<p class=\"p1\" style=\"text-align: justify;\"><span class=\"s1\">Que serait un salon de th\u00e9 sans chocolati\u00e8re ? Avec une <a href=\"https:\/\/www.fourniresto.com\/203-chocolatiere\" target=\"_blank\" rel=\"noopener noreferrer\">chocolati\u00e8re professionnelle<\/a>, vous pourrez proposer des chocolats chauds italiens d\u00e9licieux. C\u2019est un appareil qui ne prend pas beaucoup de place et qui peut vous permettre de produire de grandes quantit\u00e9s de chocolats chauds. <\/span><\/p>\n<p class=\"p1\" style=\"text-align: justify;\"><span class=\"s1\"><a href=\"https:\/\/www.fourniresto.com\/blog\/wp-content\/uploads\/2017\/09\/centrifugeuse-j-80-ultra.png\" rel=\"attachment wp-att-5653\"><img loading=\"lazy\" class=\" wp-image-5653 alignright\" src=\"https:\/\/www.fourniresto.com\/blog\/wp-content\/uploads\/2017\/09\/centrifugeuse-j-80-ultra-300x300.png\" alt=\"centrifugeuse-j-80-ultra\" width=\"169\" height=\"169\" srcset=\"https:\/\/www.fourniresto.com\/blog\/wp-content\/uploads\/2017\/09\/centrifugeuse-j-80-ultra-300x300.png 300w, https:\/\/www.fourniresto.com\/blog\/wp-content\/uploads\/2017\/09\/centrifugeuse-j-80-ultra-150x150.png 150w, https:\/\/www.fourniresto.com\/blog\/wp-content\/uploads\/2017\/09\/centrifugeuse-j-80-ultra-370x370.png 370w, https:\/\/www.fourniresto.com\/blog\/wp-content\/uploads\/2017\/09\/centrifugeuse-j-80-ultra-135x135.png 135w, https:\/\/www.fourniresto.com\/blog\/wp-content\/uploads\/2017\/09\/centrifugeuse-j-80-ultra.png 471w\" sizes=\"(max-width: 169px) 100vw, 169px\" \/><\/a>Pour les smoothies ou jus de fruits, il vous faut un <a href=\"https:\/\/www.fourniresto.com\/65-blender-mixeur\" target=\"_blank\" rel=\"noopener noreferrer\">blender professionnel <\/a>et une centrifugeuse. Ces appareils&nbsp;sont destin\u00e9s \u00e0 un usage professionnel : ils&nbsp;sont tr\u00e8s performants et con\u00e7us pour \u00eatre mani\u00e9s r\u00e9guli\u00e8rement. <\/span><\/p>\n<p class=\"p1\" style=\"text-align: justify;\"><span class=\"s1\">Un<a href=\"https:\/\/www.fourniresto.com\/381-distributeur-de-boissons-refrigerees\" target=\"_blank\" rel=\"noopener noreferrer\"> distributeur de boissons professionnel<\/a> est tr\u00e8s pratique pour conserver vos boissons fra\u00eeches. Leur design vous permet de l\u2019installer sur un vaste comptoir. Il est facile d\u2019utilisation et vous permet de servir \u00e0 tout instant des jus de fruits bien frais. <\/span><\/p>\n<h3 class=\"p1\" style=\"text-align: justify;\"><span class=\"s1\">La conservation de vos petites gourmandises <\/span><\/h3>\n<p class=\"p1\" style=\"text-align: justify;\"><span class=\"s1\">Allez vous proposer des sandwichs, des bagels, des beignets, de g\u00e2teaux, ou tous autres types de petits plats ou desserts ? Si c\u2019est le cas, une <a href=\"https:\/\/www.fourniresto.com\/63-vitrine-buffet\" target=\"_blank\" rel=\"noopener noreferrer\">vitrine \u00e0 buffet professionnelle<\/a> sera parfaite sur le comptoir de votre caf\u00e9 ou salon de th\u00e9. Une vitrine buffet conserve vos pr\u00e9parations et les pr\u00e9sente en m\u00eame temps aux clients. <\/span><\/p>\n<h3 class=\"p1\" style=\"text-align: justify;\"><span class=\"s1\">Que prendre au niveau de l\u2019entretien ? <\/span><\/h3>\n<p class=\"p1\" style=\"text-align: justify;\"><span class=\"s1\">Un<a href=\"https:\/\/www.fourniresto.com\/36-lave-verres-professionnel\" target=\"_blank\" rel=\"noopener noreferrer\"> lave-verre professionnel <\/a>est un indispensable. Cet appareil de nettoyage professionnel est con\u00e7u pour une utilisation r\u00e9guli\u00e8re et m\u00eame intensive. Les cycles sont tr\u00e8s rapides avec un <a href=\"https:\/\/www.fourniresto.com\/37-lave-vaisselle-professionnel\" target=\"_blank\" rel=\"noopener noreferrer\">lave-vaisselle professionnel<\/a>. Il va nettoyer dans les moindre recoins vos verres, assiettes, et tout autres ustensiles. Nos experts vous conseillent de prendre des produits de rin\u00e7age et de lavage adapt\u00e9s \u00e0 la machine professionnelle.<\/span><\/p>\n","protected":false},"excerpt":{"rendered":"<p>Vous allez bient\u00f4t ouvrir votre caf\u00e9 ou votre salon de th\u00e9 ? Cet article est fait pour vous. L\u2019\u00e9quipe de FourniResto vous indique tout le mat\u00e9riel&nbsp;\u00e0 avoir&nbsp;dans votre caf\u00e9\u2026 Pour&hellip;<\/p>\n","protected":false},"author":4,"featured_media":15366,"comment_status":"closed","ping_status":"closed","sticky":false,"template":"","format":"standard","meta":{"content-type":"","_uag_custom_page_level_css":""},"categories":[909],"tags":[474,476,331,482],"yoast_head":"<!-- This site is optimized with the Yoast SEO plugin v19.13 - https:\/\/yoast.com\/wordpress\/plugins\/seo\/ -->\n<title>Le mat\u00e9riel n\u00e9cessaire pour ouvrir votre caf\u00e9 ou salon de th\u00e9 - Le Blog FourniResto<\/title>\n<meta name=\"robots\" content=\"index, follow, max-snippet:-1, max-image-preview:large, max-video-preview:-1\" \/>\n<link rel=\"canonical\" href=\"https:\/\/www.fourniresto.com\/blog\/le-materiel-necessaire-pour-ouvrir-votre-cafe-ou-salon-de-the\/\" \/>\n<meta property=\"og:locale\" content=\"fr_FR\" \/>\n<meta property=\"og:type\" content=\"article\" \/>\n<meta property=\"og:title\" content=\"Le mat\u00e9riel n\u00e9cessaire pour ouvrir votre caf\u00e9 ou salon de th\u00e9 - Le Blog FourniResto\" \/>\n<meta property=\"og:description\" content=\"Vous allez bient\u00f4t ouvrir votre caf\u00e9 ou votre salon de th\u00e9 ? Cet article est fait pour vous. L\u2019\u00e9quipe de FourniResto vous indique tout le mat\u00e9riel&nbsp;\u00e0 avoir&nbsp;dans votre caf\u00e9\u2026 Pour&hellip;\" \/>\n<meta property=\"og:url\" content=\"https:\/\/www.fourniresto.com\/blog\/le-materiel-necessaire-pour-ouvrir-votre-cafe-ou-salon-de-the\/\" \/>\n<meta property=\"og:site_name\" content=\"Le Blog FourniResto\" \/>\n<meta property=\"article:published_time\" content=\"2017-09-30T09:00:11+00:00\" \/>\n<meta property=\"article:modified_time\" content=\"2022-03-08T12:22:02+00:00\" \/>\n<meta property=\"og:image\" content=\"https:\/\/www.fourniresto.com\/blog\/wp-content\/uploads\/2017\/09\/Le-mate\u0301riel-ne\u0301cessaire-pour-ouvrir-votre-cafe\u0301-ou-salon-de-the\u0301.jpg\" \/>\n\t<meta property=\"og:image:width\" content=\"2240\" \/>\n\t<meta property=\"og:image:height\" content=\"1260\" \/>\n\t<meta property=\"og:image:type\" content=\"image\/jpeg\" \/>\n<meta name=\"author\" content=\"Rowana C\" \/>\n<meta name=\"twitter:card\" content=\"summary_large_image\" \/>\n<meta name=\"twitter:label1\" content=\"\u00c9crit par\" \/>\n\t<meta name=\"twitter:data1\" content=\"Rowana C\" \/>\n\t<meta name=\"twitter:label2\" content=\"Dur\u00e9e de lecture estim\u00e9e\" \/>\n\t<meta name=\"twitter:data2\" content=\"3 minutes\" \/>\n<script type=\"application\/ld+json\" class=\"yoast-schema-graph\">{\"@context\":\"https:\/\/schema.org\",\"@graph\":[{\"@type\":\"WebPage\",\"@id\":\"https:\/\/www.fourniresto.com\/blog\/le-materiel-necessaire-pour-ouvrir-votre-cafe-ou-salon-de-the\/\",\"url\":\"https:\/\/www.fourniresto.com\/blog\/le-materiel-necessaire-pour-ouvrir-votre-cafe-ou-salon-de-the\/\",\"name\":\"Le mat\u00e9riel n\u00e9cessaire pour ouvrir votre caf\u00e9 ou salon de th\u00e9 - Le Blog FourniResto\",\"isPartOf\":{\"@id\":\"https:\/\/www.fourniresto.com\/blog\/#website\"},\"datePublished\":\"2017-09-30T09:00:11+00:00\",\"dateModified\":\"2022-03-08T12:22:02+00:00\",\"author\":{\"@id\":\"https:\/\/www.fourniresto.com\/blog\/#\/schema\/person\/00cd49bdc40fad977628b1bc176a4718\"},\"breadcrumb\":{\"@id\":\"https:\/\/www.fourniresto.com\/blog\/le-materiel-necessaire-pour-ouvrir-votre-cafe-ou-salon-de-the\/#breadcrumb\"},\"inLanguage\":\"fr-FR\",\"potentialAction\":[{\"@type\":\"ReadAction\",\"target\":[\"https:\/\/www.fourniresto.com\/blog\/le-materiel-necessaire-pour-ouvrir-votre-cafe-ou-salon-de-the\/\"]}]},{\"@type\":\"BreadcrumbList\",\"@id\":\"https:\/\/www.fourniresto.com\/blog\/le-materiel-necessaire-pour-ouvrir-votre-cafe-ou-salon-de-the\/#breadcrumb\",\"itemListElement\":[{\"@type\":\"ListItem\",\"position\":1,\"name\":\"Accueil\",\"item\":\"https:\/\/www.fourniresto.com\/blog\/\"},{\"@type\":\"ListItem\",\"position\":2,\"name\":\"Le mat\u00e9riel n\u00e9cessaire pour ouvrir votre caf\u00e9 ou salon de th\u00e9\"}]},{\"@type\":\"WebSite\",\"@id\":\"https:\/\/www.fourniresto.com\/blog\/#website\",\"url\":\"https:\/\/www.fourniresto.com\/blog\/\",\"name\":\"Le Blog FourniResto\",\"description\":\"Conseils et actualit\u00e9s sur la Restauration Professionnelle\",\"potentialAction\":[{\"@type\":\"SearchAction\",\"target\":{\"@type\":\"EntryPoint\",\"urlTemplate\":\"https:\/\/www.fourniresto.com\/blog\/?s={search_term_string}\"},\"query-input\":\"required name=search_term_string\"}],\"inLanguage\":\"fr-FR\"},{\"@type\":\"Person\",\"@id\":\"https:\/\/www.fourniresto.com\/blog\/#\/schema\/person\/00cd49bdc40fad977628b1bc176a4718\",\"name\":\"Rowana C\"}]}<\/script>\n<!-- \/ Yoast SEO plugin. -->","yoast_head_json":{"title":"Le mat\u00e9riel n\u00e9cessaire pour ouvrir votre caf\u00e9 ou salon de th\u00e9 - Le Blog FourniResto","robots":{"index":"index","follow":"follow","max-snippet":"max-snippet:-1","max-image-preview":"max-image-preview:large","max-video-preview":"max-video-preview:-1"},"canonical":"https:\/\/www.fourniresto.com\/blog\/le-materiel-necessaire-pour-ouvrir-votre-cafe-ou-salon-de-the\/","og_locale":"fr_FR","og_type":"article","og_title":"Le mat\u00e9riel n\u00e9cessaire pour ouvrir votre caf\u00e9 ou salon de th\u00e9 - Le Blog FourniResto","og_description":"Vous allez bient\u00f4t ouvrir votre caf\u00e9 ou votre salon de th\u00e9 ? Cet article est fait pour vous. L\u2019\u00e9quipe de FourniResto vous indique tout le mat\u00e9riel&nbsp;\u00e0 avoir&nbsp;dans votre caf\u00e9\u2026 Pour&hellip;","og_url":"https:\/\/www.fourniresto.com\/blog\/le-materiel-necessaire-pour-ouvrir-votre-cafe-ou-salon-de-the\/","og_site_name":"Le Blog FourniResto","article_published_time":"2017-09-30T09:00:11+00:00","article_modified_time":"2022-03-08T12:22:02+00:00","og_image":[{"width":2240,"height":1260,"url":"https:\/\/www.fourniresto.com\/blog\/wp-content\/uploads\/2017\/09\/Le-mate\u0301riel-ne\u0301cessaire-pour-ouvrir-votre-cafe\u0301-ou-salon-de-the\u0301.jpg","type":"image\/jpeg"}],"author":"Rowana C","twitter_card":"summary_large_image","twitter_misc":{"\u00c9crit par":"Rowana C","Dur\u00e9e de lecture estim\u00e9e":"3 minutes"},"schema":{"@context":"https:\/\/schema.org","@graph":[{"@type":"WebPage","@id":"https:\/\/www.fourniresto.com\/blog\/le-materiel-necessaire-pour-ouvrir-votre-cafe-ou-salon-de-the\/","url":"https:\/\/www.fourniresto.com\/blog\/le-materiel-necessaire-pour-ouvrir-votre-cafe-ou-salon-de-the\/","name":"Le mat\u00e9riel n\u00e9cessaire pour ouvrir votre caf\u00e9 ou salon de th\u00e9 - Le Blog FourniResto","isPartOf":{"@id":"https:\/\/www.fourniresto.com\/blog\/#website"},"datePublished":"2017-09-30T09:00:11+00:00","dateModified":"2022-03-08T12:22:02+00:00","author":{"@id":"https:\/\/www.fourniresto.com\/blog\/#\/schema\/person\/00cd49bdc40fad977628b1bc176a4718"},"breadcrumb":{"@id":"https:\/\/www.fourniresto.com\/blog\/le-materiel-necessaire-pour-ouvrir-votre-cafe-ou-salon-de-the\/#breadcrumb"},"inLanguage":"fr-FR","potentialAction":[{"@type":"ReadAction","target":["https:\/\/www.fourniresto.com\/blog\/le-materiel-necessaire-pour-ouvrir-votre-cafe-ou-salon-de-the\/"]}]},{"@type":"BreadcrumbList","@id":"https:\/\/www.fourniresto.com\/blog\/le-materiel-necessaire-pour-ouvrir-votre-cafe-ou-salon-de-the\/#breadcrumb","itemListElement":[{"@type":"ListItem","position":1,"name":"Accueil","item":"https:\/\/www.fourniresto.com\/blog\/"},{"@type":"ListItem","position":2,"name":"Le mat\u00e9riel n\u00e9cessaire pour ouvrir votre caf\u00e9 ou salon de th\u00e9"}]},{"@type":"WebSite","@id":"https:\/\/www.fourniresto.com\/blog\/#website","url":"https:\/\/www.fourniresto.com\/blog\/","name":"Le Blog FourniResto","description":"Conseils et actualit\u00e9s sur la Restauration Professionnelle","potentialAction":[{"@type":"SearchAction","target":{"@type":"EntryPoint","urlTemplate":"https:\/\/www.fourniresto.com\/blog\/?s={search_term_string}"},"query-input":"required name=search_term_string"}],"inLanguage":"fr-FR"},{"@type":"Person","@id":"https:\/\/www.fourniresto.com\/blog\/#\/schema\/person\/00cd49bdc40fad977628b1bc176a4718","name":"Rowana C"}]}},"uagb_featured_image_src":{"full":["https:\/\/www.fourniresto.com\/blog\/wp-content\/uploads\/2017\/09\/Le-mate\u0301riel-ne\u0301cessaire-pour-ouvrir-votre-cafe\u0301-ou-salon-de-the\u0301.jpg",2240,1260,false],"thumbnail":["https:\/\/www.fourniresto.com\/blog\/wp-content\/uploads\/2017\/09\/Le-mate\u0301riel-ne\u0301cessaire-pour-ouvrir-votre-cafe\u0301-ou-salon-de-the\u0301-150x150.jpg",150,150,true],"medium":["https:\/\/www.fourniresto.com\/blog\/wp-content\/uploads\/2017\/09\/Le-mate\u0301riel-ne\u0301cessaire-pour-ouvrir-votre-cafe\u0301-ou-salon-de-the\u0301-300x169.jpg",300,169,true],"medium_large":["https:\/\/www.fourniresto.com\/blog\/wp-content\/uploads\/2017\/09\/Le-mate\u0301riel-ne\u0301cessaire-pour-ouvrir-votre-cafe\u0301-ou-salon-de-the\u0301.jpg",768,432,false],"large":["https:\/\/www.fourniresto.com\/blog\/wp-content\/uploads\/2017\/09\/Le-mate\u0301riel-ne\u0301cessaire-pour-ouvrir-votre-cafe\u0301-ou-salon-de-the\u0301-1024x576.jpg",1024,576,true],"1536x1536":["https:\/\/www.fourniresto.com\/blog\/wp-content\/uploads\/2017\/09\/Le-mate\u0301riel-ne\u0301cessaire-pour-ouvrir-votre-cafe\u0301-ou-salon-de-the\u0301-1536x864.jpg",1536,864,true],"2048x2048":["https:\/\/www.fourniresto.com\/blog\/wp-content\/uploads\/2017\/09\/Le-mate\u0301riel-ne\u0301cessaire-pour-ouvrir-votre-cafe\u0301-ou-salon-de-the\u0301-2048x1152.jpg",2048,1152,true],"ms_image_size_300":["https:\/\/www.fourniresto.com\/blog\/wp-content\/uploads\/2017\/09\/Le-mate\u0301riel-ne\u0301cessaire-pour-ouvrir-votre-cafe\u0301-ou-salon-de-the\u0301-300x200.jpg",300,200,true],"post-thumbnail":["https:\/\/www.fourniresto.com\/blog\/wp-content\/uploads\/2017\/09\/Le-mate\u0301riel-ne\u0301cessaire-pour-ouvrir-votre-cafe\u0301-ou-salon-de-the\u0301-370x208.jpg",370,208,true],"especio-thumb-huge":["https:\/\/www.fourniresto.com\/blog\/wp-content\/uploads\/2017\/09\/Le-mate\u0301riel-ne\u0301cessaire-pour-ouvrir-votre-cafe\u0301-ou-salon-de-the\u0301-1170x658.jpg",1170,658,true],"especio-thumb-big":["https:\/\/www.fourniresto.com\/blog\/wp-content\/uploads\/2017\/09\/Le-mate\u0301riel-ne\u0301cessaire-pour-ouvrir-votre-cafe\u0301-ou-salon-de-the\u0301-760x428.jpg",760,428,true],"especio-thumb-med":["https:\/\/www.fourniresto.com\/blog\/wp-content\/uploads\/2017\/09\/Le-mate\u0301riel-ne\u0301cessaire-pour-ouvrir-votre-cafe\u0301-ou-salon-de-the\u0301-370x208.jpg",370,208,true],"especio-thumb-tiny":["https:\/\/www.fourniresto.com\/blog\/wp-content\/uploads\/2017\/09\/Le-mate\u0301riel-ne\u0301cessaire-pour-ouvrir-votre-cafe\u0301-ou-salon-de-the\u0301-135x135.jpg",135,135,true],"especio-thumb-masonry-big":["https:\/\/www.fourniresto.com\/blog\/wp-content\/uploads\/2017\/09\/Le-mate\u0301riel-ne\u0301cessaire-pour-ouvrir-votre-cafe\u0301-ou-salon-de-the\u0301-760x428.jpg",760,428,true],"especio-thumb-masonry":["https:\/\/www.fourniresto.com\/blog\/wp-content\/uploads\/2017\/09\/Le-mate\u0301riel-ne\u0301cessaire-pour-ouvrir-votre-cafe\u0301-ou-salon-de-the\u0301-370x208.jpg",370,208,true],"especio-thumb-extra":["https:\/\/www.fourniresto.com\/blog\/wp-content\/uploads\/2017\/09\/Le-mate\u0301riel-ne\u0301cessaire-pour-ouvrir-votre-cafe\u0301-ou-salon-de-the\u0301-570x498.jpg",570,498,true],"especio-thumb-square":["https:\/\/www.fourniresto.com\/blog\/wp-content\/uploads\/2017\/09\/Le-mate\u0301riel-ne\u0301cessaire-pour-ouvrir-votre-cafe\u0301-ou-salon-de-the\u0301-270x258.jpg",270,258,true],"especio-thumb-plain":["https:\/\/www.fourniresto.com\/blog\/wp-content\/uploads\/2017\/09\/Le-mate\u0301riel-ne\u0301cessaire-pour-ouvrir-votre-cafe\u0301-ou-salon-de-the\u0301-218x162.jpg",218,162,true],"especio-thumb-list":["https:\/\/www.fourniresto.com\/blog\/wp-content\/uploads\/2017\/09\/Le-mate\u0301riel-ne\u0301cessaire-pour-ouvrir-votre-cafe\u0301-ou-salon-de-the\u0301-370x275.jpg",370,275,true],"trx_addons-thumb-small":["https:\/\/www.fourniresto.com\/blog\/wp-content\/uploads\/2017\/09\/Le-mate\u0301riel-ne\u0301cessaire-pour-ouvrir-votre-cafe\u0301-ou-salon-de-the\u0301-270x152.jpg",270,152,true],"trx_addons-thumb-portrait":["https:\/\/www.fourniresto.com\/blog\/wp-content\/uploads\/2017\/09\/Le-mate\u0301riel-ne\u0301cessaire-pour-ouvrir-votre-cafe\u0301-ou-salon-de-the\u0301-370x493.jpg",370,493,true],"trx_addons-thumb-avatar":["https:\/\/www.fourniresto.com\/blog\/wp-content\/uploads\/2017\/09\/Le-mate\u0301riel-ne\u0301cessaire-pour-ouvrir-votre-cafe\u0301-ou-salon-de-the\u0301-370x370.jpg",370,370,true]},"uagb_author_info":{"display_name":"Rowana C","author_link":"https:\/\/www.fourniresto.com\/blog\/author\/rowana\/"},"uagb_comment_info":0,"uagb_excerpt":"Vous allez bient\u00f4t ouvrir votre caf\u00e9 ou votre salon de th\u00e9 ? Cet article est fait pour vous. L\u2019\u00e9quipe de FourniResto vous indique tout le mat\u00e9riel&nbsp;\u00e0 avoir&nbsp;dans votre caf\u00e9\u2026 Pour&hellip;","_links":{"self":[{"href":"https:\/\/www.fourniresto.com\/blog\/wp-json\/wp\/v2\/posts\/5647"}],"collection":[{"href":"https:\/\/www.fourniresto.com\/blog\/wp-json\/wp\/v2\/posts"}],"about":[{"href":"https:\/\/www.fourniresto.com\/blog\/wp-json\/wp\/v2\/types\/post"}],"author":[{"embeddable":true,"href":"https:\/\/www.fourniresto.com\/blog\/wp-json\/wp\/v2\/users\/4"}],"replies":[{"embeddable":true,"href":"https:\/\/www.fourniresto.com\/blog\/wp-json\/wp\/v2\/comments?post=5647"}],"version-history":[{"count":9,"href":"https:\/\/www.fourniresto.com\/blog\/wp-json\/wp\/v2\/posts\/5647\/revisions"}],"predecessor-version":[{"id":14822,"href":"https:\/\/www.fourniresto.com\/blog\/wp-json\/wp\/v2\/posts\/5647\/revisions\/14822"}],"wp:featuredmedia":[{"embeddable":true,"href":"https:\/\/www.fourniresto.com\/blog\/wp-json\/wp\/v2\/media\/15366"}],"wp:attachment":[{"href":"https:\/\/www.fourniresto.com\/blog\/wp-json\/wp\/v2\/media?parent=5647"}],"wp:term":[{"taxonomy":"category","embeddable":true,"href":"https:\/\/www.fourniresto.com\/blog\/wp-json\/wp\/v2\/categories?post=5647"},{"taxonomy":"post_tag","embeddable":true,"href":"https:\/\/www.fourniresto.com\/blog\/wp-json\/wp\/v2\/tags?post=5647"}],"curies":[{"name":"wp","href":"https:\/\/api.w.org\/{rel}","templated":true}]}}