{"id":5637,"date":"2017-09-25T11:00:13","date_gmt":"2017-09-25T09:00:13","guid":{"rendered":"https:\/\/www.fourniresto.com\/blog\/?p=5637"},"modified":"2022-04-01T14:03:56","modified_gmt":"2022-04-01T12:03:56","slug":"passez-vos-vacances-chez-le-duchet","status":"publish","type":"post","link":"https:\/\/www.fourniresto.com\/blog\/passez-vos-vacances-chez-le-duchet\/","title":{"rendered":"Passez vos vacances chez Le Duchet"},"content":{"rendered":"<p class=\"p1\" style=\"text-align: justify;\"><span class=\"s1\">Et si vous passiez vos vacances d\u2019\u00e9t\u00e9 ou d\u2019hiver dans le Jura dans le centre de vacances Le Duchet ? <\/span><\/p>\n<p class=\"p1\" style=\"text-align: justify;\"><span class=\"s1\"><a href=\"https:\/\/www.fourniresto.com\/blog\/wp-content\/uploads\/2017\/09\/Galerie_photos_77_1.jpg\" rel=\"attachment wp-att-5641\"><img loading=\"lazy\" class=\"size-medium wp-image-5641 alignright\" src=\"https:\/\/www.fourniresto.com\/blog\/wp-content\/uploads\/2017\/09\/Galerie_photos_77_1-300x199.jpg\" alt=\"Galerie_photos_77_1\" width=\"300\" height=\"199\" srcset=\"https:\/\/www.fourniresto.com\/blog\/wp-content\/uploads\/2017\/09\/Galerie_photos_77_1-300x199.jpg 300w, https:\/\/www.fourniresto.com\/blog\/wp-content\/uploads\/2017\/09\/Galerie_photos_77_1-370x246.jpg 370w, https:\/\/www.fourniresto.com\/blog\/wp-content\/uploads\/2017\/09\/Galerie_photos_77_1-760x504.jpg 760w, https:\/\/www.fourniresto.com\/blog\/wp-content\/uploads\/2017\/09\/Galerie_photos_77_1.jpg 800w\" sizes=\"(max-width: 300px) 100vw, 300px\" \/><\/a>Le Duchet est un centre de vacances ou village-vacances \u00e0 Pr\u00e9novel, dans le Jura, dans la r\u00e9gion de Franche-Comt\u00e9. Depuis 40 ans, il accueille ses clients dans un lieu pr\u00e9serv\u00e9 au coeur du parc naturel du Haut-Jura. Avec leur diverses chambres, le Duchet peut accueillir des familles, des individuels, des groupes, des seniors, etc\u2026 Il est m\u00eame possible de louer des chalets individuels ou des gites de groupe de 30 personnes. L\u2019\u00e9quipe organise l\u2019organisation des s\u00e9jours du d\u00e9but \u00e0 la fin. <\/span><\/p>\n<p class=\"p1\" style=\"text-align: justify;\"><span class=\"s1\"><a href=\"https:\/\/www.fourniresto.com\/blog\/wp-content\/uploads\/2017\/09\/Galerie_photos_148_1.jpg\" rel=\"attachment wp-att-5642\"><img loading=\"lazy\" class=\" wp-image-5642 alignleft\" src=\"https:\/\/www.fourniresto.com\/blog\/wp-content\/uploads\/2017\/09\/Galerie_photos_148_1-300x200.jpg\" alt=\"Galerie_photos_148_1\" width=\"242\" height=\"161\" srcset=\"https:\/\/www.fourniresto.com\/blog\/wp-content\/uploads\/2017\/09\/Galerie_photos_148_1-300x200.jpg 300w, https:\/\/www.fourniresto.com\/blog\/wp-content\/uploads\/2017\/09\/Galerie_photos_148_1-370x247.jpg 370w, https:\/\/www.fourniresto.com\/blog\/wp-content\/uploads\/2017\/09\/Galerie_photos_148_1-760x506.jpg 760w, https:\/\/www.fourniresto.com\/blog\/wp-content\/uploads\/2017\/09\/Galerie_photos_148_1.jpg 800w\" sizes=\"(max-width: 242px) 100vw, 242px\" \/><\/a>D\u00e9tente, sport, plaisir, le centre propose de nombreuses activit\u00e9s. Les vacanciers ont le choix entre du VTT, du tir \u00e0 l\u2019arc, des parcours aventures, des randonn\u00e9es, du ski de fond, etc\u2026 Le Duchet propose des s\u00e9jours avec des activit\u00e9s d\u2019hiver et d\u2019\u00e9t\u00e9 et des s\u00e9jours \u00e0 th\u00e8mes. Le centre dispose aussi d\u2019une piscine de plein air chauff\u00e9e, d\u2019une salle de remise en forme, d\u2019une biblioth\u00e8que, d\u2019une salle de jeux, de spectacle, de t\u00e9l\u00e9vision, d\u2019informatique\u2026 <\/span><\/p>\n<p class=\"p1\" style=\"text-align: justify;\"><span class=\"s1\">Du c\u00f4t\u00e9 de la cuisine, des produits r\u00e9gionaux (miel du Jura, confiture artisanale\u2026) sont mis \u00e0 la disposition sous forme de buffet. Certains repas sont servis \u00e0 l\u2019assiette o\u00f9 les vacanciers ont la chance de pouvoir d\u00e9couvrir les sp\u00e9cialit\u00e9s jurassiennes : fromages de la r\u00e9gion, saucisses s\u00e8ches, vins jurassiens\u2026 Pour les enfants, des repas \u00e0 th\u00e8mes sont propos\u00e9s. Des paniers repas sont confectionn\u00e9s pour le d\u00e9jeuner. <\/span><\/p>\n<p class=\"p1\" style=\"text-align: justify;\"><span class=\"s1\"><span style=\"text-decoration: underline;\"><strong>Informations pratiques :<\/strong><\/span><br \/>\n<\/span><span class=\"s1\">Le Duchet<br \/>\n<\/span><span class=\"s1\">2 Les Pessettes<br \/>\n<\/span><span class=\"s1\">39150 Pr\u00e9novel<br \/>\n<\/span><span class=\"s1\"><strong>Tel :<\/strong> 03.84.60.41.26<br \/>\n<\/span><span class=\"s1\"><strong>Site :<\/strong> <a href=\"http:\/\/www.le-duchet.com\/\" target=\"_blank\" rel=\"noopener\">www.le-duchet.com<\/a><\/span><\/p>\n","protected":false},"excerpt":{"rendered":"<p>Et si vous passiez vos vacances d\u2019\u00e9t\u00e9 ou d\u2019hiver dans le Jura dans le centre de vacances Le Duchet ? Le Duchet est un centre de vacances ou village-vacances \u00e0&hellip;<\/p>\n","protected":false},"author":4,"featured_media":16214,"comment_status":"closed","ping_status":"closed","sticky":false,"template":"","format":"standard","meta":{"content-type":"","_uag_custom_page_level_css":""},"categories":[922],"tags":[],"yoast_head":"<!-- This site is optimized with the Yoast SEO plugin v19.13 - https:\/\/yoast.com\/wordpress\/plugins\/seo\/ -->\n<title>Passez vos vacances chez Le Duchet - Le Blog FourniResto<\/title>\n<meta name=\"robots\" content=\"index, follow, max-snippet:-1, max-image-preview:large, max-video-preview:-1\" \/>\n<link rel=\"canonical\" href=\"https:\/\/www.fourniresto.com\/blog\/passez-vos-vacances-chez-le-duchet\/\" \/>\n<meta property=\"og:locale\" content=\"fr_FR\" \/>\n<meta property=\"og:type\" content=\"article\" \/>\n<meta property=\"og:title\" content=\"Passez vos vacances chez Le Duchet - Le Blog FourniResto\" \/>\n<meta property=\"og:description\" content=\"Et si vous passiez vos vacances d\u2019\u00e9t\u00e9 ou d\u2019hiver dans le Jura dans le centre de vacances Le Duchet ? Le Duchet est un centre de vacances ou village-vacances \u00e0&hellip;\" \/>\n<meta property=\"og:url\" content=\"https:\/\/www.fourniresto.com\/blog\/passez-vos-vacances-chez-le-duchet\/\" \/>\n<meta property=\"og:site_name\" content=\"Le Blog FourniResto\" \/>\n<meta property=\"article:published_time\" content=\"2017-09-25T09:00:13+00:00\" \/>\n<meta property=\"article:modified_time\" content=\"2022-04-01T12:03:56+00:00\" \/>\n<meta property=\"og:image\" content=\"https:\/\/www.fourniresto.com\/blog\/wp-content\/uploads\/2017\/09\/Passez-vos-vacances-chez-Le-Duchet.jpg\" \/>\n\t<meta property=\"og:image:width\" content=\"2240\" \/>\n\t<meta property=\"og:image:height\" content=\"1260\" \/>\n\t<meta property=\"og:image:type\" content=\"image\/jpeg\" \/>\n<meta name=\"author\" content=\"Rowana C\" \/>\n<meta name=\"twitter:card\" content=\"summary_large_image\" \/>\n<meta name=\"twitter:label1\" content=\"\u00c9crit par\" \/>\n\t<meta name=\"twitter:data1\" content=\"Rowana C\" \/>\n\t<meta name=\"twitter:label2\" content=\"Dur\u00e9e de lecture estim\u00e9e\" \/>\n\t<meta name=\"twitter:data2\" content=\"1 minute\" \/>\n<script type=\"application\/ld+json\" class=\"yoast-schema-graph\">{\"@context\":\"https:\/\/schema.org\",\"@graph\":[{\"@type\":\"WebPage\",\"@id\":\"https:\/\/www.fourniresto.com\/blog\/passez-vos-vacances-chez-le-duchet\/\",\"url\":\"https:\/\/www.fourniresto.com\/blog\/passez-vos-vacances-chez-le-duchet\/\",\"name\":\"Passez vos vacances chez Le Duchet - Le Blog FourniResto\",\"isPartOf\":{\"@id\":\"https:\/\/www.fourniresto.com\/blog\/#website\"},\"datePublished\":\"2017-09-25T09:00:13+00:00\",\"dateModified\":\"2022-04-01T12:03:56+00:00\",\"author\":{\"@id\":\"https:\/\/www.fourniresto.com\/blog\/#\/schema\/person\/00cd49bdc40fad977628b1bc176a4718\"},\"breadcrumb\":{\"@id\":\"https:\/\/www.fourniresto.com\/blog\/passez-vos-vacances-chez-le-duchet\/#breadcrumb\"},\"inLanguage\":\"fr-FR\",\"potentialAction\":[{\"@type\":\"ReadAction\",\"target\":[\"https:\/\/www.fourniresto.com\/blog\/passez-vos-vacances-chez-le-duchet\/\"]}]},{\"@type\":\"BreadcrumbList\",\"@id\":\"https:\/\/www.fourniresto.com\/blog\/passez-vos-vacances-chez-le-duchet\/#breadcrumb\",\"itemListElement\":[{\"@type\":\"ListItem\",\"position\":1,\"name\":\"Accueil\",\"item\":\"https:\/\/www.fourniresto.com\/blog\/\"},{\"@type\":\"ListItem\",\"position\":2,\"name\":\"Passez vos vacances chez Le Duchet\"}]},{\"@type\":\"WebSite\",\"@id\":\"https:\/\/www.fourniresto.com\/blog\/#website\",\"url\":\"https:\/\/www.fourniresto.com\/blog\/\",\"name\":\"Le Blog FourniResto\",\"description\":\"Conseils et actualit\u00e9s sur la Restauration Professionnelle\",\"potentialAction\":[{\"@type\":\"SearchAction\",\"target\":{\"@type\":\"EntryPoint\",\"urlTemplate\":\"https:\/\/www.fourniresto.com\/blog\/?s={search_term_string}\"},\"query-input\":\"required name=search_term_string\"}],\"inLanguage\":\"fr-FR\"},{\"@type\":\"Person\",\"@id\":\"https:\/\/www.fourniresto.com\/blog\/#\/schema\/person\/00cd49bdc40fad977628b1bc176a4718\",\"name\":\"Rowana C\"}]}<\/script>\n<!-- \/ Yoast SEO plugin. -->","yoast_head_json":{"title":"Passez vos vacances chez Le Duchet - Le Blog FourniResto","robots":{"index":"index","follow":"follow","max-snippet":"max-snippet:-1","max-image-preview":"max-image-preview:large","max-video-preview":"max-video-preview:-1"},"canonical":"https:\/\/www.fourniresto.com\/blog\/passez-vos-vacances-chez-le-duchet\/","og_locale":"fr_FR","og_type":"article","og_title":"Passez vos vacances chez Le Duchet - Le Blog FourniResto","og_description":"Et si vous passiez vos vacances d\u2019\u00e9t\u00e9 ou d\u2019hiver dans le Jura dans le centre de vacances Le Duchet ? Le Duchet est un centre de vacances ou village-vacances \u00e0&hellip;","og_url":"https:\/\/www.fourniresto.com\/blog\/passez-vos-vacances-chez-le-duchet\/","og_site_name":"Le Blog FourniResto","article_published_time":"2017-09-25T09:00:13+00:00","article_modified_time":"2022-04-01T12:03:56+00:00","og_image":[{"width":2240,"height":1260,"url":"https:\/\/www.fourniresto.com\/blog\/wp-content\/uploads\/2017\/09\/Passez-vos-vacances-chez-Le-Duchet.jpg","type":"image\/jpeg"}],"author":"Rowana C","twitter_card":"summary_large_image","twitter_misc":{"\u00c9crit par":"Rowana C","Dur\u00e9e de lecture estim\u00e9e":"1 minute"},"schema":{"@context":"https:\/\/schema.org","@graph":[{"@type":"WebPage","@id":"https:\/\/www.fourniresto.com\/blog\/passez-vos-vacances-chez-le-duchet\/","url":"https:\/\/www.fourniresto.com\/blog\/passez-vos-vacances-chez-le-duchet\/","name":"Passez vos vacances chez Le Duchet - Le Blog FourniResto","isPartOf":{"@id":"https:\/\/www.fourniresto.com\/blog\/#website"},"datePublished":"2017-09-25T09:00:13+00:00","dateModified":"2022-04-01T12:03:56+00:00","author":{"@id":"https:\/\/www.fourniresto.com\/blog\/#\/schema\/person\/00cd49bdc40fad977628b1bc176a4718"},"breadcrumb":{"@id":"https:\/\/www.fourniresto.com\/blog\/passez-vos-vacances-chez-le-duchet\/#breadcrumb"},"inLanguage":"fr-FR","potentialAction":[{"@type":"ReadAction","target":["https:\/\/www.fourniresto.com\/blog\/passez-vos-vacances-chez-le-duchet\/"]}]},{"@type":"BreadcrumbList","@id":"https:\/\/www.fourniresto.com\/blog\/passez-vos-vacances-chez-le-duchet\/#breadcrumb","itemListElement":[{"@type":"ListItem","position":1,"name":"Accueil","item":"https:\/\/www.fourniresto.com\/blog\/"},{"@type":"ListItem","position":2,"name":"Passez vos vacances chez Le Duchet"}]},{"@type":"WebSite","@id":"https:\/\/www.fourniresto.com\/blog\/#website","url":"https:\/\/www.fourniresto.com\/blog\/","name":"Le Blog FourniResto","description":"Conseils et actualit\u00e9s sur la Restauration Professionnelle","potentialAction":[{"@type":"SearchAction","target":{"@type":"EntryPoint","urlTemplate":"https:\/\/www.fourniresto.com\/blog\/?s={search_term_string}"},"query-input":"required name=search_term_string"}],"inLanguage":"fr-FR"},{"@type":"Person","@id":"https:\/\/www.fourniresto.com\/blog\/#\/schema\/person\/00cd49bdc40fad977628b1bc176a4718","name":"Rowana C"}]}},"uagb_featured_image_src":{"full":["https:\/\/www.fourniresto.com\/blog\/wp-content\/uploads\/2017\/09\/Passez-vos-vacances-chez-Le-Duchet.jpg",2240,1260,false],"thumbnail":["https:\/\/www.fourniresto.com\/blog\/wp-content\/uploads\/2017\/09\/Passez-vos-vacances-chez-Le-Duchet-150x150.jpg",150,150,true],"medium":["https:\/\/www.fourniresto.com\/blog\/wp-content\/uploads\/2017\/09\/Passez-vos-vacances-chez-Le-Duchet-300x169.jpg",300,169,true],"medium_large":["https:\/\/www.fourniresto.com\/blog\/wp-content\/uploads\/2017\/09\/Passez-vos-vacances-chez-Le-Duchet.jpg",768,432,false],"large":["https:\/\/www.fourniresto.com\/blog\/wp-content\/uploads\/2017\/09\/Passez-vos-vacances-chez-Le-Duchet-1024x576.jpg",1024,576,true],"1536x1536":["https:\/\/www.fourniresto.com\/blog\/wp-content\/uploads\/2017\/09\/Passez-vos-vacances-chez-Le-Duchet-1536x864.jpg",1536,864,true],"2048x2048":["https:\/\/www.fourniresto.com\/blog\/wp-content\/uploads\/2017\/09\/Passez-vos-vacances-chez-Le-Duchet-2048x1152.jpg",2048,1152,true],"ms_image_size_300":["https:\/\/www.fourniresto.com\/blog\/wp-content\/uploads\/2017\/09\/Passez-vos-vacances-chez-Le-Duchet-300x200.jpg",300,200,true],"post-thumbnail":["https:\/\/www.fourniresto.com\/blog\/wp-content\/uploads\/2017\/09\/Passez-vos-vacances-chez-Le-Duchet-370x208.jpg",370,208,true],"especio-thumb-huge":["https:\/\/www.fourniresto.com\/blog\/wp-content\/uploads\/2017\/09\/Passez-vos-vacances-chez-Le-Duchet-1170x658.jpg",1170,658,true],"especio-thumb-big":["https:\/\/www.fourniresto.com\/blog\/wp-content\/uploads\/2017\/09\/Passez-vos-vacances-chez-Le-Duchet-760x428.jpg",760,428,true],"especio-thumb-med":["https:\/\/www.fourniresto.com\/blog\/wp-content\/uploads\/2017\/09\/Passez-vos-vacances-chez-Le-Duchet-370x208.jpg",370,208,true],"especio-thumb-tiny":["https:\/\/www.fourniresto.com\/blog\/wp-content\/uploads\/2017\/09\/Passez-vos-vacances-chez-Le-Duchet-135x135.jpg",135,135,true],"especio-thumb-masonry-big":["https:\/\/www.fourniresto.com\/blog\/wp-content\/uploads\/2017\/09\/Passez-vos-vacances-chez-Le-Duchet-760x428.jpg",760,428,true],"especio-thumb-masonry":["https:\/\/www.fourniresto.com\/blog\/wp-content\/uploads\/2017\/09\/Passez-vos-vacances-chez-Le-Duchet-370x208.jpg",370,208,true],"especio-thumb-extra":["https:\/\/www.fourniresto.com\/blog\/wp-content\/uploads\/2017\/09\/Passez-vos-vacances-chez-Le-Duchet-570x498.jpg",570,498,true],"especio-thumb-square":["https:\/\/www.fourniresto.com\/blog\/wp-content\/uploads\/2017\/09\/Passez-vos-vacances-chez-Le-Duchet-270x258.jpg",270,258,true],"especio-thumb-plain":["https:\/\/www.fourniresto.com\/blog\/wp-content\/uploads\/2017\/09\/Passez-vos-vacances-chez-Le-Duchet-218x162.jpg",218,162,true],"especio-thumb-list":["https:\/\/www.fourniresto.com\/blog\/wp-content\/uploads\/2017\/09\/Passez-vos-vacances-chez-Le-Duchet-370x275.jpg",370,275,true],"trx_addons-thumb-small":["https:\/\/www.fourniresto.com\/blog\/wp-content\/uploads\/2017\/09\/Passez-vos-vacances-chez-Le-Duchet-270x152.jpg",270,152,true],"trx_addons-thumb-portrait":["https:\/\/www.fourniresto.com\/blog\/wp-content\/uploads\/2017\/09\/Passez-vos-vacances-chez-Le-Duchet-370x493.jpg",370,493,true],"trx_addons-thumb-avatar":["https:\/\/www.fourniresto.com\/blog\/wp-content\/uploads\/2017\/09\/Passez-vos-vacances-chez-Le-Duchet-370x370.jpg",370,370,true]},"uagb_author_info":{"display_name":"Rowana C","author_link":"https:\/\/www.fourniresto.com\/blog\/author\/rowana\/"},"uagb_comment_info":0,"uagb_excerpt":"Et si vous passiez vos vacances d\u2019\u00e9t\u00e9 ou d\u2019hiver dans le Jura dans le centre de vacances Le Duchet ? Le Duchet est un centre de vacances ou village-vacances \u00e0&hellip;","_links":{"self":[{"href":"https:\/\/www.fourniresto.com\/blog\/wp-json\/wp\/v2\/posts\/5637"}],"collection":[{"href":"https:\/\/www.fourniresto.com\/blog\/wp-json\/wp\/v2\/posts"}],"about":[{"href":"https:\/\/www.fourniresto.com\/blog\/wp-json\/wp\/v2\/types\/post"}],"author":[{"embeddable":true,"href":"https:\/\/www.fourniresto.com\/blog\/wp-json\/wp\/v2\/users\/4"}],"replies":[{"embeddable":true,"href":"https:\/\/www.fourniresto.com\/blog\/wp-json\/wp\/v2\/comments?post=5637"}],"version-history":[{"count":5,"href":"https:\/\/www.fourniresto.com\/blog\/wp-json\/wp\/v2\/posts\/5637\/revisions"}],"predecessor-version":[{"id":14833,"href":"https:\/\/www.fourniresto.com\/blog\/wp-json\/wp\/v2\/posts\/5637\/revisions\/14833"}],"wp:featuredmedia":[{"embeddable":true,"href":"https:\/\/www.fourniresto.com\/blog\/wp-json\/wp\/v2\/media\/16214"}],"wp:attachment":[{"href":"https:\/\/www.fourniresto.com\/blog\/wp-json\/wp\/v2\/media?parent=5637"}],"wp:term":[{"taxonomy":"category","embeddable":true,"href":"https:\/\/www.fourniresto.com\/blog\/wp-json\/wp\/v2\/categories?post=5637"},{"taxonomy":"post_tag","embeddable":true,"href":"https:\/\/www.fourniresto.com\/blog\/wp-json\/wp\/v2\/tags?post=5637"}],"curies":[{"name":"wp","href":"https:\/\/api.w.org\/{rel}","templated":true}]}}