{"id":4397,"date":"2017-08-04T12:30:40","date_gmt":"2017-08-04T10:30:40","guid":{"rendered":"https:\/\/www.fourniresto.com\/blog\/?p=4397"},"modified":"2022-03-22T10:31:05","modified_gmt":"2022-03-22T09:31:05","slug":"le-produit-de-la-semaine-la-machine-a-cafe-lirika","status":"publish","type":"post","link":"https:\/\/www.fourniresto.com\/blog\/le-produit-de-la-semaine-la-machine-a-cafe-lirika\/","title":{"rendered":"Le produit de la semaine : la machine \u00e0 caf\u00e9 LIRIKA"},"content":{"rendered":"<p class=\"p1\" style=\"text-align: justify;\"><span class=\"s1\">Difficile de commencer une journ\u00e9e sans caf\u00e9. Aujourd\u2019hui, l\u2019\u00e9quipe de FourniResto a test\u00e9 pour vous une cafeti\u00e8re expresso professionnelle\u2026 Voici notre avis. <\/span><\/p>\n<p class=\"p1\" style=\"text-align: justify;\"><span class=\"s1\">La <a href=\"https:\/\/www.fourniresto.com\/2192-machine-a-cafe-professionnelle-lirika.html\" target=\"_blank\" rel=\"noopener noreferrer\">machine \u00e0 caf\u00e9 Lirika<\/a> de la marque SAECO est une machine tr\u00e8s innovante. Elle dispose d\u2019un syst\u00e8me pr\u00e9-infusion, d\u2019un chauffe-eau de classe A et d\u2019un moulin en c\u00e9ramique. Son moulin \u00e0 grain de caf\u00e9 peut produire des caf\u00e9s succulents mais aussi des expressos dignes de ceux qu\u2019on boit en Italie.<\/span><\/p>\n<p class=\"p1\" style=\"text-align: justify;\"><a href=\"https:\/\/www.fourniresto.com\/blog\/wp-content\/uploads\/2017\/08\/machine-a-cafe-lirika.jpg\" rel=\"attachment wp-att-4398\"><img loading=\"lazy\" class=\"size-medium wp-image-4398 aligncenter\" src=\"https:\/\/www.fourniresto.com\/blog\/wp-content\/uploads\/2017\/08\/machine-a-cafe-lirika-300x300.jpg\" alt=\"machine-a-cafe-lirika\" width=\"300\" height=\"300\" srcset=\"https:\/\/www.fourniresto.com\/blog\/wp-content\/uploads\/2017\/08\/machine-a-cafe-lirika-300x300.jpg 300w, https:\/\/www.fourniresto.com\/blog\/wp-content\/uploads\/2017\/08\/machine-a-cafe-lirika-150x150.jpg 150w, https:\/\/www.fourniresto.com\/blog\/wp-content\/uploads\/2017\/08\/machine-a-cafe-lirika-370x370.jpg 370w, https:\/\/www.fourniresto.com\/blog\/wp-content\/uploads\/2017\/08\/machine-a-cafe-lirika-135x135.jpg 135w, https:\/\/www.fourniresto.com\/blog\/wp-content\/uploads\/2017\/08\/machine-a-cafe-lirika.jpg 471w\" sizes=\"(max-width: 300px) 100vw, 300px\" \/><\/a><\/p>\n<p class=\"p1\" style=\"text-align: justify;\"><span class=\"s1\">Son \u00e9cran est assez large et contient toutes les indications n\u00e9cessaires pour vous permettre de faire votre caf\u00e9. Son menu de programmation est tr\u00e8s simple \u00e0 param\u00e9trer en quelques minutes seulement. Cette machine est tr\u00e8s facile \u00e0 utiliser mais aussi \u00e0 entretenir. <\/span><\/p>\n<p class=\"p1\" style=\"text-align: justify;\"><span class=\"s1\">Une fois que les grains de caf\u00e9 sont mis \u00e0 l\u2019int\u00e9rieur du bac con\u00e7us pour les garder, il suffit simplement de suivre les instructions qui apparaissent sur l\u2019\u00e9cran. Le caf\u00e9 se fait tout seul une fois que vous avez s\u00e9lectionn\u00e9 le type de caf\u00e9 (long ou court) que vous d\u00e9sirez. <\/span><\/p>\n<p class=\"p1\" style=\"text-align: justify;\"><span class=\"s1\">Au total, cette machine peut faire <strong>25 caf\u00e9s par jour<\/strong> ! Elle est <a href=\"https:\/\/www.fourniresto.com\/blog\/wp-content\/uploads\/2017\/08\/cafe-tir-lisse-boisson-agreable_1172-478.jpg\" rel=\"attachment wp-att-4404\"><img loading=\"lazy\" class=\"size-medium wp-image-4404 alignright\" src=\"https:\/\/www.fourniresto.com\/blog\/wp-content\/uploads\/2017\/08\/cafe-tir-lisse-boisson-agreable_1172-478-300x300.jpg\" alt=\"cafe-tir-lisse-boisson-agreable_1172-478\" width=\"300\" height=\"300\" srcset=\"https:\/\/www.fourniresto.com\/blog\/wp-content\/uploads\/2017\/08\/cafe-tir-lisse-boisson-agreable_1172-478-300x300.jpg 300w, https:\/\/www.fourniresto.com\/blog\/wp-content\/uploads\/2017\/08\/cafe-tir-lisse-boisson-agreable_1172-478-150x150.jpg 150w, https:\/\/www.fourniresto.com\/blog\/wp-content\/uploads\/2017\/08\/cafe-tir-lisse-boisson-agreable_1172-478-370x370.jpg 370w, https:\/\/www.fourniresto.com\/blog\/wp-content\/uploads\/2017\/08\/cafe-tir-lisse-boisson-agreable_1172-478-135x135.jpg 135w, https:\/\/www.fourniresto.com\/blog\/wp-content\/uploads\/2017\/08\/cafe-tir-lisse-boisson-agreable_1172-478.jpg 626w\" sizes=\"(max-width: 300px) 100vw, 300px\" \/><\/a>id\u00e9ale dans les entreprises, restaurants, collectivit\u00e9s&nbsp;et bars. Elle n\u2019est pas tr\u00e8s imposante et convient parfaitement aux petits espaces. <\/span><\/p>\n<p class=\"p1\" style=\"text-align: justify;\"><span class=\"s1\">Vous pouvez confectionner&nbsp;<strong>deux caf\u00e9s \u00e0 la fois<\/strong>, ce qui vous permet de gagner du temps. Le nez peut se r\u00e9gler en hauteur, afin que vous puissiez y mettre diff\u00e9rents formats de verre : petits, grands, mugs\u2026 <\/span><\/p>\n<p class=\"p1\" style=\"text-align: justify;\"><span class=\"s1\">L\u2019\u00e9quipe FourniResto ne se s\u00e9pare pas de cette&nbsp;machine \u00e0 caf\u00e9 Lirika de la marque SAECO. Elle est tr\u00e8s performante et vous garantit un caf\u00e9 excellent. <\/span><\/p>\n","protected":false},"excerpt":{"rendered":"<p>Difficile de commencer une journ\u00e9e sans caf\u00e9. Aujourd\u2019hui, l\u2019\u00e9quipe de FourniResto a test\u00e9 pour vous une cafeti\u00e8re expresso professionnelle\u2026 Voici notre avis. La machine \u00e0 caf\u00e9 Lirika de la marque&hellip;<\/p>\n","protected":false},"author":4,"featured_media":15950,"comment_status":"closed","ping_status":"closed","sticky":false,"template":"","format":"standard","meta":{"content-type":"","_uag_custom_page_level_css":""},"categories":[923],"tags":[238,237,239,240,241],"yoast_head":"<!-- This site is optimized with the Yoast SEO plugin v19.13 - https:\/\/yoast.com\/wordpress\/plugins\/seo\/ -->\n<title>Le produit de la semaine : la machine \u00e0 caf\u00e9 LIRIKA - Le Blog FourniResto<\/title>\n<meta name=\"robots\" content=\"index, follow, max-snippet:-1, max-image-preview:large, max-video-preview:-1\" \/>\n<link rel=\"canonical\" href=\"https:\/\/www.fourniresto.com\/blog\/le-produit-de-la-semaine-la-machine-a-cafe-lirika\/\" \/>\n<meta property=\"og:locale\" content=\"fr_FR\" \/>\n<meta property=\"og:type\" content=\"article\" \/>\n<meta property=\"og:title\" content=\"Le produit de la semaine : la machine \u00e0 caf\u00e9 LIRIKA - Le Blog FourniResto\" \/>\n<meta property=\"og:description\" content=\"Difficile de commencer une journ\u00e9e sans caf\u00e9. Aujourd\u2019hui, l\u2019\u00e9quipe de FourniResto a test\u00e9 pour vous une cafeti\u00e8re expresso professionnelle\u2026 Voici notre avis. La machine \u00e0 caf\u00e9 Lirika de la marque&hellip;\" \/>\n<meta property=\"og:url\" content=\"https:\/\/www.fourniresto.com\/blog\/le-produit-de-la-semaine-la-machine-a-cafe-lirika\/\" \/>\n<meta property=\"og:site_name\" content=\"Le Blog FourniResto\" \/>\n<meta property=\"article:published_time\" content=\"2017-08-04T10:30:40+00:00\" \/>\n<meta property=\"article:modified_time\" content=\"2022-03-22T09:31:05+00:00\" \/>\n<meta property=\"og:image\" content=\"https:\/\/www.fourniresto.com\/blog\/wp-content\/uploads\/2017\/08\/Le-produit-de-la-semaine-la-machine-a\u0300-cafe\u0301-LIRIKA.jpg\" \/>\n\t<meta property=\"og:image:width\" content=\"2240\" \/>\n\t<meta property=\"og:image:height\" content=\"1260\" \/>\n\t<meta property=\"og:image:type\" content=\"image\/jpeg\" \/>\n<meta name=\"author\" content=\"Rowana C\" \/>\n<meta name=\"twitter:card\" content=\"summary_large_image\" \/>\n<meta name=\"twitter:label1\" content=\"\u00c9crit par\" \/>\n\t<meta name=\"twitter:data1\" content=\"Rowana C\" \/>\n\t<meta name=\"twitter:label2\" content=\"Dur\u00e9e de lecture estim\u00e9e\" \/>\n\t<meta name=\"twitter:data2\" content=\"1 minute\" \/>\n<script type=\"application\/ld+json\" class=\"yoast-schema-graph\">{\"@context\":\"https:\/\/schema.org\",\"@graph\":[{\"@type\":\"WebPage\",\"@id\":\"https:\/\/www.fourniresto.com\/blog\/le-produit-de-la-semaine-la-machine-a-cafe-lirika\/\",\"url\":\"https:\/\/www.fourniresto.com\/blog\/le-produit-de-la-semaine-la-machine-a-cafe-lirika\/\",\"name\":\"Le produit de la semaine : la machine \u00e0 caf\u00e9 LIRIKA - Le Blog FourniResto\",\"isPartOf\":{\"@id\":\"https:\/\/www.fourniresto.com\/blog\/#website\"},\"datePublished\":\"2017-08-04T10:30:40+00:00\",\"dateModified\":\"2022-03-22T09:31:05+00:00\",\"author\":{\"@id\":\"https:\/\/www.fourniresto.com\/blog\/#\/schema\/person\/00cd49bdc40fad977628b1bc176a4718\"},\"breadcrumb\":{\"@id\":\"https:\/\/www.fourniresto.com\/blog\/le-produit-de-la-semaine-la-machine-a-cafe-lirika\/#breadcrumb\"},\"inLanguage\":\"fr-FR\",\"potentialAction\":[{\"@type\":\"ReadAction\",\"target\":[\"https:\/\/www.fourniresto.com\/blog\/le-produit-de-la-semaine-la-machine-a-cafe-lirika\/\"]}]},{\"@type\":\"BreadcrumbList\",\"@id\":\"https:\/\/www.fourniresto.com\/blog\/le-produit-de-la-semaine-la-machine-a-cafe-lirika\/#breadcrumb\",\"itemListElement\":[{\"@type\":\"ListItem\",\"position\":1,\"name\":\"Accueil\",\"item\":\"https:\/\/www.fourniresto.com\/blog\/\"},{\"@type\":\"ListItem\",\"position\":2,\"name\":\"Le produit de la semaine : la machine \u00e0 caf\u00e9 LIRIKA\"}]},{\"@type\":\"WebSite\",\"@id\":\"https:\/\/www.fourniresto.com\/blog\/#website\",\"url\":\"https:\/\/www.fourniresto.com\/blog\/\",\"name\":\"Le Blog FourniResto\",\"description\":\"Conseils et actualit\u00e9s sur la Restauration Professionnelle\",\"potentialAction\":[{\"@type\":\"SearchAction\",\"target\":{\"@type\":\"EntryPoint\",\"urlTemplate\":\"https:\/\/www.fourniresto.com\/blog\/?s={search_term_string}\"},\"query-input\":\"required name=search_term_string\"}],\"inLanguage\":\"fr-FR\"},{\"@type\":\"Person\",\"@id\":\"https:\/\/www.fourniresto.com\/blog\/#\/schema\/person\/00cd49bdc40fad977628b1bc176a4718\",\"name\":\"Rowana C\"}]}<\/script>\n<!-- \/ Yoast SEO plugin. -->","yoast_head_json":{"title":"Le produit de la semaine : la machine \u00e0 caf\u00e9 LIRIKA - Le Blog FourniResto","robots":{"index":"index","follow":"follow","max-snippet":"max-snippet:-1","max-image-preview":"max-image-preview:large","max-video-preview":"max-video-preview:-1"},"canonical":"https:\/\/www.fourniresto.com\/blog\/le-produit-de-la-semaine-la-machine-a-cafe-lirika\/","og_locale":"fr_FR","og_type":"article","og_title":"Le produit de la semaine : la machine \u00e0 caf\u00e9 LIRIKA - Le Blog FourniResto","og_description":"Difficile de commencer une journ\u00e9e sans caf\u00e9. Aujourd\u2019hui, l\u2019\u00e9quipe de FourniResto a test\u00e9 pour vous une cafeti\u00e8re expresso professionnelle\u2026 Voici notre avis. La machine \u00e0 caf\u00e9 Lirika de la marque&hellip;","og_url":"https:\/\/www.fourniresto.com\/blog\/le-produit-de-la-semaine-la-machine-a-cafe-lirika\/","og_site_name":"Le Blog FourniResto","article_published_time":"2017-08-04T10:30:40+00:00","article_modified_time":"2022-03-22T09:31:05+00:00","og_image":[{"width":2240,"height":1260,"url":"https:\/\/www.fourniresto.com\/blog\/wp-content\/uploads\/2017\/08\/Le-produit-de-la-semaine-la-machine-a\u0300-cafe\u0301-LIRIKA.jpg","type":"image\/jpeg"}],"author":"Rowana C","twitter_card":"summary_large_image","twitter_misc":{"\u00c9crit par":"Rowana C","Dur\u00e9e de lecture estim\u00e9e":"1 minute"},"schema":{"@context":"https:\/\/schema.org","@graph":[{"@type":"WebPage","@id":"https:\/\/www.fourniresto.com\/blog\/le-produit-de-la-semaine-la-machine-a-cafe-lirika\/","url":"https:\/\/www.fourniresto.com\/blog\/le-produit-de-la-semaine-la-machine-a-cafe-lirika\/","name":"Le produit de la semaine : la machine \u00e0 caf\u00e9 LIRIKA - Le Blog FourniResto","isPartOf":{"@id":"https:\/\/www.fourniresto.com\/blog\/#website"},"datePublished":"2017-08-04T10:30:40+00:00","dateModified":"2022-03-22T09:31:05+00:00","author":{"@id":"https:\/\/www.fourniresto.com\/blog\/#\/schema\/person\/00cd49bdc40fad977628b1bc176a4718"},"breadcrumb":{"@id":"https:\/\/www.fourniresto.com\/blog\/le-produit-de-la-semaine-la-machine-a-cafe-lirika\/#breadcrumb"},"inLanguage":"fr-FR","potentialAction":[{"@type":"ReadAction","target":["https:\/\/www.fourniresto.com\/blog\/le-produit-de-la-semaine-la-machine-a-cafe-lirika\/"]}]},{"@type":"BreadcrumbList","@id":"https:\/\/www.fourniresto.com\/blog\/le-produit-de-la-semaine-la-machine-a-cafe-lirika\/#breadcrumb","itemListElement":[{"@type":"ListItem","position":1,"name":"Accueil","item":"https:\/\/www.fourniresto.com\/blog\/"},{"@type":"ListItem","position":2,"name":"Le produit de la semaine : la machine \u00e0 caf\u00e9 LIRIKA"}]},{"@type":"WebSite","@id":"https:\/\/www.fourniresto.com\/blog\/#website","url":"https:\/\/www.fourniresto.com\/blog\/","name":"Le Blog FourniResto","description":"Conseils et actualit\u00e9s sur la Restauration Professionnelle","potentialAction":[{"@type":"SearchAction","target":{"@type":"EntryPoint","urlTemplate":"https:\/\/www.fourniresto.com\/blog\/?s={search_term_string}"},"query-input":"required name=search_term_string"}],"inLanguage":"fr-FR"},{"@type":"Person","@id":"https:\/\/www.fourniresto.com\/blog\/#\/schema\/person\/00cd49bdc40fad977628b1bc176a4718","name":"Rowana C"}]}},"uagb_featured_image_src":{"full":["https:\/\/www.fourniresto.com\/blog\/wp-content\/uploads\/2017\/08\/Le-produit-de-la-semaine-la-machine-a\u0300-cafe\u0301-LIRIKA.jpg",2240,1260,false],"thumbnail":["https:\/\/www.fourniresto.com\/blog\/wp-content\/uploads\/2017\/08\/Le-produit-de-la-semaine-la-machine-a\u0300-cafe\u0301-LIRIKA-150x150.jpg",150,150,true],"medium":["https:\/\/www.fourniresto.com\/blog\/wp-content\/uploads\/2017\/08\/Le-produit-de-la-semaine-la-machine-a\u0300-cafe\u0301-LIRIKA-300x169.jpg",300,169,true],"medium_large":["https:\/\/www.fourniresto.com\/blog\/wp-content\/uploads\/2017\/08\/Le-produit-de-la-semaine-la-machine-a\u0300-cafe\u0301-LIRIKA.jpg",768,432,false],"large":["https:\/\/www.fourniresto.com\/blog\/wp-content\/uploads\/2017\/08\/Le-produit-de-la-semaine-la-machine-a\u0300-cafe\u0301-LIRIKA-1024x576.jpg",1024,576,true],"1536x1536":["https:\/\/www.fourniresto.com\/blog\/wp-content\/uploads\/2017\/08\/Le-produit-de-la-semaine-la-machine-a\u0300-cafe\u0301-LIRIKA-1536x864.jpg",1536,864,true],"2048x2048":["https:\/\/www.fourniresto.com\/blog\/wp-content\/uploads\/2017\/08\/Le-produit-de-la-semaine-la-machine-a\u0300-cafe\u0301-LIRIKA-2048x1152.jpg",2048,1152,true],"ms_image_size_300":["https:\/\/www.fourniresto.com\/blog\/wp-content\/uploads\/2017\/08\/Le-produit-de-la-semaine-la-machine-a\u0300-cafe\u0301-LIRIKA-300x200.jpg",300,200,true],"post-thumbnail":["https:\/\/www.fourniresto.com\/blog\/wp-content\/uploads\/2017\/08\/Le-produit-de-la-semaine-la-machine-a\u0300-cafe\u0301-LIRIKA-370x208.jpg",370,208,true],"especio-thumb-huge":["https:\/\/www.fourniresto.com\/blog\/wp-content\/uploads\/2017\/08\/Le-produit-de-la-semaine-la-machine-a\u0300-cafe\u0301-LIRIKA-1170x658.jpg",1170,658,true],"especio-thumb-big":["https:\/\/www.fourniresto.com\/blog\/wp-content\/uploads\/2017\/08\/Le-produit-de-la-semaine-la-machine-a\u0300-cafe\u0301-LIRIKA-760x428.jpg",760,428,true],"especio-thumb-med":["https:\/\/www.fourniresto.com\/blog\/wp-content\/uploads\/2017\/08\/Le-produit-de-la-semaine-la-machine-a\u0300-cafe\u0301-LIRIKA-370x208.jpg",370,208,true],"especio-thumb-tiny":["https:\/\/www.fourniresto.com\/blog\/wp-content\/uploads\/2017\/08\/Le-produit-de-la-semaine-la-machine-a\u0300-cafe\u0301-LIRIKA-135x135.jpg",135,135,true],"especio-thumb-masonry-big":["https:\/\/www.fourniresto.com\/blog\/wp-content\/uploads\/2017\/08\/Le-produit-de-la-semaine-la-machine-a\u0300-cafe\u0301-LIRIKA-760x428.jpg",760,428,true],"especio-thumb-masonry":["https:\/\/www.fourniresto.com\/blog\/wp-content\/uploads\/2017\/08\/Le-produit-de-la-semaine-la-machine-a\u0300-cafe\u0301-LIRIKA-370x208.jpg",370,208,true],"especio-thumb-extra":["https:\/\/www.fourniresto.com\/blog\/wp-content\/uploads\/2017\/08\/Le-produit-de-la-semaine-la-machine-a\u0300-cafe\u0301-LIRIKA-570x498.jpg",570,498,true],"especio-thumb-square":["https:\/\/www.fourniresto.com\/blog\/wp-content\/uploads\/2017\/08\/Le-produit-de-la-semaine-la-machine-a\u0300-cafe\u0301-LIRIKA-270x258.jpg",270,258,true],"especio-thumb-plain":["https:\/\/www.fourniresto.com\/blog\/wp-content\/uploads\/2017\/08\/Le-produit-de-la-semaine-la-machine-a\u0300-cafe\u0301-LIRIKA-218x162.jpg",218,162,true],"especio-thumb-list":["https:\/\/www.fourniresto.com\/blog\/wp-content\/uploads\/2017\/08\/Le-produit-de-la-semaine-la-machine-a\u0300-cafe\u0301-LIRIKA-370x275.jpg",370,275,true],"trx_addons-thumb-small":["https:\/\/www.fourniresto.com\/blog\/wp-content\/uploads\/2017\/08\/Le-produit-de-la-semaine-la-machine-a\u0300-cafe\u0301-LIRIKA-270x152.jpg",270,152,true],"trx_addons-thumb-portrait":["https:\/\/www.fourniresto.com\/blog\/wp-content\/uploads\/2017\/08\/Le-produit-de-la-semaine-la-machine-a\u0300-cafe\u0301-LIRIKA-370x493.jpg",370,493,true],"trx_addons-thumb-avatar":["https:\/\/www.fourniresto.com\/blog\/wp-content\/uploads\/2017\/08\/Le-produit-de-la-semaine-la-machine-a\u0300-cafe\u0301-LIRIKA-370x370.jpg",370,370,true]},"uagb_author_info":{"display_name":"Rowana C","author_link":"https:\/\/www.fourniresto.com\/blog\/author\/rowana\/"},"uagb_comment_info":0,"uagb_excerpt":"Difficile de commencer une journ\u00e9e sans caf\u00e9. Aujourd\u2019hui, l\u2019\u00e9quipe de FourniResto a test\u00e9 pour vous une cafeti\u00e8re expresso professionnelle\u2026 Voici notre avis. La machine \u00e0 caf\u00e9 Lirika de la marque&hellip;","_links":{"self":[{"href":"https:\/\/www.fourniresto.com\/blog\/wp-json\/wp\/v2\/posts\/4397"}],"collection":[{"href":"https:\/\/www.fourniresto.com\/blog\/wp-json\/wp\/v2\/posts"}],"about":[{"href":"https:\/\/www.fourniresto.com\/blog\/wp-json\/wp\/v2\/types\/post"}],"author":[{"embeddable":true,"href":"https:\/\/www.fourniresto.com\/blog\/wp-json\/wp\/v2\/users\/4"}],"replies":[{"embeddable":true,"href":"https:\/\/www.fourniresto.com\/blog\/wp-json\/wp\/v2\/comments?post=4397"}],"version-history":[{"count":8,"href":"https:\/\/www.fourniresto.com\/blog\/wp-json\/wp\/v2\/posts\/4397\/revisions"}],"predecessor-version":[{"id":14937,"href":"https:\/\/www.fourniresto.com\/blog\/wp-json\/wp\/v2\/posts\/4397\/revisions\/14937"}],"wp:featuredmedia":[{"embeddable":true,"href":"https:\/\/www.fourniresto.com\/blog\/wp-json\/wp\/v2\/media\/15950"}],"wp:attachment":[{"href":"https:\/\/www.fourniresto.com\/blog\/wp-json\/wp\/v2\/media?parent=4397"}],"wp:term":[{"taxonomy":"category","embeddable":true,"href":"https:\/\/www.fourniresto.com\/blog\/wp-json\/wp\/v2\/categories?post=4397"},{"taxonomy":"post_tag","embeddable":true,"href":"https:\/\/www.fourniresto.com\/blog\/wp-json\/wp\/v2\/tags?post=4397"}],"curies":[{"name":"wp","href":"https:\/\/api.w.org\/{rel}","templated":true}]}}