{"id":3652,"date":"2017-07-17T15:52:32","date_gmt":"2017-07-17T13:52:32","guid":{"rendered":"https:\/\/www.fourniresto.com\/blog\/?p=3652"},"modified":"2022-04-01T14:31:03","modified_gmt":"2022-04-01T12:31:03","slug":"organisez-vos-evenements-avec-florenilo-festiflo","status":"publish","type":"post","link":"https:\/\/www.fourniresto.com\/blog\/organisez-vos-evenements-avec-florenilo-festiflo\/","title":{"rendered":"Organisez vos \u00e9v\u00e9nements avec Florenilo FestiFlo"},"content":{"rendered":"<p style=\"text-align: justify;\">Un vaste domaine au coeur de Biviers, dans le d\u00e9partement de l&#8217;Is\u00e8re en r\u00e9gion Rh\u00f4ne-Alpes, un parc de 4 hectares, deux grandes salles de 140m, un cadre idyllique pour tous types d\u2019\u00e9v\u00e8nements, c\u2019est ce que propose Florenilo FestiFlo. Avec ses organisateurs d\u2019\u00e9v\u00e8nements professionnels, vos mariages, c\u00e9r\u00e9monies ou soir\u00e9es deviendront des moments inoubliables et uniques.<\/p>\n<p style=\"text-align: justify;\">Cet \u00e9norme espace, datant de 1650, est ancr\u00e9 dans un h\u00e9ritage familial que l\u2019\u00e9quipe a tenu \u00e0 partager avec le grand public. Depuis 2005, le site conna\u00eet une grande r\u00e9novation afin d\u2019en faire un lieu de paix, de bonheur et de bien-\u00eatre. Il a \u00e9t\u00e9 aussi repens\u00e9 pour \u00eatre en mesure d\u2019accueillir de tr\u00e8s grands \u00e9v\u00e8nements comme des mariages. C\u2019est au d\u00e9but de l\u2019ann\u00e9e 2017 que le parc a ouvert et qu\u2019il a commenc\u00e9 \u00e0 accueillir ses premi\u00e8res grandes c\u00e9r\u00e9monies.<\/p>\n<p style=\"text-align: justify;\"><img loading=\"lazy\" class=\"size-medium wp-image-3658 alignleft\" src=\"https:\/\/www.fourniresto.com\/blog\/wp-content\/uploads\/2017\/07\/ced86c_702729f8113043f781b2515d99fcc3f5mv2_d_2784_1856_s_2-300x200.jpg\" alt=\"ced86c_702729f8113043f781b2515d99fcc3f5~mv2_d_2784_1856_s_2\" width=\"300\" height=\"200\" srcset=\"https:\/\/www.fourniresto.com\/blog\/wp-content\/uploads\/2017\/07\/ced86c_702729f8113043f781b2515d99fcc3f5mv2_d_2784_1856_s_2-300x200.jpg 300w, https:\/\/www.fourniresto.com\/blog\/wp-content\/uploads\/2017\/07\/ced86c_702729f8113043f781b2515d99fcc3f5mv2_d_2784_1856_s_2-1024x683.jpg 1024w, https:\/\/www.fourniresto.com\/blog\/wp-content\/uploads\/2017\/07\/ced86c_702729f8113043f781b2515d99fcc3f5mv2_d_2784_1856_s_2-370x247.jpg 370w, https:\/\/www.fourniresto.com\/blog\/wp-content\/uploads\/2017\/07\/ced86c_702729f8113043f781b2515d99fcc3f5mv2_d_2784_1856_s_2-760x507.jpg 760w, https:\/\/www.fourniresto.com\/blog\/wp-content\/uploads\/2017\/07\/ced86c_702729f8113043f781b2515d99fcc3f5mv2_d_2784_1856_s_2.jpg 1084w\" sizes=\"(max-width: 300px) 100vw, 300px\" \/>Les vastes salles d\u2019\u00e9v\u00e8nements sont \u00e0 chaque fois retravaill\u00e9es par l\u2019\u00e9quipe afin qu\u2019elles ne soient jamais identiques. L\u2019\u00e9quipe n\u2019h\u00e9site pas \u00e0 repeindre, jouer avec des effets d\u2019optique et trompe-oeil afin de montrer l\u2019originalit\u00e9 des locaux et des salles. Chaque \u00e9v\u00e9nement est fait sur-mesure, en r\u00e9pondant aux attentes des clients.<\/p>\n<p style=\"text-align: justify;\">L\u2019\u00e9quipe Florenilo, compos\u00e9e de: Florence, Ren\u00e9 et Ilona, travaille avec des prestataires de grandes qualit\u00e9s, comme par exemple \u00ab&nbsp;<em>Les caves de Corenc<\/em>&nbsp;\u00bb, \u00ab&nbsp;<em>Mill\u00e9sime SPA<\/em>&nbsp;\u00bb ou \u00ab&nbsp;<em>Vert feuille<\/em>&nbsp;\u00bb. Les d\u00e9corations, en passant par votre mise en beaut\u00e9 ou encore le traiteur, l&#8217;\u00e9quipe s&#8217;occupe de tout pour vous. Ils peuvent aussi vous proposer des mises en sc\u00e8ne originales et m\u00eame de l\u2019animation pour distraire vos invit\u00e9s.<\/p>\n<p style=\"text-align: justify;\"><img loading=\"lazy\" class=\" wp-image-3657 alignright\" src=\"https:\/\/www.fourniresto.com\/blog\/wp-content\/uploads\/2017\/07\/ced86c_b96e7799a4b0477cae8a1e648c1de91bmv2_d_3578_2385_s_2-1-300x200.jpg\" alt=\"ced86c_b96e7799a4b0477cae8a1e648c1de91b~mv2_d_3578_2385_s_2\" width=\"361\" height=\"241\" srcset=\"https:\/\/www.fourniresto.com\/blog\/wp-content\/uploads\/2017\/07\/ced86c_b96e7799a4b0477cae8a1e648c1de91bmv2_d_3578_2385_s_2-1-300x200.jpg 300w, https:\/\/www.fourniresto.com\/blog\/wp-content\/uploads\/2017\/07\/ced86c_b96e7799a4b0477cae8a1e648c1de91bmv2_d_3578_2385_s_2-1-1024x683.jpg 1024w, https:\/\/www.fourniresto.com\/blog\/wp-content\/uploads\/2017\/07\/ced86c_b96e7799a4b0477cae8a1e648c1de91bmv2_d_3578_2385_s_2-1-370x247.jpg 370w, https:\/\/www.fourniresto.com\/blog\/wp-content\/uploads\/2017\/07\/ced86c_b96e7799a4b0477cae8a1e648c1de91bmv2_d_3578_2385_s_2-1-760x507.jpg 760w, https:\/\/www.fourniresto.com\/blog\/wp-content\/uploads\/2017\/07\/ced86c_b96e7799a4b0477cae8a1e648c1de91bmv2_d_3578_2385_s_2-1.jpg 1084w\" sizes=\"(max-width: 361px) 100vw, 361px\" \/><\/p>\n<p style=\"text-align: justify;\">Florenilo FestiFlo assure un travail de tr\u00e8s haute qualit\u00e9 et prestigieuse. Le but ultime de cette entreprise est de faire de vos c\u00e9r\u00e9monies ou f\u00eates des instants inoubliables.<\/p>\n<p style=\"text-align: left;\"><strong><span style=\"text-decoration: underline;\">Informations pratiques :<br \/>\n<\/span><\/strong>212 chemin du Bontoux&nbsp;38330 Biviers<br \/>\nOuvert tous les jours de 7h \u00e0 23h<br \/>\nFacebook :&nbsp;<a class=\"_64-f broken_link\" href=\"https:\/\/www.facebook.com\/Florenilo\/\">Florenilo Ch\u00e2teau<\/a><\/p>\n","protected":false},"excerpt":{"rendered":"<p>Un vaste domaine au coeur de Biviers, dans le d\u00e9partement de l&#8217;Is\u00e8re en r\u00e9gion Rh\u00f4ne-Alpes, un parc de 4 hectares, deux grandes salles de 140m, un cadre idyllique pour tous&hellip;<\/p>\n","protected":false},"author":1,"featured_media":16224,"comment_status":"closed","ping_status":"closed","sticky":false,"template":"","format":"standard","meta":{"content-type":"","_uag_custom_page_level_css":""},"categories":[922],"tags":[57,55,56,59,58,61],"yoast_head":"<!-- This site is optimized with the Yoast SEO plugin v19.13 - https:\/\/yoast.com\/wordpress\/plugins\/seo\/ -->\n<title>Organisez vos \u00e9v\u00e9nements avec Florenilo FestiFlo - Le Blog FourniResto<\/title>\n<meta name=\"robots\" content=\"index, follow, max-snippet:-1, max-image-preview:large, max-video-preview:-1\" \/>\n<link rel=\"canonical\" href=\"https:\/\/www.fourniresto.com\/blog\/organisez-vos-evenements-avec-florenilo-festiflo\/\" \/>\n<meta property=\"og:locale\" content=\"fr_FR\" \/>\n<meta property=\"og:type\" content=\"article\" \/>\n<meta property=\"og:title\" content=\"Organisez vos \u00e9v\u00e9nements avec Florenilo FestiFlo - Le Blog FourniResto\" \/>\n<meta property=\"og:description\" content=\"Un vaste domaine au coeur de Biviers, dans le d\u00e9partement de l&#8217;Is\u00e8re en r\u00e9gion Rh\u00f4ne-Alpes, un parc de 4 hectares, deux grandes salles de 140m, un cadre idyllique pour tous&hellip;\" \/>\n<meta property=\"og:url\" content=\"https:\/\/www.fourniresto.com\/blog\/organisez-vos-evenements-avec-florenilo-festiflo\/\" \/>\n<meta property=\"og:site_name\" content=\"Le Blog FourniResto\" \/>\n<meta property=\"article:published_time\" content=\"2017-07-17T13:52:32+00:00\" \/>\n<meta property=\"article:modified_time\" content=\"2022-04-01T12:31:03+00:00\" \/>\n<meta property=\"og:image\" content=\"https:\/\/www.fourniresto.com\/blog\/wp-content\/uploads\/2017\/07\/Organisez-vos-e\u0301ve\u0301nements-avec-Florenilo-FestiFlo.jpg\" \/>\n\t<meta property=\"og:image:width\" content=\"2240\" \/>\n\t<meta property=\"og:image:height\" content=\"1260\" \/>\n\t<meta property=\"og:image:type\" content=\"image\/jpeg\" \/>\n<meta name=\"author\" content=\"Admin\" \/>\n<meta name=\"twitter:card\" content=\"summary_large_image\" \/>\n<meta name=\"twitter:label1\" content=\"\u00c9crit par\" \/>\n\t<meta name=\"twitter:data1\" content=\"Admin\" \/>\n\t<meta name=\"twitter:label2\" content=\"Dur\u00e9e de lecture estim\u00e9e\" \/>\n\t<meta name=\"twitter:data2\" content=\"2 minutes\" \/>\n<script type=\"application\/ld+json\" class=\"yoast-schema-graph\">{\"@context\":\"https:\/\/schema.org\",\"@graph\":[{\"@type\":\"WebPage\",\"@id\":\"https:\/\/www.fourniresto.com\/blog\/organisez-vos-evenements-avec-florenilo-festiflo\/\",\"url\":\"https:\/\/www.fourniresto.com\/blog\/organisez-vos-evenements-avec-florenilo-festiflo\/\",\"name\":\"Organisez vos \u00e9v\u00e9nements avec Florenilo FestiFlo - Le Blog FourniResto\",\"isPartOf\":{\"@id\":\"https:\/\/www.fourniresto.com\/blog\/#website\"},\"datePublished\":\"2017-07-17T13:52:32+00:00\",\"dateModified\":\"2022-04-01T12:31:03+00:00\",\"author\":{\"@id\":\"https:\/\/www.fourniresto.com\/blog\/#\/schema\/person\/7bdd27da86a0fd78ebae2c0282518b37\"},\"breadcrumb\":{\"@id\":\"https:\/\/www.fourniresto.com\/blog\/organisez-vos-evenements-avec-florenilo-festiflo\/#breadcrumb\"},\"inLanguage\":\"fr-FR\",\"potentialAction\":[{\"@type\":\"ReadAction\",\"target\":[\"https:\/\/www.fourniresto.com\/blog\/organisez-vos-evenements-avec-florenilo-festiflo\/\"]}]},{\"@type\":\"BreadcrumbList\",\"@id\":\"https:\/\/www.fourniresto.com\/blog\/organisez-vos-evenements-avec-florenilo-festiflo\/#breadcrumb\",\"itemListElement\":[{\"@type\":\"ListItem\",\"position\":1,\"name\":\"Accueil\",\"item\":\"https:\/\/www.fourniresto.com\/blog\/\"},{\"@type\":\"ListItem\",\"position\":2,\"name\":\"Organisez vos \u00e9v\u00e9nements avec Florenilo FestiFlo\"}]},{\"@type\":\"WebSite\",\"@id\":\"https:\/\/www.fourniresto.com\/blog\/#website\",\"url\":\"https:\/\/www.fourniresto.com\/blog\/\",\"name\":\"Le Blog FourniResto\",\"description\":\"Conseils et actualit\u00e9s sur la Restauration Professionnelle\",\"potentialAction\":[{\"@type\":\"SearchAction\",\"target\":{\"@type\":\"EntryPoint\",\"urlTemplate\":\"https:\/\/www.fourniresto.com\/blog\/?s={search_term_string}\"},\"query-input\":\"required name=search_term_string\"}],\"inLanguage\":\"fr-FR\"},{\"@type\":\"Person\",\"@id\":\"https:\/\/www.fourniresto.com\/blog\/#\/schema\/person\/7bdd27da86a0fd78ebae2c0282518b37\",\"name\":\"Admin\"}]}<\/script>\n<!-- \/ Yoast SEO plugin. -->","yoast_head_json":{"title":"Organisez vos \u00e9v\u00e9nements avec Florenilo FestiFlo - Le Blog FourniResto","robots":{"index":"index","follow":"follow","max-snippet":"max-snippet:-1","max-image-preview":"max-image-preview:large","max-video-preview":"max-video-preview:-1"},"canonical":"https:\/\/www.fourniresto.com\/blog\/organisez-vos-evenements-avec-florenilo-festiflo\/","og_locale":"fr_FR","og_type":"article","og_title":"Organisez vos \u00e9v\u00e9nements avec Florenilo FestiFlo - Le Blog FourniResto","og_description":"Un vaste domaine au coeur de Biviers, dans le d\u00e9partement de l&#8217;Is\u00e8re en r\u00e9gion Rh\u00f4ne-Alpes, un parc de 4 hectares, deux grandes salles de 140m, un cadre idyllique pour tous&hellip;","og_url":"https:\/\/www.fourniresto.com\/blog\/organisez-vos-evenements-avec-florenilo-festiflo\/","og_site_name":"Le Blog FourniResto","article_published_time":"2017-07-17T13:52:32+00:00","article_modified_time":"2022-04-01T12:31:03+00:00","og_image":[{"width":2240,"height":1260,"url":"https:\/\/www.fourniresto.com\/blog\/wp-content\/uploads\/2017\/07\/Organisez-vos-e\u0301ve\u0301nements-avec-Florenilo-FestiFlo.jpg","type":"image\/jpeg"}],"author":"Admin","twitter_card":"summary_large_image","twitter_misc":{"\u00c9crit par":"Admin","Dur\u00e9e de lecture estim\u00e9e":"2 minutes"},"schema":{"@context":"https:\/\/schema.org","@graph":[{"@type":"WebPage","@id":"https:\/\/www.fourniresto.com\/blog\/organisez-vos-evenements-avec-florenilo-festiflo\/","url":"https:\/\/www.fourniresto.com\/blog\/organisez-vos-evenements-avec-florenilo-festiflo\/","name":"Organisez vos \u00e9v\u00e9nements avec Florenilo FestiFlo - Le Blog FourniResto","isPartOf":{"@id":"https:\/\/www.fourniresto.com\/blog\/#website"},"datePublished":"2017-07-17T13:52:32+00:00","dateModified":"2022-04-01T12:31:03+00:00","author":{"@id":"https:\/\/www.fourniresto.com\/blog\/#\/schema\/person\/7bdd27da86a0fd78ebae2c0282518b37"},"breadcrumb":{"@id":"https:\/\/www.fourniresto.com\/blog\/organisez-vos-evenements-avec-florenilo-festiflo\/#breadcrumb"},"inLanguage":"fr-FR","potentialAction":[{"@type":"ReadAction","target":["https:\/\/www.fourniresto.com\/blog\/organisez-vos-evenements-avec-florenilo-festiflo\/"]}]},{"@type":"BreadcrumbList","@id":"https:\/\/www.fourniresto.com\/blog\/organisez-vos-evenements-avec-florenilo-festiflo\/#breadcrumb","itemListElement":[{"@type":"ListItem","position":1,"name":"Accueil","item":"https:\/\/www.fourniresto.com\/blog\/"},{"@type":"ListItem","position":2,"name":"Organisez vos \u00e9v\u00e9nements avec Florenilo FestiFlo"}]},{"@type":"WebSite","@id":"https:\/\/www.fourniresto.com\/blog\/#website","url":"https:\/\/www.fourniresto.com\/blog\/","name":"Le Blog FourniResto","description":"Conseils et actualit\u00e9s sur la Restauration Professionnelle","potentialAction":[{"@type":"SearchAction","target":{"@type":"EntryPoint","urlTemplate":"https:\/\/www.fourniresto.com\/blog\/?s={search_term_string}"},"query-input":"required name=search_term_string"}],"inLanguage":"fr-FR"},{"@type":"Person","@id":"https:\/\/www.fourniresto.com\/blog\/#\/schema\/person\/7bdd27da86a0fd78ebae2c0282518b37","name":"Admin"}]}},"uagb_featured_image_src":{"full":["https:\/\/www.fourniresto.com\/blog\/wp-content\/uploads\/2017\/07\/Organisez-vos-e\u0301ve\u0301nements-avec-Florenilo-FestiFlo.jpg",2240,1260,false],"thumbnail":["https:\/\/www.fourniresto.com\/blog\/wp-content\/uploads\/2017\/07\/Organisez-vos-e\u0301ve\u0301nements-avec-Florenilo-FestiFlo-150x150.jpg",150,150,true],"medium":["https:\/\/www.fourniresto.com\/blog\/wp-content\/uploads\/2017\/07\/Organisez-vos-e\u0301ve\u0301nements-avec-Florenilo-FestiFlo-300x169.jpg",300,169,true],"medium_large":["https:\/\/www.fourniresto.com\/blog\/wp-content\/uploads\/2017\/07\/Organisez-vos-e\u0301ve\u0301nements-avec-Florenilo-FestiFlo.jpg",768,432,false],"large":["https:\/\/www.fourniresto.com\/blog\/wp-content\/uploads\/2017\/07\/Organisez-vos-e\u0301ve\u0301nements-avec-Florenilo-FestiFlo-1024x576.jpg",1024,576,true],"1536x1536":["https:\/\/www.fourniresto.com\/blog\/wp-content\/uploads\/2017\/07\/Organisez-vos-e\u0301ve\u0301nements-avec-Florenilo-FestiFlo-1536x864.jpg",1536,864,true],"2048x2048":["https:\/\/www.fourniresto.com\/blog\/wp-content\/uploads\/2017\/07\/Organisez-vos-e\u0301ve\u0301nements-avec-Florenilo-FestiFlo-2048x1152.jpg",2048,1152,true],"ms_image_size_300":["https:\/\/www.fourniresto.com\/blog\/wp-content\/uploads\/2017\/07\/Organisez-vos-e\u0301ve\u0301nements-avec-Florenilo-FestiFlo-300x200.jpg",300,200,true],"post-thumbnail":["https:\/\/www.fourniresto.com\/blog\/wp-content\/uploads\/2017\/07\/Organisez-vos-e\u0301ve\u0301nements-avec-Florenilo-FestiFlo-370x208.jpg",370,208,true],"especio-thumb-huge":["https:\/\/www.fourniresto.com\/blog\/wp-content\/uploads\/2017\/07\/Organisez-vos-e\u0301ve\u0301nements-avec-Florenilo-FestiFlo-1170x658.jpg",1170,658,true],"especio-thumb-big":["https:\/\/www.fourniresto.com\/blog\/wp-content\/uploads\/2017\/07\/Organisez-vos-e\u0301ve\u0301nements-avec-Florenilo-FestiFlo-760x428.jpg",760,428,true],"especio-thumb-med":["https:\/\/www.fourniresto.com\/blog\/wp-content\/uploads\/2017\/07\/Organisez-vos-e\u0301ve\u0301nements-avec-Florenilo-FestiFlo-370x208.jpg",370,208,true],"especio-thumb-tiny":["https:\/\/www.fourniresto.com\/blog\/wp-content\/uploads\/2017\/07\/Organisez-vos-e\u0301ve\u0301nements-avec-Florenilo-FestiFlo-135x135.jpg",135,135,true],"especio-thumb-masonry-big":["https:\/\/www.fourniresto.com\/blog\/wp-content\/uploads\/2017\/07\/Organisez-vos-e\u0301ve\u0301nements-avec-Florenilo-FestiFlo-760x428.jpg",760,428,true],"especio-thumb-masonry":["https:\/\/www.fourniresto.com\/blog\/wp-content\/uploads\/2017\/07\/Organisez-vos-e\u0301ve\u0301nements-avec-Florenilo-FestiFlo-370x208.jpg",370,208,true],"especio-thumb-extra":["https:\/\/www.fourniresto.com\/blog\/wp-content\/uploads\/2017\/07\/Organisez-vos-e\u0301ve\u0301nements-avec-Florenilo-FestiFlo-570x498.jpg",570,498,true],"especio-thumb-square":["https:\/\/www.fourniresto.com\/blog\/wp-content\/uploads\/2017\/07\/Organisez-vos-e\u0301ve\u0301nements-avec-Florenilo-FestiFlo-270x258.jpg",270,258,true],"especio-thumb-plain":["https:\/\/www.fourniresto.com\/blog\/wp-content\/uploads\/2017\/07\/Organisez-vos-e\u0301ve\u0301nements-avec-Florenilo-FestiFlo-218x162.jpg",218,162,true],"especio-thumb-list":["https:\/\/www.fourniresto.com\/blog\/wp-content\/uploads\/2017\/07\/Organisez-vos-e\u0301ve\u0301nements-avec-Florenilo-FestiFlo-370x275.jpg",370,275,true],"trx_addons-thumb-small":["https:\/\/www.fourniresto.com\/blog\/wp-content\/uploads\/2017\/07\/Organisez-vos-e\u0301ve\u0301nements-avec-Florenilo-FestiFlo-270x152.jpg",270,152,true],"trx_addons-thumb-portrait":["https:\/\/www.fourniresto.com\/blog\/wp-content\/uploads\/2017\/07\/Organisez-vos-e\u0301ve\u0301nements-avec-Florenilo-FestiFlo-370x493.jpg",370,493,true],"trx_addons-thumb-avatar":["https:\/\/www.fourniresto.com\/blog\/wp-content\/uploads\/2017\/07\/Organisez-vos-e\u0301ve\u0301nements-avec-Florenilo-FestiFlo-370x370.jpg",370,370,true]},"uagb_author_info":{"display_name":"Admin","author_link":"https:\/\/www.fourniresto.com\/blog\/author\/admin\/"},"uagb_comment_info":0,"uagb_excerpt":"Un vaste domaine au coeur de Biviers, dans le d\u00e9partement de l&#8217;Is\u00e8re en r\u00e9gion Rh\u00f4ne-Alpes, un parc de 4 hectares, deux grandes salles de 140m, un cadre idyllique pour tous&hellip;","_links":{"self":[{"href":"https:\/\/www.fourniresto.com\/blog\/wp-json\/wp\/v2\/posts\/3652"}],"collection":[{"href":"https:\/\/www.fourniresto.com\/blog\/wp-json\/wp\/v2\/posts"}],"about":[{"href":"https:\/\/www.fourniresto.com\/blog\/wp-json\/wp\/v2\/types\/post"}],"author":[{"embeddable":true,"href":"https:\/\/www.fourniresto.com\/blog\/wp-json\/wp\/v2\/users\/1"}],"replies":[{"embeddable":true,"href":"https:\/\/www.fourniresto.com\/blog\/wp-json\/wp\/v2\/comments?post=3652"}],"version-history":[{"count":11,"href":"https:\/\/www.fourniresto.com\/blog\/wp-json\/wp\/v2\/posts\/3652\/revisions"}],"predecessor-version":[{"id":14992,"href":"https:\/\/www.fourniresto.com\/blog\/wp-json\/wp\/v2\/posts\/3652\/revisions\/14992"}],"wp:featuredmedia":[{"embeddable":true,"href":"https:\/\/www.fourniresto.com\/blog\/wp-json\/wp\/v2\/media\/16224"}],"wp:attachment":[{"href":"https:\/\/www.fourniresto.com\/blog\/wp-json\/wp\/v2\/media?parent=3652"}],"wp:term":[{"taxonomy":"category","embeddable":true,"href":"https:\/\/www.fourniresto.com\/blog\/wp-json\/wp\/v2\/categories?post=3652"},{"taxonomy":"post_tag","embeddable":true,"href":"https:\/\/www.fourniresto.com\/blog\/wp-json\/wp\/v2\/tags?post=3652"}],"curies":[{"name":"wp","href":"https:\/\/api.w.org\/{rel}","templated":true}]}}