{"id":3582,"date":"2017-07-12T11:26:43","date_gmt":"2017-07-12T09:26:43","guid":{"rendered":"https:\/\/www.fourniresto.com\/blog\/?p=3582"},"modified":"2022-03-22T10:55:06","modified_gmt":"2022-03-22T09:55:06","slug":"zoom-sur-les-chariots-a-assiettes-de-chez-cambro","status":"publish","type":"post","link":"https:\/\/www.fourniresto.com\/blog\/zoom-sur-les-chariots-a-assiettes-de-chez-cambro\/","title":{"rendered":"Zoom sur les chariots \u00e0 assiettes de chez Cambro"},"content":{"rendered":"<p><em>Cambro d\u00e9tient une gamme exceptionnelle de chariots \u00e0 assiettes. C&#8217;est cette gamme que nous avons d\u00e9cid\u00e9 de vous pr\u00e9senter aujourd&#8217;hui.&nbsp;<\/em><\/p>\n<p>Cambro est une marque de confiance qui vous aide quotidiennement dans votre profession de restaurateur. Vous pouvez b\u00e9n\u00e9ficier de leurs \u00e9l\u00e9ments de grande qualit\u00e9.<\/p>\n<p><img loading=\"lazy\" class=\"aligncenter wp-image-3151\" src=\"https:\/\/www.fourniresto.com\/blog\/wp-content\/uploads\/2017\/05\/Cambro-Trusted-Logo-300x94.jpg\" alt=\"Cambro Trusted Logo\" width=\"357\" height=\"112\" srcset=\"https:\/\/www.fourniresto.com\/blog\/wp-content\/uploads\/2017\/05\/Cambro-Trusted-Logo-300x94.jpg 300w, https:\/\/www.fourniresto.com\/blog\/wp-content\/uploads\/2017\/05\/Cambro-Trusted-Logo-1024x322.jpg 1024w, https:\/\/www.fourniresto.com\/blog\/wp-content\/uploads\/2017\/05\/Cambro-Trusted-Logo-370x116.jpg 370w, https:\/\/www.fourniresto.com\/blog\/wp-content\/uploads\/2017\/05\/Cambro-Trusted-Logo-760x239.jpg 760w, https:\/\/www.fourniresto.com\/blog\/wp-content\/uploads\/2017\/05\/Cambro-Trusted-Logo.jpg 1281w\" sizes=\"(max-width: 357px) 100vw, 357px\" \/><\/p>\n<p style=\"text-align: justify;\">La marque propose diff\u00e9rents mod\u00e8les de chariots \u00e0 assiettes. Nous allons donc vous aider \u00e0 d\u00e9crypter quel chariot il vous faut en fonction de votre activit\u00e9. Avant&nbsp;de vous orienter vers le mod\u00e8le qu&#8217;il vous faut, il est n\u00e9cessaire de vous pr\u00e9senter plus clairement la marque. Les chariots de cette gamme sont compos\u00e9s de poly\u00e9thyl\u00e8ne. Ce mat\u00e9riel donne la possibilit\u00e9 d&#8217;avoir une coque antirouille, ind\u00e9formable, qui ne s&#8217;\u00e9br\u00e8che pas et qui ne se fissure pas. Ces chariots \u00e0 assiettes ont donc \u00e9t\u00e9 con\u00e7us pour durer la plus possible dans le temps. Vous n&#8217;aurez plus d&#8217;assiettes cass\u00e9es ou abim\u00e9es gr\u00e2ce \u00e0 ces chariots \u00e0 assiettes.<\/p>\n<p style=\"text-align: justify;\">Le premier mod\u00e8le de la gamme poss\u00e8de des colonnes ajustables pour COACDS. Il est disponible en deux formats pour s&#8217;adapter au mieux \u00e0 vos assiettes. Le chariot avance gr\u00e2ce \u00e0 4 roues, deux sont plus grosses pour stabiliser l&#8217;\u00e9l\u00e9ment. Vous pouvez alors combiner des assiettes rondes et carr\u00e9es en toute s\u00e9curit\u00e9.<\/p>\n<p style=\"text-align: justify;\"><img loading=\"lazy\" class=\"wp-image-3584 aligncenter\" src=\"https:\/\/www.fourniresto.com\/blog\/wp-content\/uploads\/2017\/07\/chariot-a-assiettes-versa-a-colonnes-fixes-symetriques-300x300.jpg\" alt=\"chariot-a-assiettes-versa-a-colonnes-fixes-symetriques\" width=\"150\" height=\"150\" srcset=\"https:\/\/www.fourniresto.com\/blog\/wp-content\/uploads\/2017\/07\/chariot-a-assiettes-versa-a-colonnes-fixes-symetriques-300x300.jpg 300w, https:\/\/www.fourniresto.com\/blog\/wp-content\/uploads\/2017\/07\/chariot-a-assiettes-versa-a-colonnes-fixes-symetriques-150x150.jpg 150w, https:\/\/www.fourniresto.com\/blog\/wp-content\/uploads\/2017\/07\/chariot-a-assiettes-versa-a-colonnes-fixes-symetriques-370x370.jpg 370w, https:\/\/www.fourniresto.com\/blog\/wp-content\/uploads\/2017\/07\/chariot-a-assiettes-versa-a-colonnes-fixes-symetriques-135x135.jpg 135w, https:\/\/www.fourniresto.com\/blog\/wp-content\/uploads\/2017\/07\/chariot-a-assiettes-versa-a-colonnes-fixes-symetriques.jpg 471w\" sizes=\"(max-width: 150px) 100vw, 150px\" \/><\/p>\n<p style=\"text-align: justify;\">Le second mod\u00e8le vous garantie des colonnes 100% ajustables pour COADC33. Il existe en 2 formats diff\u00e9rents. Les poign\u00e9es sont directement int\u00e9gr\u00e9es au chariot pour faciliter sa prise en main. Afin d&#8217;am\u00e9liorer le d\u00e9placement, les 5 roues sont pivotantes.<\/p>\n<p style=\"text-align: justify;\"><img loading=\"lazy\" class=\"aligncenter wp-image-3585\" src=\"https:\/\/www.fourniresto.com\/blog\/wp-content\/uploads\/2017\/07\/chariot-ajustable-a-assiettes-300x300.jpg\" alt=\"chariot-ajustable-a-assiettes\" width=\"156\" height=\"156\" srcset=\"https:\/\/www.fourniresto.com\/blog\/wp-content\/uploads\/2017\/07\/chariot-ajustable-a-assiettes-300x300.jpg 300w, https:\/\/www.fourniresto.com\/blog\/wp-content\/uploads\/2017\/07\/chariot-ajustable-a-assiettes-150x150.jpg 150w, https:\/\/www.fourniresto.com\/blog\/wp-content\/uploads\/2017\/07\/chariot-ajustable-a-assiettes-370x370.jpg 370w, https:\/\/www.fourniresto.com\/blog\/wp-content\/uploads\/2017\/07\/chariot-ajustable-a-assiettes-135x135.jpg 135w, https:\/\/www.fourniresto.com\/blog\/wp-content\/uploads\/2017\/07\/chariot-ajustable-a-assiettes.jpg 471w\" sizes=\"(max-width: 156px) 100vw, 156px\" \/><\/p>\n<p style=\"text-align: justify;\">Concernant le troisi\u00e8me mod\u00e8le, il poss\u00e8de des colonnes sym\u00e9triques. Nous recommandons ce chariot pour le transport d&#8217;assiettes couteuses car il assure une protection optimale. Il b\u00e9n\u00e9ficie d&#8217;acc\u00e8s ouvert pour un rangement efficace. Gr\u00e2ce \u00e0 ses deux grosses roues, vous pouvez le d\u00e9placer sans crainte qu&#8217;il se renverse.<\/p>\n<p style=\"text-align: justify;\"><img loading=\"lazy\" class=\"aligncenter wp-image-3583\" src=\"https:\/\/www.fourniresto.com\/blog\/wp-content\/uploads\/2017\/07\/chariot-a-assiettes-a-colonnes-symetriques-300x300.jpg\" alt=\"chariot-a-assiettes-a-colonnes-symetriques\" width=\"155\" height=\"155\" srcset=\"https:\/\/www.fourniresto.com\/blog\/wp-content\/uploads\/2017\/07\/chariot-a-assiettes-a-colonnes-symetriques-300x300.jpg 300w, https:\/\/www.fourniresto.com\/blog\/wp-content\/uploads\/2017\/07\/chariot-a-assiettes-a-colonnes-symetriques-150x150.jpg 150w, https:\/\/www.fourniresto.com\/blog\/wp-content\/uploads\/2017\/07\/chariot-a-assiettes-a-colonnes-symetriques-370x370.jpg 370w, https:\/\/www.fourniresto.com\/blog\/wp-content\/uploads\/2017\/07\/chariot-a-assiettes-a-colonnes-symetriques-135x135.jpg 135w, https:\/\/www.fourniresto.com\/blog\/wp-content\/uploads\/2017\/07\/chariot-a-assiettes-a-colonnes-symetriques.jpg 471w\" sizes=\"(max-width: 155px) 100vw, 155px\" \/><\/p>\n<p style=\"text-align: justify;\">Le quatri\u00e8me mod\u00e8le est un chariot qui est totalement ajustable que cela soit pour les plateaux ou les assiettes. Vous pouvez monter des s\u00e9parateurs pour les assiettes. Ce chariot est facile \u00e0 nettoyer gr\u00e2ce \u00e0 son ouverture sur un c\u00f4t\u00e9. Il est compos\u00e9 de 5 roues pivotantes pour un meilleur transport.<\/p>\n<p style=\"text-align: justify;\"><img loading=\"lazy\" class=\"aligncenter wp-image-3586\" src=\"https:\/\/www.fourniresto.com\/blog\/wp-content\/uploads\/2017\/07\/chariot-ajustable-pour-plateaux-et-assiettes-avec-deux-separateurs-300x300.jpg\" alt=\"chariot-ajustable-pour-plateaux-et-assiettes-avec-deux-separateurs\" width=\"179\" height=\"179\" srcset=\"https:\/\/www.fourniresto.com\/blog\/wp-content\/uploads\/2017\/07\/chariot-ajustable-pour-plateaux-et-assiettes-avec-deux-separateurs-300x300.jpg 300w, https:\/\/www.fourniresto.com\/blog\/wp-content\/uploads\/2017\/07\/chariot-ajustable-pour-plateaux-et-assiettes-avec-deux-separateurs-150x150.jpg 150w, https:\/\/www.fourniresto.com\/blog\/wp-content\/uploads\/2017\/07\/chariot-ajustable-pour-plateaux-et-assiettes-avec-deux-separateurs-370x370.jpg 370w, https:\/\/www.fourniresto.com\/blog\/wp-content\/uploads\/2017\/07\/chariot-ajustable-pour-plateaux-et-assiettes-avec-deux-separateurs-135x135.jpg 135w, https:\/\/www.fourniresto.com\/blog\/wp-content\/uploads\/2017\/07\/chariot-ajustable-pour-plateaux-et-assiettes-avec-deux-separateurs.jpg 471w\" sizes=\"(max-width: 179px) 100vw, 179px\" \/><\/p>\n<p style=\"text-align: center;\">Maintenant il ne vous reste plus qu&#8217;\u00e0 choisir le mod\u00e8le qui vous correspond, ils sont disponibles sur notre <a href=\"https:\/\/www.fourniresto.com\">site<\/a>.<\/p>\n","protected":false},"excerpt":{"rendered":"<p>Cambro d\u00e9tient une gamme exceptionnelle de chariots \u00e0 assiettes. C&#8217;est cette gamme que nous avons d\u00e9cid\u00e9 de vous pr\u00e9senter aujourd&#8217;hui.&nbsp; Cambro est une marque de confiance qui vous aide quotidiennement&hellip;<\/p>\n","protected":false},"author":1,"featured_media":15956,"comment_status":"closed","ping_status":"closed","sticky":false,"template":"","format":"standard","meta":{"content-type":"","_uag_custom_page_level_css":""},"categories":[923],"tags":[],"yoast_head":"<!-- This site is optimized with the Yoast SEO plugin v19.13 - https:\/\/yoast.com\/wordpress\/plugins\/seo\/ -->\n<title>Zoom sur les chariots \u00e0 assiettes de chez Cambro - Le Blog FourniResto<\/title>\n<meta name=\"robots\" content=\"index, follow, max-snippet:-1, max-image-preview:large, max-video-preview:-1\" \/>\n<link rel=\"canonical\" href=\"https:\/\/www.fourniresto.com\/blog\/zoom-sur-les-chariots-a-assiettes-de-chez-cambro\/\" \/>\n<meta property=\"og:locale\" content=\"fr_FR\" \/>\n<meta property=\"og:type\" content=\"article\" \/>\n<meta property=\"og:title\" content=\"Zoom sur les chariots \u00e0 assiettes de chez Cambro - Le Blog FourniResto\" \/>\n<meta property=\"og:description\" content=\"Cambro d\u00e9tient une gamme exceptionnelle de chariots \u00e0 assiettes. C&#8217;est cette gamme que nous avons d\u00e9cid\u00e9 de vous pr\u00e9senter aujourd&#8217;hui.&nbsp; Cambro est une marque de confiance qui vous aide quotidiennement&hellip;\" \/>\n<meta property=\"og:url\" content=\"https:\/\/www.fourniresto.com\/blog\/zoom-sur-les-chariots-a-assiettes-de-chez-cambro\/\" \/>\n<meta property=\"og:site_name\" content=\"Le Blog FourniResto\" \/>\n<meta property=\"article:published_time\" content=\"2017-07-12T09:26:43+00:00\" \/>\n<meta property=\"article:modified_time\" content=\"2022-03-22T09:55:06+00:00\" \/>\n<meta property=\"og:image\" content=\"https:\/\/www.fourniresto.com\/blog\/wp-content\/uploads\/2017\/07\/Zoom-sur-les-chariots-a\u0300-assiettes-de-chez-Cambro.jpg\" \/>\n\t<meta property=\"og:image:width\" content=\"2240\" \/>\n\t<meta property=\"og:image:height\" content=\"1260\" \/>\n\t<meta property=\"og:image:type\" content=\"image\/jpeg\" \/>\n<meta name=\"author\" content=\"Admin\" \/>\n<meta name=\"twitter:card\" content=\"summary_large_image\" \/>\n<meta name=\"twitter:label1\" content=\"\u00c9crit par\" \/>\n\t<meta name=\"twitter:data1\" content=\"Admin\" \/>\n\t<meta name=\"twitter:label2\" content=\"Dur\u00e9e de lecture estim\u00e9e\" \/>\n\t<meta name=\"twitter:data2\" content=\"2 minutes\" \/>\n<script type=\"application\/ld+json\" class=\"yoast-schema-graph\">{\"@context\":\"https:\/\/schema.org\",\"@graph\":[{\"@type\":\"WebPage\",\"@id\":\"https:\/\/www.fourniresto.com\/blog\/zoom-sur-les-chariots-a-assiettes-de-chez-cambro\/\",\"url\":\"https:\/\/www.fourniresto.com\/blog\/zoom-sur-les-chariots-a-assiettes-de-chez-cambro\/\",\"name\":\"Zoom sur les chariots \u00e0 assiettes de chez Cambro - Le Blog FourniResto\",\"isPartOf\":{\"@id\":\"https:\/\/www.fourniresto.com\/blog\/#website\"},\"datePublished\":\"2017-07-12T09:26:43+00:00\",\"dateModified\":\"2022-03-22T09:55:06+00:00\",\"author\":{\"@id\":\"https:\/\/www.fourniresto.com\/blog\/#\/schema\/person\/7bdd27da86a0fd78ebae2c0282518b37\"},\"breadcrumb\":{\"@id\":\"https:\/\/www.fourniresto.com\/blog\/zoom-sur-les-chariots-a-assiettes-de-chez-cambro\/#breadcrumb\"},\"inLanguage\":\"fr-FR\",\"potentialAction\":[{\"@type\":\"ReadAction\",\"target\":[\"https:\/\/www.fourniresto.com\/blog\/zoom-sur-les-chariots-a-assiettes-de-chez-cambro\/\"]}]},{\"@type\":\"BreadcrumbList\",\"@id\":\"https:\/\/www.fourniresto.com\/blog\/zoom-sur-les-chariots-a-assiettes-de-chez-cambro\/#breadcrumb\",\"itemListElement\":[{\"@type\":\"ListItem\",\"position\":1,\"name\":\"Accueil\",\"item\":\"https:\/\/www.fourniresto.com\/blog\/\"},{\"@type\":\"ListItem\",\"position\":2,\"name\":\"Zoom sur les chariots \u00e0 assiettes de chez Cambro\"}]},{\"@type\":\"WebSite\",\"@id\":\"https:\/\/www.fourniresto.com\/blog\/#website\",\"url\":\"https:\/\/www.fourniresto.com\/blog\/\",\"name\":\"Le Blog FourniResto\",\"description\":\"Conseils et actualit\u00e9s sur la Restauration Professionnelle\",\"potentialAction\":[{\"@type\":\"SearchAction\",\"target\":{\"@type\":\"EntryPoint\",\"urlTemplate\":\"https:\/\/www.fourniresto.com\/blog\/?s={search_term_string}\"},\"query-input\":\"required name=search_term_string\"}],\"inLanguage\":\"fr-FR\"},{\"@type\":\"Person\",\"@id\":\"https:\/\/www.fourniresto.com\/blog\/#\/schema\/person\/7bdd27da86a0fd78ebae2c0282518b37\",\"name\":\"Admin\"}]}<\/script>\n<!-- \/ Yoast SEO plugin. -->","yoast_head_json":{"title":"Zoom sur les chariots \u00e0 assiettes de chez Cambro - Le Blog FourniResto","robots":{"index":"index","follow":"follow","max-snippet":"max-snippet:-1","max-image-preview":"max-image-preview:large","max-video-preview":"max-video-preview:-1"},"canonical":"https:\/\/www.fourniresto.com\/blog\/zoom-sur-les-chariots-a-assiettes-de-chez-cambro\/","og_locale":"fr_FR","og_type":"article","og_title":"Zoom sur les chariots \u00e0 assiettes de chez Cambro - Le Blog FourniResto","og_description":"Cambro d\u00e9tient une gamme exceptionnelle de chariots \u00e0 assiettes. C&#8217;est cette gamme que nous avons d\u00e9cid\u00e9 de vous pr\u00e9senter aujourd&#8217;hui.&nbsp; Cambro est une marque de confiance qui vous aide quotidiennement&hellip;","og_url":"https:\/\/www.fourniresto.com\/blog\/zoom-sur-les-chariots-a-assiettes-de-chez-cambro\/","og_site_name":"Le Blog FourniResto","article_published_time":"2017-07-12T09:26:43+00:00","article_modified_time":"2022-03-22T09:55:06+00:00","og_image":[{"width":2240,"height":1260,"url":"https:\/\/www.fourniresto.com\/blog\/wp-content\/uploads\/2017\/07\/Zoom-sur-les-chariots-a\u0300-assiettes-de-chez-Cambro.jpg","type":"image\/jpeg"}],"author":"Admin","twitter_card":"summary_large_image","twitter_misc":{"\u00c9crit par":"Admin","Dur\u00e9e de lecture estim\u00e9e":"2 minutes"},"schema":{"@context":"https:\/\/schema.org","@graph":[{"@type":"WebPage","@id":"https:\/\/www.fourniresto.com\/blog\/zoom-sur-les-chariots-a-assiettes-de-chez-cambro\/","url":"https:\/\/www.fourniresto.com\/blog\/zoom-sur-les-chariots-a-assiettes-de-chez-cambro\/","name":"Zoom sur les chariots \u00e0 assiettes de chez Cambro - Le Blog FourniResto","isPartOf":{"@id":"https:\/\/www.fourniresto.com\/blog\/#website"},"datePublished":"2017-07-12T09:26:43+00:00","dateModified":"2022-03-22T09:55:06+00:00","author":{"@id":"https:\/\/www.fourniresto.com\/blog\/#\/schema\/person\/7bdd27da86a0fd78ebae2c0282518b37"},"breadcrumb":{"@id":"https:\/\/www.fourniresto.com\/blog\/zoom-sur-les-chariots-a-assiettes-de-chez-cambro\/#breadcrumb"},"inLanguage":"fr-FR","potentialAction":[{"@type":"ReadAction","target":["https:\/\/www.fourniresto.com\/blog\/zoom-sur-les-chariots-a-assiettes-de-chez-cambro\/"]}]},{"@type":"BreadcrumbList","@id":"https:\/\/www.fourniresto.com\/blog\/zoom-sur-les-chariots-a-assiettes-de-chez-cambro\/#breadcrumb","itemListElement":[{"@type":"ListItem","position":1,"name":"Accueil","item":"https:\/\/www.fourniresto.com\/blog\/"},{"@type":"ListItem","position":2,"name":"Zoom sur les chariots \u00e0 assiettes de chez Cambro"}]},{"@type":"WebSite","@id":"https:\/\/www.fourniresto.com\/blog\/#website","url":"https:\/\/www.fourniresto.com\/blog\/","name":"Le Blog FourniResto","description":"Conseils et actualit\u00e9s sur la Restauration Professionnelle","potentialAction":[{"@type":"SearchAction","target":{"@type":"EntryPoint","urlTemplate":"https:\/\/www.fourniresto.com\/blog\/?s={search_term_string}"},"query-input":"required name=search_term_string"}],"inLanguage":"fr-FR"},{"@type":"Person","@id":"https:\/\/www.fourniresto.com\/blog\/#\/schema\/person\/7bdd27da86a0fd78ebae2c0282518b37","name":"Admin"}]}},"uagb_featured_image_src":{"full":["https:\/\/www.fourniresto.com\/blog\/wp-content\/uploads\/2017\/07\/Zoom-sur-les-chariots-a\u0300-assiettes-de-chez-Cambro.jpg",2240,1260,false],"thumbnail":["https:\/\/www.fourniresto.com\/blog\/wp-content\/uploads\/2017\/07\/Zoom-sur-les-chariots-a\u0300-assiettes-de-chez-Cambro-150x150.jpg",150,150,true],"medium":["https:\/\/www.fourniresto.com\/blog\/wp-content\/uploads\/2017\/07\/Zoom-sur-les-chariots-a\u0300-assiettes-de-chez-Cambro-300x169.jpg",300,169,true],"medium_large":["https:\/\/www.fourniresto.com\/blog\/wp-content\/uploads\/2017\/07\/Zoom-sur-les-chariots-a\u0300-assiettes-de-chez-Cambro.jpg",768,432,false],"large":["https:\/\/www.fourniresto.com\/blog\/wp-content\/uploads\/2017\/07\/Zoom-sur-les-chariots-a\u0300-assiettes-de-chez-Cambro-1024x576.jpg",1024,576,true],"1536x1536":["https:\/\/www.fourniresto.com\/blog\/wp-content\/uploads\/2017\/07\/Zoom-sur-les-chariots-a\u0300-assiettes-de-chez-Cambro-1536x864.jpg",1536,864,true],"2048x2048":["https:\/\/www.fourniresto.com\/blog\/wp-content\/uploads\/2017\/07\/Zoom-sur-les-chariots-a\u0300-assiettes-de-chez-Cambro-2048x1152.jpg",2048,1152,true],"ms_image_size_300":["https:\/\/www.fourniresto.com\/blog\/wp-content\/uploads\/2017\/07\/Zoom-sur-les-chariots-a\u0300-assiettes-de-chez-Cambro-300x200.jpg",300,200,true],"post-thumbnail":["https:\/\/www.fourniresto.com\/blog\/wp-content\/uploads\/2017\/07\/Zoom-sur-les-chariots-a\u0300-assiettes-de-chez-Cambro-370x208.jpg",370,208,true],"especio-thumb-huge":["https:\/\/www.fourniresto.com\/blog\/wp-content\/uploads\/2017\/07\/Zoom-sur-les-chariots-a\u0300-assiettes-de-chez-Cambro-1170x658.jpg",1170,658,true],"especio-thumb-big":["https:\/\/www.fourniresto.com\/blog\/wp-content\/uploads\/2017\/07\/Zoom-sur-les-chariots-a\u0300-assiettes-de-chez-Cambro-760x428.jpg",760,428,true],"especio-thumb-med":["https:\/\/www.fourniresto.com\/blog\/wp-content\/uploads\/2017\/07\/Zoom-sur-les-chariots-a\u0300-assiettes-de-chez-Cambro-370x208.jpg",370,208,true],"especio-thumb-tiny":["https:\/\/www.fourniresto.com\/blog\/wp-content\/uploads\/2017\/07\/Zoom-sur-les-chariots-a\u0300-assiettes-de-chez-Cambro-135x135.jpg",135,135,true],"especio-thumb-masonry-big":["https:\/\/www.fourniresto.com\/blog\/wp-content\/uploads\/2017\/07\/Zoom-sur-les-chariots-a\u0300-assiettes-de-chez-Cambro-760x428.jpg",760,428,true],"especio-thumb-masonry":["https:\/\/www.fourniresto.com\/blog\/wp-content\/uploads\/2017\/07\/Zoom-sur-les-chariots-a\u0300-assiettes-de-chez-Cambro-370x208.jpg",370,208,true],"especio-thumb-extra":["https:\/\/www.fourniresto.com\/blog\/wp-content\/uploads\/2017\/07\/Zoom-sur-les-chariots-a\u0300-assiettes-de-chez-Cambro-570x498.jpg",570,498,true],"especio-thumb-square":["https:\/\/www.fourniresto.com\/blog\/wp-content\/uploads\/2017\/07\/Zoom-sur-les-chariots-a\u0300-assiettes-de-chez-Cambro-270x258.jpg",270,258,true],"especio-thumb-plain":["https:\/\/www.fourniresto.com\/blog\/wp-content\/uploads\/2017\/07\/Zoom-sur-les-chariots-a\u0300-assiettes-de-chez-Cambro-218x162.jpg",218,162,true],"especio-thumb-list":["https:\/\/www.fourniresto.com\/blog\/wp-content\/uploads\/2017\/07\/Zoom-sur-les-chariots-a\u0300-assiettes-de-chez-Cambro-370x275.jpg",370,275,true],"trx_addons-thumb-small":["https:\/\/www.fourniresto.com\/blog\/wp-content\/uploads\/2017\/07\/Zoom-sur-les-chariots-a\u0300-assiettes-de-chez-Cambro-270x152.jpg",270,152,true],"trx_addons-thumb-portrait":["https:\/\/www.fourniresto.com\/blog\/wp-content\/uploads\/2017\/07\/Zoom-sur-les-chariots-a\u0300-assiettes-de-chez-Cambro-370x493.jpg",370,493,true],"trx_addons-thumb-avatar":["https:\/\/www.fourniresto.com\/blog\/wp-content\/uploads\/2017\/07\/Zoom-sur-les-chariots-a\u0300-assiettes-de-chez-Cambro-370x370.jpg",370,370,true]},"uagb_author_info":{"display_name":"Admin","author_link":"https:\/\/www.fourniresto.com\/blog\/author\/admin\/"},"uagb_comment_info":0,"uagb_excerpt":"Cambro d\u00e9tient une gamme exceptionnelle de chariots \u00e0 assiettes. C&#8217;est cette gamme que nous avons d\u00e9cid\u00e9 de vous pr\u00e9senter aujourd&#8217;hui.&nbsp; Cambro est une marque de confiance qui vous aide quotidiennement&hellip;","_links":{"self":[{"href":"https:\/\/www.fourniresto.com\/blog\/wp-json\/wp\/v2\/posts\/3582"}],"collection":[{"href":"https:\/\/www.fourniresto.com\/blog\/wp-json\/wp\/v2\/posts"}],"about":[{"href":"https:\/\/www.fourniresto.com\/blog\/wp-json\/wp\/v2\/types\/post"}],"author":[{"embeddable":true,"href":"https:\/\/www.fourniresto.com\/blog\/wp-json\/wp\/v2\/users\/1"}],"replies":[{"embeddable":true,"href":"https:\/\/www.fourniresto.com\/blog\/wp-json\/wp\/v2\/comments?post=3582"}],"version-history":[{"count":5,"href":"https:\/\/www.fourniresto.com\/blog\/wp-json\/wp\/v2\/posts\/3582\/revisions"}],"predecessor-version":[{"id":14996,"href":"https:\/\/www.fourniresto.com\/blog\/wp-json\/wp\/v2\/posts\/3582\/revisions\/14996"}],"wp:featuredmedia":[{"embeddable":true,"href":"https:\/\/www.fourniresto.com\/blog\/wp-json\/wp\/v2\/media\/15956"}],"wp:attachment":[{"href":"https:\/\/www.fourniresto.com\/blog\/wp-json\/wp\/v2\/media?parent=3582"}],"wp:term":[{"taxonomy":"category","embeddable":true,"href":"https:\/\/www.fourniresto.com\/blog\/wp-json\/wp\/v2\/categories?post=3582"},{"taxonomy":"post_tag","embeddable":true,"href":"https:\/\/www.fourniresto.com\/blog\/wp-json\/wp\/v2\/tags?post=3582"}],"curies":[{"name":"wp","href":"https:\/\/api.w.org\/{rel}","templated":true}]}}