{"id":3563,"date":"2017-07-10T11:30:21","date_gmt":"2017-07-10T09:30:21","guid":{"rendered":"https:\/\/www.fourniresto.com\/blog\/?p=3563"},"modified":"2022-03-22T11:06:53","modified_gmt":"2022-03-22T10:06:53","slug":"fourniresto-vous-presente-les-conteneurs-isothermes-s-serie-pour-les-bacs-gastronomes","status":"publish","type":"post","link":"https:\/\/www.fourniresto.com\/blog\/fourniresto-vous-presente-les-conteneurs-isothermes-s-serie-pour-les-bacs-gastronomes\/","title":{"rendered":"Fourniresto vous pr\u00e9sente les conteneurs isothermes S-serie pour les bacs gastronomes"},"content":{"rendered":"<p style=\"text-align: justify;\"><em>Cette semaine nous vous pr\u00e9sentons les conteneurs isothermes S-serie pour les bacs gastronomes.<\/em><\/p>\n<p style=\"text-align: justify;\">Cette gamme est propos\u00e9e par la soci\u00e9t\u00e9 Cambro qui vous garantie une tr\u00e8s grande fiabilit\u00e9 dans ses produits.<\/p>\n<p style=\"text-align: justify;\"><img loading=\"lazy\" class=\"aligncenter wp-image-3150\" src=\"https:\/\/www.fourniresto.com\/blog\/wp-content\/uploads\/2017\/05\/logo-cambro-9833ca04a751254aa127b947707bc15c-1-300x89.png\" alt=\"logo-cambro-9833ca04a751254aa127b947707bc15c\" width=\"327\" height=\"97\" srcset=\"https:\/\/www.fourniresto.com\/blog\/wp-content\/uploads\/2017\/05\/logo-cambro-9833ca04a751254aa127b947707bc15c-1-300x89.png 300w, https:\/\/www.fourniresto.com\/blog\/wp-content\/uploads\/2017\/05\/logo-cambro-9833ca04a751254aa127b947707bc15c-1-370x109.png 370w, https:\/\/www.fourniresto.com\/blog\/wp-content\/uploads\/2017\/05\/logo-cambro-9833ca04a751254aa127b947707bc15c-1-760x224.png 760w, https:\/\/www.fourniresto.com\/blog\/wp-content\/uploads\/2017\/05\/logo-cambro-9833ca04a751254aa127b947707bc15c-1.png 800w\" sizes=\"(max-width: 327px) 100vw, 327px\" \/><\/p>\n<p style=\"text-align: justify;\">Les conteneurs isothermes S-serie sont tr\u00e8s fiables et vous assurent une utilisation durable. Ces conteneurs permettent un maintien en temp\u00e9rature. Un de leurs avantages est qu&#8217;ils sont tr\u00e8s faciles \u00e0 nettoyer.<\/p>\n<p style=\"text-align: justify;\">Ces conteneurs s&#8217;adaptent parfaitement \u00e0 l&#8217;utilisation qu&#8217;en font les professionnels. Pour vous faciliter au maximum votre travail, ils disposent d&#8217;un syst\u00e8me d&#8217;attache sur la porte de produit. Ainsi vous pourrez accrocher les fiches d&#8217;identification ou les listes beaucoup plus simplement directement sur le conteneur.<\/p>\n<p style=\"text-align: justify;\">Cette gamme a \u00e9t\u00e9 con\u00e7ue pour les professionnels et b\u00e9n\u00e9ficie d&#8217;une ouverture rapide pour r\u00e9duire au maximum le temps de chargement de chaque conteneur.<\/p>\n<p style=\"text-align: justify;\">Afin de vous aider \u00e0 mieux comprendre en quoi cette gamme est unique, nous vous avons donn\u00e9 les diff\u00e9rences qu&#8217;elle comporte. Sur cette gamme de conteneur isotherme S-serie vous avez la possibilit\u00e9 d&#8217;avoir un chargement \u00e0 l&#8217;avant. Ces conteneurs isothermes font la diff\u00e9rence car ils conservent parfaitement les temp\u00e9ratures de vos pr\u00e9parations. Leur composition est faite pour dur\u00e9e dans le temps et vous garantir un produit tr\u00e8s solide gr\u00e2ce au poly\u00e9thyl\u00e8ne. Ces conteneurs sont ergonomiques et b\u00e9n\u00e9ficient d&#8217;une porte qui s&#8217;enl\u00e8ve pour vous aider \u00e0 charger et d\u00e9charger tr\u00e8s facilement.<\/p>\n<p style=\"text-align: justify;\"><img loading=\"lazy\" class=\"aligncenter wp-image-3565\" src=\"https:\/\/www.fourniresto.com\/blog\/wp-content\/uploads\/2017\/07\/conteneur-isotherme-a-ouverture-frontal-1-300x300.jpg\" alt=\"conteneur-isotherme-a-ouverture-frontal\" width=\"244\" height=\"244\" srcset=\"https:\/\/www.fourniresto.com\/blog\/wp-content\/uploads\/2017\/07\/conteneur-isotherme-a-ouverture-frontal-1-300x300.jpg 300w, https:\/\/www.fourniresto.com\/blog\/wp-content\/uploads\/2017\/07\/conteneur-isotherme-a-ouverture-frontal-1-150x150.jpg 150w, https:\/\/www.fourniresto.com\/blog\/wp-content\/uploads\/2017\/07\/conteneur-isotherme-a-ouverture-frontal-1-370x370.jpg 370w, https:\/\/www.fourniresto.com\/blog\/wp-content\/uploads\/2017\/07\/conteneur-isotherme-a-ouverture-frontal-1-135x135.jpg 135w, https:\/\/www.fourniresto.com\/blog\/wp-content\/uploads\/2017\/07\/conteneur-isotherme-a-ouverture-frontal-1.jpg 471w\" sizes=\"(max-width: 244px) 100vw, 244px\" \/><\/p>\n<p style=\"text-align: justify;\">Comme toujours dans les gammes Cambro, vous pouvez ajouter des accessoires sur ces conteneurs. Ainsi vous les rendrez encore plus fiables:<\/p>\n<p style=\"text-align: justify;\">Vous pouvez alors rajouter une plaque eutectique Camchiller. Vous avez \u00e9galement la possibilit\u00e9 de mettre en places des s\u00e9parateurs Thermobarrier qui sont disponibles en deux dimensions diff\u00e9rentes. Une plaque chaude ronde peut \u00eatre install\u00e9e.<\/p>\n<p style=\"text-align: justify;\"><img loading=\"lazy\" class=\"wp-image-3363 alignleft\" src=\"https:\/\/www.fourniresto.com\/blog\/wp-content\/uploads\/2017\/06\/separateur-pour-conteneur-300x300.jpg\" alt=\"separateur-pour-conteneur\" width=\"183\" height=\"183\" srcset=\"https:\/\/www.fourniresto.com\/blog\/wp-content\/uploads\/2017\/06\/separateur-pour-conteneur-300x300.jpg 300w, https:\/\/www.fourniresto.com\/blog\/wp-content\/uploads\/2017\/06\/separateur-pour-conteneur-150x150.jpg 150w, https:\/\/www.fourniresto.com\/blog\/wp-content\/uploads\/2017\/06\/separateur-pour-conteneur-370x370.jpg 370w, https:\/\/www.fourniresto.com\/blog\/wp-content\/uploads\/2017\/06\/separateur-pour-conteneur-135x135.jpg 135w, https:\/\/www.fourniresto.com\/blog\/wp-content\/uploads\/2017\/06\/separateur-pour-conteneur.jpg 471w\" sizes=\"(max-width: 183px) 100vw, 183px\" \/><img loading=\"lazy\" class=\"wp-image-3364 alignleft\" src=\"https:\/\/www.fourniresto.com\/blog\/wp-content\/uploads\/2017\/06\/separateur-thermobarrier-300x300.jpg\" alt=\"separateur-thermobarrier\" width=\"172\" height=\"172\" srcset=\"https:\/\/www.fourniresto.com\/blog\/wp-content\/uploads\/2017\/06\/separateur-thermobarrier-300x300.jpg 300w, https:\/\/www.fourniresto.com\/blog\/wp-content\/uploads\/2017\/06\/separateur-thermobarrier-150x150.jpg 150w, https:\/\/www.fourniresto.com\/blog\/wp-content\/uploads\/2017\/06\/separateur-thermobarrier-370x370.jpg 370w, https:\/\/www.fourniresto.com\/blog\/wp-content\/uploads\/2017\/06\/separateur-thermobarrier-135x135.jpg 135w, https:\/\/www.fourniresto.com\/blog\/wp-content\/uploads\/2017\/06\/separateur-thermobarrier.jpg 471w\" sizes=\"(max-width: 172px) 100vw, 172px\" \/><\/p>\n<p style=\"text-align: justify;\"><img loading=\"lazy\" class=\"aligncenter wp-image-3362\" src=\"https:\/\/www.fourniresto.com\/blog\/wp-content\/uploads\/2017\/06\/Plaque.jpg\" alt=\"Plaque\" width=\"172\" height=\"172\" srcset=\"https:\/\/www.fourniresto.com\/blog\/wp-content\/uploads\/2017\/06\/Plaque.jpg 270w, https:\/\/www.fourniresto.com\/blog\/wp-content\/uploads\/2017\/06\/Plaque-150x150.jpg 150w, https:\/\/www.fourniresto.com\/blog\/wp-content\/uploads\/2017\/06\/Plaque-135x135.jpg 135w\" sizes=\"(max-width: 172px) 100vw, 172px\" \/><\/p>\n<p style=\"text-align: center;\">Si vous souhaitez encore plus d&#8217;informations, vous pouvez retrouver tous ces produits sur notre site.<\/p>\n","protected":false},"excerpt":{"rendered":"<p>Cette semaine nous vous pr\u00e9sentons les conteneurs isothermes S-serie pour les bacs gastronomes. Cette gamme est propos\u00e9e par la soci\u00e9t\u00e9 Cambro qui vous garantie une tr\u00e8s grande fiabilit\u00e9 dans ses&hellip;<\/p>\n","protected":false},"author":1,"featured_media":15959,"comment_status":"closed","ping_status":"closed","sticky":false,"template":"","format":"standard","meta":{"content-type":"","_uag_custom_page_level_css":""},"categories":[923],"tags":[],"yoast_head":"<!-- This site is optimized with the Yoast SEO plugin v19.13 - https:\/\/yoast.com\/wordpress\/plugins\/seo\/ -->\n<title>Fourniresto vous pr\u00e9sente les conteneurs isothermes S-serie pour les bacs gastronomes - Le Blog FourniResto<\/title>\n<meta name=\"robots\" content=\"index, follow, max-snippet:-1, max-image-preview:large, max-video-preview:-1\" \/>\n<link rel=\"canonical\" href=\"https:\/\/www.fourniresto.com\/blog\/fourniresto-vous-presente-les-conteneurs-isothermes-s-serie-pour-les-bacs-gastronomes\/\" \/>\n<meta property=\"og:locale\" content=\"fr_FR\" \/>\n<meta property=\"og:type\" content=\"article\" \/>\n<meta property=\"og:title\" content=\"Fourniresto vous pr\u00e9sente les conteneurs isothermes S-serie pour les bacs gastronomes - Le Blog FourniResto\" \/>\n<meta property=\"og:description\" content=\"Cette semaine nous vous pr\u00e9sentons les conteneurs isothermes S-serie pour les bacs gastronomes. Cette gamme est propos\u00e9e par la soci\u00e9t\u00e9 Cambro qui vous garantie une tr\u00e8s grande fiabilit\u00e9 dans ses&hellip;\" \/>\n<meta property=\"og:url\" content=\"https:\/\/www.fourniresto.com\/blog\/fourniresto-vous-presente-les-conteneurs-isothermes-s-serie-pour-les-bacs-gastronomes\/\" \/>\n<meta property=\"og:site_name\" content=\"Le Blog FourniResto\" \/>\n<meta property=\"article:published_time\" content=\"2017-07-10T09:30:21+00:00\" \/>\n<meta property=\"article:modified_time\" content=\"2022-03-22T10:06:53+00:00\" \/>\n<meta property=\"og:image\" content=\"https:\/\/www.fourniresto.com\/blog\/wp-content\/uploads\/2017\/07\/Fourniresto-vous-pre\u0301sente-les-conteneurs-isothermes-S-serie-pour-les-bacs-gastronomes.jpg\" \/>\n\t<meta property=\"og:image:width\" content=\"2240\" \/>\n\t<meta property=\"og:image:height\" content=\"1260\" \/>\n\t<meta property=\"og:image:type\" content=\"image\/jpeg\" \/>\n<meta name=\"author\" content=\"Admin\" \/>\n<meta name=\"twitter:card\" content=\"summary_large_image\" \/>\n<meta name=\"twitter:label1\" content=\"\u00c9crit par\" \/>\n\t<meta name=\"twitter:data1\" content=\"Admin\" \/>\n\t<meta name=\"twitter:label2\" content=\"Dur\u00e9e de lecture estim\u00e9e\" \/>\n\t<meta name=\"twitter:data2\" content=\"2 minutes\" \/>\n<script type=\"application\/ld+json\" class=\"yoast-schema-graph\">{\"@context\":\"https:\/\/schema.org\",\"@graph\":[{\"@type\":\"WebPage\",\"@id\":\"https:\/\/www.fourniresto.com\/blog\/fourniresto-vous-presente-les-conteneurs-isothermes-s-serie-pour-les-bacs-gastronomes\/\",\"url\":\"https:\/\/www.fourniresto.com\/blog\/fourniresto-vous-presente-les-conteneurs-isothermes-s-serie-pour-les-bacs-gastronomes\/\",\"name\":\"Fourniresto vous pr\u00e9sente les conteneurs isothermes S-serie pour les bacs gastronomes - Le Blog FourniResto\",\"isPartOf\":{\"@id\":\"https:\/\/www.fourniresto.com\/blog\/#website\"},\"datePublished\":\"2017-07-10T09:30:21+00:00\",\"dateModified\":\"2022-03-22T10:06:53+00:00\",\"author\":{\"@id\":\"https:\/\/www.fourniresto.com\/blog\/#\/schema\/person\/7bdd27da86a0fd78ebae2c0282518b37\"},\"breadcrumb\":{\"@id\":\"https:\/\/www.fourniresto.com\/blog\/fourniresto-vous-presente-les-conteneurs-isothermes-s-serie-pour-les-bacs-gastronomes\/#breadcrumb\"},\"inLanguage\":\"fr-FR\",\"potentialAction\":[{\"@type\":\"ReadAction\",\"target\":[\"https:\/\/www.fourniresto.com\/blog\/fourniresto-vous-presente-les-conteneurs-isothermes-s-serie-pour-les-bacs-gastronomes\/\"]}]},{\"@type\":\"BreadcrumbList\",\"@id\":\"https:\/\/www.fourniresto.com\/blog\/fourniresto-vous-presente-les-conteneurs-isothermes-s-serie-pour-les-bacs-gastronomes\/#breadcrumb\",\"itemListElement\":[{\"@type\":\"ListItem\",\"position\":1,\"name\":\"Accueil\",\"item\":\"https:\/\/www.fourniresto.com\/blog\/\"},{\"@type\":\"ListItem\",\"position\":2,\"name\":\"Fourniresto vous pr\u00e9sente les conteneurs isothermes S-serie pour les bacs gastronomes\"}]},{\"@type\":\"WebSite\",\"@id\":\"https:\/\/www.fourniresto.com\/blog\/#website\",\"url\":\"https:\/\/www.fourniresto.com\/blog\/\",\"name\":\"Le Blog FourniResto\",\"description\":\"Conseils et actualit\u00e9s sur la Restauration Professionnelle\",\"potentialAction\":[{\"@type\":\"SearchAction\",\"target\":{\"@type\":\"EntryPoint\",\"urlTemplate\":\"https:\/\/www.fourniresto.com\/blog\/?s={search_term_string}\"},\"query-input\":\"required name=search_term_string\"}],\"inLanguage\":\"fr-FR\"},{\"@type\":\"Person\",\"@id\":\"https:\/\/www.fourniresto.com\/blog\/#\/schema\/person\/7bdd27da86a0fd78ebae2c0282518b37\",\"name\":\"Admin\"}]}<\/script>\n<!-- \/ Yoast SEO plugin. -->","yoast_head_json":{"title":"Fourniresto vous pr\u00e9sente les conteneurs isothermes S-serie pour les bacs gastronomes - Le Blog FourniResto","robots":{"index":"index","follow":"follow","max-snippet":"max-snippet:-1","max-image-preview":"max-image-preview:large","max-video-preview":"max-video-preview:-1"},"canonical":"https:\/\/www.fourniresto.com\/blog\/fourniresto-vous-presente-les-conteneurs-isothermes-s-serie-pour-les-bacs-gastronomes\/","og_locale":"fr_FR","og_type":"article","og_title":"Fourniresto vous pr\u00e9sente les conteneurs isothermes S-serie pour les bacs gastronomes - Le Blog FourniResto","og_description":"Cette semaine nous vous pr\u00e9sentons les conteneurs isothermes S-serie pour les bacs gastronomes. Cette gamme est propos\u00e9e par la soci\u00e9t\u00e9 Cambro qui vous garantie une tr\u00e8s grande fiabilit\u00e9 dans ses&hellip;","og_url":"https:\/\/www.fourniresto.com\/blog\/fourniresto-vous-presente-les-conteneurs-isothermes-s-serie-pour-les-bacs-gastronomes\/","og_site_name":"Le Blog FourniResto","article_published_time":"2017-07-10T09:30:21+00:00","article_modified_time":"2022-03-22T10:06:53+00:00","og_image":[{"width":2240,"height":1260,"url":"https:\/\/www.fourniresto.com\/blog\/wp-content\/uploads\/2017\/07\/Fourniresto-vous-pre\u0301sente-les-conteneurs-isothermes-S-serie-pour-les-bacs-gastronomes.jpg","type":"image\/jpeg"}],"author":"Admin","twitter_card":"summary_large_image","twitter_misc":{"\u00c9crit par":"Admin","Dur\u00e9e de lecture estim\u00e9e":"2 minutes"},"schema":{"@context":"https:\/\/schema.org","@graph":[{"@type":"WebPage","@id":"https:\/\/www.fourniresto.com\/blog\/fourniresto-vous-presente-les-conteneurs-isothermes-s-serie-pour-les-bacs-gastronomes\/","url":"https:\/\/www.fourniresto.com\/blog\/fourniresto-vous-presente-les-conteneurs-isothermes-s-serie-pour-les-bacs-gastronomes\/","name":"Fourniresto vous pr\u00e9sente les conteneurs isothermes S-serie pour les bacs gastronomes - Le Blog FourniResto","isPartOf":{"@id":"https:\/\/www.fourniresto.com\/blog\/#website"},"datePublished":"2017-07-10T09:30:21+00:00","dateModified":"2022-03-22T10:06:53+00:00","author":{"@id":"https:\/\/www.fourniresto.com\/blog\/#\/schema\/person\/7bdd27da86a0fd78ebae2c0282518b37"},"breadcrumb":{"@id":"https:\/\/www.fourniresto.com\/blog\/fourniresto-vous-presente-les-conteneurs-isothermes-s-serie-pour-les-bacs-gastronomes\/#breadcrumb"},"inLanguage":"fr-FR","potentialAction":[{"@type":"ReadAction","target":["https:\/\/www.fourniresto.com\/blog\/fourniresto-vous-presente-les-conteneurs-isothermes-s-serie-pour-les-bacs-gastronomes\/"]}]},{"@type":"BreadcrumbList","@id":"https:\/\/www.fourniresto.com\/blog\/fourniresto-vous-presente-les-conteneurs-isothermes-s-serie-pour-les-bacs-gastronomes\/#breadcrumb","itemListElement":[{"@type":"ListItem","position":1,"name":"Accueil","item":"https:\/\/www.fourniresto.com\/blog\/"},{"@type":"ListItem","position":2,"name":"Fourniresto vous pr\u00e9sente les conteneurs isothermes S-serie pour les bacs gastronomes"}]},{"@type":"WebSite","@id":"https:\/\/www.fourniresto.com\/blog\/#website","url":"https:\/\/www.fourniresto.com\/blog\/","name":"Le Blog FourniResto","description":"Conseils et actualit\u00e9s sur la Restauration Professionnelle","potentialAction":[{"@type":"SearchAction","target":{"@type":"EntryPoint","urlTemplate":"https:\/\/www.fourniresto.com\/blog\/?s={search_term_string}"},"query-input":"required name=search_term_string"}],"inLanguage":"fr-FR"},{"@type":"Person","@id":"https:\/\/www.fourniresto.com\/blog\/#\/schema\/person\/7bdd27da86a0fd78ebae2c0282518b37","name":"Admin"}]}},"uagb_featured_image_src":{"full":["https:\/\/www.fourniresto.com\/blog\/wp-content\/uploads\/2017\/07\/Fourniresto-vous-pre\u0301sente-les-conteneurs-isothermes-S-serie-pour-les-bacs-gastronomes.jpg",2240,1260,false],"thumbnail":["https:\/\/www.fourniresto.com\/blog\/wp-content\/uploads\/2017\/07\/Fourniresto-vous-pre\u0301sente-les-conteneurs-isothermes-S-serie-pour-les-bacs-gastronomes-150x150.jpg",150,150,true],"medium":["https:\/\/www.fourniresto.com\/blog\/wp-content\/uploads\/2017\/07\/Fourniresto-vous-pre\u0301sente-les-conteneurs-isothermes-S-serie-pour-les-bacs-gastronomes-300x169.jpg",300,169,true],"medium_large":["https:\/\/www.fourniresto.com\/blog\/wp-content\/uploads\/2017\/07\/Fourniresto-vous-pre\u0301sente-les-conteneurs-isothermes-S-serie-pour-les-bacs-gastronomes.jpg",768,432,false],"large":["https:\/\/www.fourniresto.com\/blog\/wp-content\/uploads\/2017\/07\/Fourniresto-vous-pre\u0301sente-les-conteneurs-isothermes-S-serie-pour-les-bacs-gastronomes-1024x576.jpg",1024,576,true],"1536x1536":["https:\/\/www.fourniresto.com\/blog\/wp-content\/uploads\/2017\/07\/Fourniresto-vous-pre\u0301sente-les-conteneurs-isothermes-S-serie-pour-les-bacs-gastronomes-1536x864.jpg",1536,864,true],"2048x2048":["https:\/\/www.fourniresto.com\/blog\/wp-content\/uploads\/2017\/07\/Fourniresto-vous-pre\u0301sente-les-conteneurs-isothermes-S-serie-pour-les-bacs-gastronomes-2048x1152.jpg",2048,1152,true],"ms_image_size_300":["https:\/\/www.fourniresto.com\/blog\/wp-content\/uploads\/2017\/07\/Fourniresto-vous-pre\u0301sente-les-conteneurs-isothermes-S-serie-pour-les-bacs-gastronomes-300x200.jpg",300,200,true],"post-thumbnail":["https:\/\/www.fourniresto.com\/blog\/wp-content\/uploads\/2017\/07\/Fourniresto-vous-pre\u0301sente-les-conteneurs-isothermes-S-serie-pour-les-bacs-gastronomes-370x208.jpg",370,208,true],"especio-thumb-huge":["https:\/\/www.fourniresto.com\/blog\/wp-content\/uploads\/2017\/07\/Fourniresto-vous-pre\u0301sente-les-conteneurs-isothermes-S-serie-pour-les-bacs-gastronomes-1170x658.jpg",1170,658,true],"especio-thumb-big":["https:\/\/www.fourniresto.com\/blog\/wp-content\/uploads\/2017\/07\/Fourniresto-vous-pre\u0301sente-les-conteneurs-isothermes-S-serie-pour-les-bacs-gastronomes-760x428.jpg",760,428,true],"especio-thumb-med":["https:\/\/www.fourniresto.com\/blog\/wp-content\/uploads\/2017\/07\/Fourniresto-vous-pre\u0301sente-les-conteneurs-isothermes-S-serie-pour-les-bacs-gastronomes-370x208.jpg",370,208,true],"especio-thumb-tiny":["https:\/\/www.fourniresto.com\/blog\/wp-content\/uploads\/2017\/07\/Fourniresto-vous-pre\u0301sente-les-conteneurs-isothermes-S-serie-pour-les-bacs-gastronomes-135x135.jpg",135,135,true],"especio-thumb-masonry-big":["https:\/\/www.fourniresto.com\/blog\/wp-content\/uploads\/2017\/07\/Fourniresto-vous-pre\u0301sente-les-conteneurs-isothermes-S-serie-pour-les-bacs-gastronomes-760x428.jpg",760,428,true],"especio-thumb-masonry":["https:\/\/www.fourniresto.com\/blog\/wp-content\/uploads\/2017\/07\/Fourniresto-vous-pre\u0301sente-les-conteneurs-isothermes-S-serie-pour-les-bacs-gastronomes-370x208.jpg",370,208,true],"especio-thumb-extra":["https:\/\/www.fourniresto.com\/blog\/wp-content\/uploads\/2017\/07\/Fourniresto-vous-pre\u0301sente-les-conteneurs-isothermes-S-serie-pour-les-bacs-gastronomes-570x498.jpg",570,498,true],"especio-thumb-square":["https:\/\/www.fourniresto.com\/blog\/wp-content\/uploads\/2017\/07\/Fourniresto-vous-pre\u0301sente-les-conteneurs-isothermes-S-serie-pour-les-bacs-gastronomes-270x258.jpg",270,258,true],"especio-thumb-plain":["https:\/\/www.fourniresto.com\/blog\/wp-content\/uploads\/2017\/07\/Fourniresto-vous-pre\u0301sente-les-conteneurs-isothermes-S-serie-pour-les-bacs-gastronomes-218x162.jpg",218,162,true],"especio-thumb-list":["https:\/\/www.fourniresto.com\/blog\/wp-content\/uploads\/2017\/07\/Fourniresto-vous-pre\u0301sente-les-conteneurs-isothermes-S-serie-pour-les-bacs-gastronomes-370x275.jpg",370,275,true],"trx_addons-thumb-small":["https:\/\/www.fourniresto.com\/blog\/wp-content\/uploads\/2017\/07\/Fourniresto-vous-pre\u0301sente-les-conteneurs-isothermes-S-serie-pour-les-bacs-gastronomes-270x152.jpg",270,152,true],"trx_addons-thumb-portrait":["https:\/\/www.fourniresto.com\/blog\/wp-content\/uploads\/2017\/07\/Fourniresto-vous-pre\u0301sente-les-conteneurs-isothermes-S-serie-pour-les-bacs-gastronomes-370x493.jpg",370,493,true],"trx_addons-thumb-avatar":["https:\/\/www.fourniresto.com\/blog\/wp-content\/uploads\/2017\/07\/Fourniresto-vous-pre\u0301sente-les-conteneurs-isothermes-S-serie-pour-les-bacs-gastronomes-370x370.jpg",370,370,true]},"uagb_author_info":{"display_name":"Admin","author_link":"https:\/\/www.fourniresto.com\/blog\/author\/admin\/"},"uagb_comment_info":0,"uagb_excerpt":"Cette semaine nous vous pr\u00e9sentons les conteneurs isothermes S-serie pour les bacs gastronomes. Cette gamme est propos\u00e9e par la soci\u00e9t\u00e9 Cambro qui vous garantie une tr\u00e8s grande fiabilit\u00e9 dans ses&hellip;","_links":{"self":[{"href":"https:\/\/www.fourniresto.com\/blog\/wp-json\/wp\/v2\/posts\/3563"}],"collection":[{"href":"https:\/\/www.fourniresto.com\/blog\/wp-json\/wp\/v2\/posts"}],"about":[{"href":"https:\/\/www.fourniresto.com\/blog\/wp-json\/wp\/v2\/types\/post"}],"author":[{"embeddable":true,"href":"https:\/\/www.fourniresto.com\/blog\/wp-json\/wp\/v2\/users\/1"}],"replies":[{"embeddable":true,"href":"https:\/\/www.fourniresto.com\/blog\/wp-json\/wp\/v2\/comments?post=3563"}],"version-history":[{"count":2,"href":"https:\/\/www.fourniresto.com\/blog\/wp-json\/wp\/v2\/posts\/3563\/revisions"}],"predecessor-version":[{"id":14999,"href":"https:\/\/www.fourniresto.com\/blog\/wp-json\/wp\/v2\/posts\/3563\/revisions\/14999"}],"wp:featuredmedia":[{"embeddable":true,"href":"https:\/\/www.fourniresto.com\/blog\/wp-json\/wp\/v2\/media\/15959"}],"wp:attachment":[{"href":"https:\/\/www.fourniresto.com\/blog\/wp-json\/wp\/v2\/media?parent=3563"}],"wp:term":[{"taxonomy":"category","embeddable":true,"href":"https:\/\/www.fourniresto.com\/blog\/wp-json\/wp\/v2\/categories?post=3563"},{"taxonomy":"post_tag","embeddable":true,"href":"https:\/\/www.fourniresto.com\/blog\/wp-json\/wp\/v2\/tags?post=3563"}],"curies":[{"name":"wp","href":"https:\/\/api.w.org\/{rel}","templated":true}]}}