{"id":3509,"date":"2017-07-13T15:29:47","date_gmt":"2017-07-13T13:29:47","guid":{"rendered":"https:\/\/www.fourniresto.com\/blog\/?p=3509"},"modified":"2022-03-22T10:50:50","modified_gmt":"2022-03-22T09:50:50","slug":"cette-semaine-fourniresto-vous-presente-les-couteaux-japonais-chroma","status":"publish","type":"post","link":"https:\/\/www.fourniresto.com\/blog\/cette-semaine-fourniresto-vous-presente-les-couteaux-japonais-chroma\/","title":{"rendered":"Cette semaine, Fourniresto vous pr\u00e9sente les couteaux japonais Chroma"},"content":{"rendered":"<p class=\"p1\"><b><\/b><span class=\"s2\">Chroma accorde \u00e9norm\u00e9ment d\u2019importance \u00e0 ce que chaque cuisinier, de m\u00e9tier ou non, trouve couteau \u00e0 sa main. Dans cette optique, la marque a&nbsp;travaill\u00e9 ses&nbsp;gammes de couteaux de cuisine afin que toutes soient diff\u00e9rentes. Diff\u00e9rences de pr\u00e9hension avec des mat\u00e9riaux et des formes diff\u00e9rentes de manche, vari\u00e9t\u00e9s de formes de lames pour r\u00e9pondre aux besoins des cuisines du monde ou encore grand panel d\u2019aciers aux propri\u00e9t\u00e9s distinctes. L\u2019utilisateur est au centre des pr\u00e9occupations de la marque. Ses&nbsp;<a href=\"https:\/\/www.fourniresto.com\/807-couteaux\">couteaux de cuisine<\/a> japonais ont cependant tous ce point commun : fabrication de qualit\u00e9 contr\u00f4l\u00e9e \u00e0 la pi\u00e8ce, par des artisans couteliers qualifi\u00e9s. Quelque soit votre go\u00fbt ou style, si vous optez pour une lame Chroma, vous faites le bon choix.<\/span><\/p>\n<p class=\"p1\"><span class=\"s2\">Tous les couteaux de la marque sont fabriqu\u00e9s au sein de la capitale du couteau, SEKI, qui a un savoir-faire qui date de plus de huit si\u00e8cles. La plupart<\/span><span class=\"s2\">&nbsp;des couteaux sont aiguis\u00e9s en V, donc utilisables par des gauchers comme par des droitiers.<\/span><\/p>\n<p class=\"p1\"><img loading=\"lazy\" class=\"aligncenter size-full wp-image-3512\" src=\"https:\/\/www.fourniresto.com\/blog\/wp-content\/uploads\/2017\/07\/Type-301-300x200.jpg\" alt=\"Type-301-300x200\" width=\"300\" height=\"200\"><\/p>\n<p class=\"p1\"><span class=\"s2\"><b>GAMMES :<\/b><\/span><\/p>\n<ul>\n<li class=\"li1\"><span class=\"s2\"><strong>Chroma Haiku<\/strong> : les couteaux de cette gamme poss\u00e8dent une manche en bois d\u2019honoki trait\u00e9 et ciment\u00e9, r\u00e9pondant aux exigences des normes europ\u00e9ennes d&#8217;hygi\u00e8ne. La lame en acier est enrichie avec 0,8% de carbone, ce qui les rend tr\u00e8s coupants. <span style=\"text-decoration: underline;\">Pour professionnels<\/span>.<\/span><\/li>\n<\/ul>\n<p><img loading=\"lazy\" class=\"aligncenter size-medium wp-image-3710\" src=\"https:\/\/www.fourniresto.com\/blog\/wp-content\/uploads\/2017\/07\/couteau-universel-haiku-lame-14-cm-1-300x92.jpg\" alt=\"couteau-universel-haiku-lame-14-cm\" width=\"300\" height=\"92\" srcset=\"https:\/\/www.fourniresto.com\/blog\/wp-content\/uploads\/2017\/07\/couteau-universel-haiku-lame-14-cm-1-300x92.jpg 300w, https:\/\/www.fourniresto.com\/blog\/wp-content\/uploads\/2017\/07\/couteau-universel-haiku-lame-14-cm-1-370x114.jpg 370w, https:\/\/www.fourniresto.com\/blog\/wp-content\/uploads\/2017\/07\/couteau-universel-haiku-lame-14-cm-1.jpg 443w\" sizes=\"(max-width: 300px) 100vw, 300px\" \/><\/p>\n<p>&nbsp;<\/p>\n<p>&nbsp;<\/p>\n<ul>\n<li class=\"li1\"><span class=\"s2\"><strong>Haiku Damas<\/strong> :<span class=\"Apple-converted-space\">&nbsp; Avec son tranchant rasoir, cette gamme de <a href=\"https:\/\/www.fourniresto.com\/827-couteaux-damas\">couteaux damass\u00e9s<\/a> poss\u00e8dent&nbsp;<\/span>1,0% de carbone, et sont extr\u00eamement tranchants. Le manche est en bois d\u2019honoki trait\u00e9 marbr\u00e9 en harmonie avec le damasquinage de la lame. L&#8217;acier de la lame a \u00e9t\u00e9 recouvert de 32 couches d\u2019acier inoxydable, puis&nbsp;sertie dans du bambou.&nbsp;<span style=\"text-decoration: underline;\">Pour professionnels<\/span>.<\/span><\/li>\n<\/ul>\n<p>&nbsp;<\/p>\n<p>&nbsp;<\/p>\n<ul>\n<li class=\"li1\"><span class=\"s2\"><strong>Haiku Home<\/strong> : USAGE PARTICULIER car manche non trait\u00e9 &#8211; en bois d\u2019honoki brut, ne r\u00e9pondant pas aux exigences des normes europ\u00e9ennes. Le manche est recyclable. La lame poss\u00e8de 0,4% de carbone, pour des couteaux plus robustes et moins tranchants que les gammes professionnelles.<\/span><\/li>\n<\/ul>\n<p><img loading=\"lazy\" class=\"aligncenter size-medium wp-image-3715\" src=\"https:\/\/www.fourniresto.com\/blog\/wp-content\/uploads\/2017\/07\/couteau-de-chef-gyuto-haiku-home-lame-185-cm-1-300x70.jpg\" alt=\"couteau-de-chef-gyuto-haiku-home-lame-185-cm\" width=\"300\" height=\"70\" srcset=\"https:\/\/www.fourniresto.com\/blog\/wp-content\/uploads\/2017\/07\/couteau-de-chef-gyuto-haiku-home-lame-185-cm-1-300x70.jpg 300w, https:\/\/www.fourniresto.com\/blog\/wp-content\/uploads\/2017\/07\/couteau-de-chef-gyuto-haiku-home-lame-185-cm-1-370x86.jpg 370w, https:\/\/www.fourniresto.com\/blog\/wp-content\/uploads\/2017\/07\/couteau-de-chef-gyuto-haiku-home-lame-185-cm-1.jpg 754w\" sizes=\"(max-width: 300px) 100vw, 300px\" \/><\/p>\n<ul>\n<li class=\"li1\"><span class=\"s2\"><strong>Japan Chef<\/strong> : Ce sont les couteaux utilis\u00e9s par les candidats de Top Chef. Ils poss\u00e8dent peu de carbone : 0,5% et sont donc parfait pour des apprentis. Le manche est en POM avec 3 rivets, pour des couteaux \u00e9conomiques et efficaces.&nbsp;<span style=\"text-decoration: underline;\">Pour professionnels<\/span>.<\/span><\/li>\n<\/ul>\n<p><img loading=\"lazy\" class=\"aligncenter size-medium wp-image-3713\" src=\"https:\/\/www.fourniresto.com\/blog\/wp-content\/uploads\/2017\/07\/couteau-d-office-japan-chef-lame-9-cm-1-300x61.jpg\" alt=\"couteau-d-office-japan-chef-lame-9-cm\" width=\"300\" height=\"61\" srcset=\"https:\/\/www.fourniresto.com\/blog\/wp-content\/uploads\/2017\/07\/couteau-d-office-japan-chef-lame-9-cm-1-300x61.jpg 300w, https:\/\/www.fourniresto.com\/blog\/wp-content\/uploads\/2017\/07\/couteau-d-office-japan-chef-lame-9-cm-1-370x75.jpg 370w, https:\/\/www.fourniresto.com\/blog\/wp-content\/uploads\/2017\/07\/couteau-d-office-japan-chef-lame-9-cm-1.jpg 754w\" sizes=\"(max-width: 300px) 100vw, 300px\" \/><\/p>\n<p>&nbsp;<\/p>\n<p><img loading=\"lazy\" class=\"alignleft wp-image-3513 size-medium\" src=\"https:\/\/www.fourniresto.com\/blog\/wp-content\/uploads\/2017\/07\/Chroma-AST-Type-301_4-300x199.jpg\" alt=\"Chroma-AST-Type-301_4\" width=\"300\" height=\"199\" srcset=\"https:\/\/www.fourniresto.com\/blog\/wp-content\/uploads\/2017\/07\/Chroma-AST-Type-301_4-300x199.jpg 300w, https:\/\/www.fourniresto.com\/blog\/wp-content\/uploads\/2017\/07\/Chroma-AST-Type-301_4-370x245.jpg 370w, https:\/\/www.fourniresto.com\/blog\/wp-content\/uploads\/2017\/07\/Chroma-AST-Type-301_4.jpg 580w\" sizes=\"(max-width: 300px) 100vw, 300px\" \/><\/p>\n<ul>\n<li><span class=\"s2\">Type 301 Design by F.A Porsche : c&#8217;est la gamme prestige de Chroma. La lame poss\u00e8de 0,7% de carbone : parfait pour des professionnels, lame tranchante et robuste. Le manche : ergonomique en inox poss\u00e8de un retour de lame incurv\u00e9e pour un confort de coupe optimal. Le design des couteaux de cette gamme a \u00e9t\u00e9 r\u00e9alis\u00e9 par la marque automobile de luxe Porsche.&nbsp;<span style=\"text-decoration: underline;\">Pour professionnels<\/span>.<\/span><\/li>\n<\/ul>\n<p>&nbsp;<\/p>\n<p><img loading=\"lazy\" class=\"aligncenter size-medium wp-image-3714\" src=\"https:\/\/www.fourniresto.com\/blog\/wp-content\/uploads\/2017\/07\/couteau-d-office-type-301-design-by-fa-porsche-lame-77cm-1-300x57.jpg\" alt=\"couteau-d-office-type-301-design-by-fa-porsche-lame-77cm\" width=\"300\" height=\"57\" srcset=\"https:\/\/www.fourniresto.com\/blog\/wp-content\/uploads\/2017\/07\/couteau-d-office-type-301-design-by-fa-porsche-lame-77cm-1-300x57.jpg 300w, https:\/\/www.fourniresto.com\/blog\/wp-content\/uploads\/2017\/07\/couteau-d-office-type-301-design-by-fa-porsche-lame-77cm-1-370x70.jpg 370w, https:\/\/www.fourniresto.com\/blog\/wp-content\/uploads\/2017\/07\/couteau-d-office-type-301-design-by-fa-porsche-lame-77cm-1-760x143.jpg 760w, https:\/\/www.fourniresto.com\/blog\/wp-content\/uploads\/2017\/07\/couteau-d-office-type-301-design-by-fa-porsche-lame-77cm-1.jpg 775w\" sizes=\"(max-width: 300px) 100vw, 300px\" \/><\/p>\n<p>Martel\u00e9 : le martelage conf\u00e8re un look unique et rend la lame &nbsp;anti-adh\u00e9rente, am\u00e9liorant la productivit\u00e9, car elle minimise la fixation des aliments lors de la d\u00e9coupe.&nbsp;<span style=\"text-decoration: underline;\">Pour professionnels<\/span>.<\/p>\n<p class=\"p1\"><span class=\"s2\">Accessoires propos\u00e9s par la marque : mallettes, coffrets, prot\u00e8ges lame plusieurs dimensions, et pierres \u00e0 aiguiser diff\u00e9rents grains, doubles faces (plus grain \u00e9lev\u00e9, plus aiguisage est pour la finition).<\/span><\/p>\n<p class=\"p1\"><img loading=\"lazy\" class=\"aligncenter size-medium wp-image-3716\" src=\"https:\/\/www.fourniresto.com\/blog\/wp-content\/uploads\/2017\/07\/protege-lame-knife-safe-pour-lames-135-x-24-cm-1-300x300.jpg\" alt=\"protege-lame-knife-safe-pour-lames-135-x-24-cm\" width=\"300\" height=\"300\" srcset=\"https:\/\/www.fourniresto.com\/blog\/wp-content\/uploads\/2017\/07\/protege-lame-knife-safe-pour-lames-135-x-24-cm-1-300x300.jpg 300w, https:\/\/www.fourniresto.com\/blog\/wp-content\/uploads\/2017\/07\/protege-lame-knife-safe-pour-lames-135-x-24-cm-1-150x150.jpg 150w, https:\/\/www.fourniresto.com\/blog\/wp-content\/uploads\/2017\/07\/protege-lame-knife-safe-pour-lames-135-x-24-cm-1-370x370.jpg 370w, https:\/\/www.fourniresto.com\/blog\/wp-content\/uploads\/2017\/07\/protege-lame-knife-safe-pour-lames-135-x-24-cm-1-135x135.jpg 135w, https:\/\/www.fourniresto.com\/blog\/wp-content\/uploads\/2017\/07\/protege-lame-knife-safe-pour-lames-135-x-24-cm-1-760x760.jpg 760w, https:\/\/www.fourniresto.com\/blog\/wp-content\/uploads\/2017\/07\/protege-lame-knife-safe-pour-lames-135-x-24-cm-1.jpg 800w\" sizes=\"(max-width: 300px) 100vw, 300px\" \/><\/p>\n<p class=\"p1\" style=\"text-align: center;\"><em>Avec Chroma, vous choisissez la qualit\u00e9 japonaise ! <a href=\"https:\/\/www.fourniresto.com\/110_chroma\">D\u00e9couvrez notre s\u00e9lection Chroma<\/a><\/em><\/p>\n","protected":false},"excerpt":{"rendered":"<p>Chroma accorde \u00e9norm\u00e9ment d\u2019importance \u00e0 ce que chaque cuisinier, de m\u00e9tier ou non, trouve couteau \u00e0 sa main. Dans cette optique, la marque a&nbsp;travaill\u00e9 ses&nbsp;gammes de couteaux de cuisine afin&hellip;<\/p>\n","protected":false},"author":1,"featured_media":15955,"comment_status":"closed","ping_status":"closed","sticky":false,"template":"","format":"standard","meta":{"content-type":"","_uag_custom_page_level_css":""},"categories":[923],"tags":[],"yoast_head":"<!-- This site is optimized with the Yoast SEO plugin v19.13 - https:\/\/yoast.com\/wordpress\/plugins\/seo\/ -->\n<title>Cette semaine, Fourniresto vous pr\u00e9sente les couteaux japonais Chroma - Le Blog FourniResto<\/title>\n<meta name=\"robots\" content=\"index, follow, max-snippet:-1, max-image-preview:large, max-video-preview:-1\" \/>\n<link rel=\"canonical\" href=\"https:\/\/www.fourniresto.com\/blog\/cette-semaine-fourniresto-vous-presente-les-couteaux-japonais-chroma\/\" \/>\n<meta property=\"og:locale\" content=\"fr_FR\" \/>\n<meta property=\"og:type\" content=\"article\" \/>\n<meta property=\"og:title\" content=\"Cette semaine, Fourniresto vous pr\u00e9sente les couteaux japonais Chroma - Le Blog FourniResto\" \/>\n<meta property=\"og:description\" content=\"Chroma accorde \u00e9norm\u00e9ment d\u2019importance \u00e0 ce que chaque cuisinier, de m\u00e9tier ou non, trouve couteau \u00e0 sa main. Dans cette optique, la marque a&nbsp;travaill\u00e9 ses&nbsp;gammes de couteaux de cuisine afin&hellip;\" \/>\n<meta property=\"og:url\" content=\"https:\/\/www.fourniresto.com\/blog\/cette-semaine-fourniresto-vous-presente-les-couteaux-japonais-chroma\/\" \/>\n<meta property=\"og:site_name\" content=\"Le Blog FourniResto\" \/>\n<meta property=\"article:published_time\" content=\"2017-07-13T13:29:47+00:00\" \/>\n<meta property=\"article:modified_time\" content=\"2022-03-22T09:50:50+00:00\" \/>\n<meta property=\"og:image\" content=\"https:\/\/www.fourniresto.com\/blog\/wp-content\/uploads\/2017\/07\/Cette-semaine-Fourniresto-vous-pre\u0301sente-les-couteaux-japonais-Chroma.jpg\" \/>\n\t<meta property=\"og:image:width\" content=\"2240\" \/>\n\t<meta property=\"og:image:height\" content=\"1260\" \/>\n\t<meta property=\"og:image:type\" content=\"image\/jpeg\" \/>\n<meta name=\"author\" content=\"Admin\" \/>\n<meta name=\"twitter:card\" content=\"summary_large_image\" \/>\n<meta name=\"twitter:label1\" content=\"\u00c9crit par\" \/>\n\t<meta name=\"twitter:data1\" content=\"Admin\" \/>\n\t<meta name=\"twitter:label2\" content=\"Dur\u00e9e de lecture estim\u00e9e\" \/>\n\t<meta name=\"twitter:data2\" content=\"3 minutes\" \/>\n<script type=\"application\/ld+json\" class=\"yoast-schema-graph\">{\"@context\":\"https:\/\/schema.org\",\"@graph\":[{\"@type\":\"WebPage\",\"@id\":\"https:\/\/www.fourniresto.com\/blog\/cette-semaine-fourniresto-vous-presente-les-couteaux-japonais-chroma\/\",\"url\":\"https:\/\/www.fourniresto.com\/blog\/cette-semaine-fourniresto-vous-presente-les-couteaux-japonais-chroma\/\",\"name\":\"Cette semaine, Fourniresto vous pr\u00e9sente les couteaux japonais Chroma - Le Blog FourniResto\",\"isPartOf\":{\"@id\":\"https:\/\/www.fourniresto.com\/blog\/#website\"},\"datePublished\":\"2017-07-13T13:29:47+00:00\",\"dateModified\":\"2022-03-22T09:50:50+00:00\",\"author\":{\"@id\":\"https:\/\/www.fourniresto.com\/blog\/#\/schema\/person\/7bdd27da86a0fd78ebae2c0282518b37\"},\"breadcrumb\":{\"@id\":\"https:\/\/www.fourniresto.com\/blog\/cette-semaine-fourniresto-vous-presente-les-couteaux-japonais-chroma\/#breadcrumb\"},\"inLanguage\":\"fr-FR\",\"potentialAction\":[{\"@type\":\"ReadAction\",\"target\":[\"https:\/\/www.fourniresto.com\/blog\/cette-semaine-fourniresto-vous-presente-les-couteaux-japonais-chroma\/\"]}]},{\"@type\":\"BreadcrumbList\",\"@id\":\"https:\/\/www.fourniresto.com\/blog\/cette-semaine-fourniresto-vous-presente-les-couteaux-japonais-chroma\/#breadcrumb\",\"itemListElement\":[{\"@type\":\"ListItem\",\"position\":1,\"name\":\"Accueil\",\"item\":\"https:\/\/www.fourniresto.com\/blog\/\"},{\"@type\":\"ListItem\",\"position\":2,\"name\":\"Cette semaine, Fourniresto vous pr\u00e9sente les couteaux japonais Chroma\"}]},{\"@type\":\"WebSite\",\"@id\":\"https:\/\/www.fourniresto.com\/blog\/#website\",\"url\":\"https:\/\/www.fourniresto.com\/blog\/\",\"name\":\"Le Blog FourniResto\",\"description\":\"Conseils et actualit\u00e9s sur la Restauration Professionnelle\",\"potentialAction\":[{\"@type\":\"SearchAction\",\"target\":{\"@type\":\"EntryPoint\",\"urlTemplate\":\"https:\/\/www.fourniresto.com\/blog\/?s={search_term_string}\"},\"query-input\":\"required name=search_term_string\"}],\"inLanguage\":\"fr-FR\"},{\"@type\":\"Person\",\"@id\":\"https:\/\/www.fourniresto.com\/blog\/#\/schema\/person\/7bdd27da86a0fd78ebae2c0282518b37\",\"name\":\"Admin\"}]}<\/script>\n<!-- \/ Yoast SEO plugin. -->","yoast_head_json":{"title":"Cette semaine, Fourniresto vous pr\u00e9sente les couteaux japonais Chroma - Le Blog FourniResto","robots":{"index":"index","follow":"follow","max-snippet":"max-snippet:-1","max-image-preview":"max-image-preview:large","max-video-preview":"max-video-preview:-1"},"canonical":"https:\/\/www.fourniresto.com\/blog\/cette-semaine-fourniresto-vous-presente-les-couteaux-japonais-chroma\/","og_locale":"fr_FR","og_type":"article","og_title":"Cette semaine, Fourniresto vous pr\u00e9sente les couteaux japonais Chroma - Le Blog FourniResto","og_description":"Chroma accorde \u00e9norm\u00e9ment d\u2019importance \u00e0 ce que chaque cuisinier, de m\u00e9tier ou non, trouve couteau \u00e0 sa main. Dans cette optique, la marque a&nbsp;travaill\u00e9 ses&nbsp;gammes de couteaux de cuisine afin&hellip;","og_url":"https:\/\/www.fourniresto.com\/blog\/cette-semaine-fourniresto-vous-presente-les-couteaux-japonais-chroma\/","og_site_name":"Le Blog FourniResto","article_published_time":"2017-07-13T13:29:47+00:00","article_modified_time":"2022-03-22T09:50:50+00:00","og_image":[{"width":2240,"height":1260,"url":"https:\/\/www.fourniresto.com\/blog\/wp-content\/uploads\/2017\/07\/Cette-semaine-Fourniresto-vous-pre\u0301sente-les-couteaux-japonais-Chroma.jpg","type":"image\/jpeg"}],"author":"Admin","twitter_card":"summary_large_image","twitter_misc":{"\u00c9crit par":"Admin","Dur\u00e9e de lecture estim\u00e9e":"3 minutes"},"schema":{"@context":"https:\/\/schema.org","@graph":[{"@type":"WebPage","@id":"https:\/\/www.fourniresto.com\/blog\/cette-semaine-fourniresto-vous-presente-les-couteaux-japonais-chroma\/","url":"https:\/\/www.fourniresto.com\/blog\/cette-semaine-fourniresto-vous-presente-les-couteaux-japonais-chroma\/","name":"Cette semaine, Fourniresto vous pr\u00e9sente les couteaux japonais Chroma - Le Blog FourniResto","isPartOf":{"@id":"https:\/\/www.fourniresto.com\/blog\/#website"},"datePublished":"2017-07-13T13:29:47+00:00","dateModified":"2022-03-22T09:50:50+00:00","author":{"@id":"https:\/\/www.fourniresto.com\/blog\/#\/schema\/person\/7bdd27da86a0fd78ebae2c0282518b37"},"breadcrumb":{"@id":"https:\/\/www.fourniresto.com\/blog\/cette-semaine-fourniresto-vous-presente-les-couteaux-japonais-chroma\/#breadcrumb"},"inLanguage":"fr-FR","potentialAction":[{"@type":"ReadAction","target":["https:\/\/www.fourniresto.com\/blog\/cette-semaine-fourniresto-vous-presente-les-couteaux-japonais-chroma\/"]}]},{"@type":"BreadcrumbList","@id":"https:\/\/www.fourniresto.com\/blog\/cette-semaine-fourniresto-vous-presente-les-couteaux-japonais-chroma\/#breadcrumb","itemListElement":[{"@type":"ListItem","position":1,"name":"Accueil","item":"https:\/\/www.fourniresto.com\/blog\/"},{"@type":"ListItem","position":2,"name":"Cette semaine, Fourniresto vous pr\u00e9sente les couteaux japonais Chroma"}]},{"@type":"WebSite","@id":"https:\/\/www.fourniresto.com\/blog\/#website","url":"https:\/\/www.fourniresto.com\/blog\/","name":"Le Blog FourniResto","description":"Conseils et actualit\u00e9s sur la Restauration Professionnelle","potentialAction":[{"@type":"SearchAction","target":{"@type":"EntryPoint","urlTemplate":"https:\/\/www.fourniresto.com\/blog\/?s={search_term_string}"},"query-input":"required name=search_term_string"}],"inLanguage":"fr-FR"},{"@type":"Person","@id":"https:\/\/www.fourniresto.com\/blog\/#\/schema\/person\/7bdd27da86a0fd78ebae2c0282518b37","name":"Admin"}]}},"uagb_featured_image_src":{"full":["https:\/\/www.fourniresto.com\/blog\/wp-content\/uploads\/2017\/07\/Cette-semaine-Fourniresto-vous-pre\u0301sente-les-couteaux-japonais-Chroma.jpg",2240,1260,false],"thumbnail":["https:\/\/www.fourniresto.com\/blog\/wp-content\/uploads\/2017\/07\/Cette-semaine-Fourniresto-vous-pre\u0301sente-les-couteaux-japonais-Chroma-150x150.jpg",150,150,true],"medium":["https:\/\/www.fourniresto.com\/blog\/wp-content\/uploads\/2017\/07\/Cette-semaine-Fourniresto-vous-pre\u0301sente-les-couteaux-japonais-Chroma-300x169.jpg",300,169,true],"medium_large":["https:\/\/www.fourniresto.com\/blog\/wp-content\/uploads\/2017\/07\/Cette-semaine-Fourniresto-vous-pre\u0301sente-les-couteaux-japonais-Chroma.jpg",768,432,false],"large":["https:\/\/www.fourniresto.com\/blog\/wp-content\/uploads\/2017\/07\/Cette-semaine-Fourniresto-vous-pre\u0301sente-les-couteaux-japonais-Chroma-1024x576.jpg",1024,576,true],"1536x1536":["https:\/\/www.fourniresto.com\/blog\/wp-content\/uploads\/2017\/07\/Cette-semaine-Fourniresto-vous-pre\u0301sente-les-couteaux-japonais-Chroma-1536x864.jpg",1536,864,true],"2048x2048":["https:\/\/www.fourniresto.com\/blog\/wp-content\/uploads\/2017\/07\/Cette-semaine-Fourniresto-vous-pre\u0301sente-les-couteaux-japonais-Chroma-2048x1152.jpg",2048,1152,true],"ms_image_size_300":["https:\/\/www.fourniresto.com\/blog\/wp-content\/uploads\/2017\/07\/Cette-semaine-Fourniresto-vous-pre\u0301sente-les-couteaux-japonais-Chroma-300x200.jpg",300,200,true],"post-thumbnail":["https:\/\/www.fourniresto.com\/blog\/wp-content\/uploads\/2017\/07\/Cette-semaine-Fourniresto-vous-pre\u0301sente-les-couteaux-japonais-Chroma-370x208.jpg",370,208,true],"especio-thumb-huge":["https:\/\/www.fourniresto.com\/blog\/wp-content\/uploads\/2017\/07\/Cette-semaine-Fourniresto-vous-pre\u0301sente-les-couteaux-japonais-Chroma-1170x658.jpg",1170,658,true],"especio-thumb-big":["https:\/\/www.fourniresto.com\/blog\/wp-content\/uploads\/2017\/07\/Cette-semaine-Fourniresto-vous-pre\u0301sente-les-couteaux-japonais-Chroma-760x428.jpg",760,428,true],"especio-thumb-med":["https:\/\/www.fourniresto.com\/blog\/wp-content\/uploads\/2017\/07\/Cette-semaine-Fourniresto-vous-pre\u0301sente-les-couteaux-japonais-Chroma-370x208.jpg",370,208,true],"especio-thumb-tiny":["https:\/\/www.fourniresto.com\/blog\/wp-content\/uploads\/2017\/07\/Cette-semaine-Fourniresto-vous-pre\u0301sente-les-couteaux-japonais-Chroma-135x135.jpg",135,135,true],"especio-thumb-masonry-big":["https:\/\/www.fourniresto.com\/blog\/wp-content\/uploads\/2017\/07\/Cette-semaine-Fourniresto-vous-pre\u0301sente-les-couteaux-japonais-Chroma-760x428.jpg",760,428,true],"especio-thumb-masonry":["https:\/\/www.fourniresto.com\/blog\/wp-content\/uploads\/2017\/07\/Cette-semaine-Fourniresto-vous-pre\u0301sente-les-couteaux-japonais-Chroma-370x208.jpg",370,208,true],"especio-thumb-extra":["https:\/\/www.fourniresto.com\/blog\/wp-content\/uploads\/2017\/07\/Cette-semaine-Fourniresto-vous-pre\u0301sente-les-couteaux-japonais-Chroma-570x498.jpg",570,498,true],"especio-thumb-square":["https:\/\/www.fourniresto.com\/blog\/wp-content\/uploads\/2017\/07\/Cette-semaine-Fourniresto-vous-pre\u0301sente-les-couteaux-japonais-Chroma-270x258.jpg",270,258,true],"especio-thumb-plain":["https:\/\/www.fourniresto.com\/blog\/wp-content\/uploads\/2017\/07\/Cette-semaine-Fourniresto-vous-pre\u0301sente-les-couteaux-japonais-Chroma-218x162.jpg",218,162,true],"especio-thumb-list":["https:\/\/www.fourniresto.com\/blog\/wp-content\/uploads\/2017\/07\/Cette-semaine-Fourniresto-vous-pre\u0301sente-les-couteaux-japonais-Chroma-370x275.jpg",370,275,true],"trx_addons-thumb-small":["https:\/\/www.fourniresto.com\/blog\/wp-content\/uploads\/2017\/07\/Cette-semaine-Fourniresto-vous-pre\u0301sente-les-couteaux-japonais-Chroma-270x152.jpg",270,152,true],"trx_addons-thumb-portrait":["https:\/\/www.fourniresto.com\/blog\/wp-content\/uploads\/2017\/07\/Cette-semaine-Fourniresto-vous-pre\u0301sente-les-couteaux-japonais-Chroma-370x493.jpg",370,493,true],"trx_addons-thumb-avatar":["https:\/\/www.fourniresto.com\/blog\/wp-content\/uploads\/2017\/07\/Cette-semaine-Fourniresto-vous-pre\u0301sente-les-couteaux-japonais-Chroma-370x370.jpg",370,370,true]},"uagb_author_info":{"display_name":"Admin","author_link":"https:\/\/www.fourniresto.com\/blog\/author\/admin\/"},"uagb_comment_info":0,"uagb_excerpt":"Chroma accorde \u00e9norm\u00e9ment d\u2019importance \u00e0 ce que chaque cuisinier, de m\u00e9tier ou non, trouve couteau \u00e0 sa main. Dans cette optique, la marque a&nbsp;travaill\u00e9 ses&nbsp;gammes de couteaux de cuisine afin&hellip;","_links":{"self":[{"href":"https:\/\/www.fourniresto.com\/blog\/wp-json\/wp\/v2\/posts\/3509"}],"collection":[{"href":"https:\/\/www.fourniresto.com\/blog\/wp-json\/wp\/v2\/posts"}],"about":[{"href":"https:\/\/www.fourniresto.com\/blog\/wp-json\/wp\/v2\/types\/post"}],"author":[{"embeddable":true,"href":"https:\/\/www.fourniresto.com\/blog\/wp-json\/wp\/v2\/users\/1"}],"replies":[{"embeddable":true,"href":"https:\/\/www.fourniresto.com\/blog\/wp-json\/wp\/v2\/comments?post=3509"}],"version-history":[{"count":9,"href":"https:\/\/www.fourniresto.com\/blog\/wp-json\/wp\/v2\/posts\/3509\/revisions"}],"predecessor-version":[{"id":14994,"href":"https:\/\/www.fourniresto.com\/blog\/wp-json\/wp\/v2\/posts\/3509\/revisions\/14994"}],"wp:featuredmedia":[{"embeddable":true,"href":"https:\/\/www.fourniresto.com\/blog\/wp-json\/wp\/v2\/media\/15955"}],"wp:attachment":[{"href":"https:\/\/www.fourniresto.com\/blog\/wp-json\/wp\/v2\/media?parent=3509"}],"wp:term":[{"taxonomy":"category","embeddable":true,"href":"https:\/\/www.fourniresto.com\/blog\/wp-json\/wp\/v2\/categories?post=3509"},{"taxonomy":"post_tag","embeddable":true,"href":"https:\/\/www.fourniresto.com\/blog\/wp-json\/wp\/v2\/tags?post=3509"}],"curies":[{"name":"wp","href":"https:\/\/api.w.org\/{rel}","templated":true}]}}