{"id":3071,"date":"2017-05-09T17:15:00","date_gmt":"2017-05-09T15:15:00","guid":{"rendered":"https:\/\/www.fourniresto.com\/blog\/?p=3071"},"modified":"2022-04-01T14:50:57","modified_gmt":"2022-04-01T12:50:57","slug":"vg-patisserie-des-patisseries-vegetales-a-vous-couper-le-souffle","status":"publish","type":"post","link":"https:\/\/www.fourniresto.com\/blog\/vg-patisserie-des-patisseries-vegetales-a-vous-couper-le-souffle\/","title":{"rendered":"VG P\u00e2tisserie : Des p\u00e2tisseries v\u00e9g\u00e9tales \u00e0 vous couper le souffle"},"content":{"rendered":"<p>&nbsp;<\/p>\n<p style=\"text-align: justify;\"><span style=\"font-weight: 400;\">Situ\u00e9e dans le quartier de la Roquette, entre Bastille, la place L\u00e9on Blum et la rue de Charonne, VG P\u00e2tisserie offre aux becs sucr\u00e9s une exp\u00e9rience gustative unique.<\/span><\/p>\n<p style=\"text-align: justify;\"><span style=\"font-weight: 400;\">Mais VG P\u00e2tisserie, c\u2019est avant tout un concept cr\u00e9e par B\u00e9r\u00e9nice Lecomte. Baign\u00e9e dans un univers culinaire depuis son plus jeune \u00e2ge et passionn\u00e9e par la cuisine et la nutrition elle a obtenu son dipl\u00f4me d\u2019Ing\u00e9nieur Alimentation &amp; Sant\u00e9 \u00e0 Beauvais.<a href=\"https:\/\/www.fourniresto.com\/blog\/vg-patisserie-des-patisseries-vegetales-a-vous-couper-le-souffle\/titre-2\/\" rel=\"attachment wp-att-3074\"><img loading=\"lazy\" class=\"alignleft size-full wp-image-3074\" src=\"https:\/\/www.fourniresto.com\/blog\/wp-content\/uploads\/2017\/05\/titre-1.jpg\" alt=\"titre\" width=\"3341\" height=\"512\"><\/a><\/span><\/p>\n<p style=\"text-align: justify;\"><img loading=\"lazy\" class=\"alignleft wp-image-3073\" src=\"https:\/\/www.fourniresto.com\/blog\/wp-content\/uploads\/2017\/05\/vg-patisserie-2.jpg\" alt=\"vg patisserie-2\" width=\"249\" height=\"345\" srcset=\"https:\/\/www.fourniresto.com\/blog\/wp-content\/uploads\/2017\/05\/vg-patisserie-2.jpg 523w, https:\/\/www.fourniresto.com\/blog\/wp-content\/uploads\/2017\/05\/vg-patisserie-2-216x300.jpg 216w, https:\/\/www.fourniresto.com\/blog\/wp-content\/uploads\/2017\/05\/vg-patisserie-2-370x514.jpg 370w\" sizes=\"(max-width: 249px) 100vw, 249px\" \/>&nbsp;C\u2019est \u00e0 l\u2019\u00e2ge de 23 ans, lorsqu\u2019elle est diagnostiqu\u00e9e intol\u00e9rante au&nbsp;<span style=\"font-weight: 400;\">lactose (Oh comme moi !!!) qu\u2019elle a eu l\u2019envie spontan\u00e9e de s\u2019orienter vers les m\u00e9tiers de bouche et a pass\u00e9 un CAP P\u00e2tisserie. Hors de question pour B\u00e9r\u00e9nice de laisser place \u00e0 la frustration de ne plus pouvoir manger des p\u00e2tisseries traditionnelles&#8230; Et autant vous dire que pour l\u2019avoir v\u00e9cu c\u2019est pas facile \u2026 Apr\u00e8s avoir travaill\u00e9 1 an en tant que Chef P\u00e2tissi\u00e8re elle a d\u00e9cid\u00e9 de se lancer et d\u2019ouvrir sa P\u00e2tisserie. Mais pas qu\u2019une simple P\u00e2tisserie, une p\u00e2tisserie v\u00e9g\u00e9tale.<\/span><\/p>\n<p style=\"text-align: justify;\"><span style=\"font-weight: 400;\">Son but est simple : Rendre la p\u00e2tisserie accessible \u00e0 toutes les personnes sous r\u00e9gime alimentaire (Sans lactose, sans gluten ou encore sans \u0153ufs) que ce soit pour des raisons d\u2019intol\u00e9rances ou par choix.<\/span><\/p>\n<p style=\"text-align: justify;\"><span style=\"font-weight: 400;\">Passons maintenant \u00e0 ses cr\u00e9ations, des cr\u00e9ations qui vont vous couper le souffle.&nbsp;<\/span><\/p>\n<p style=\"text-align: justify;\"><b>Que nous propose B\u00e9r\u00e9nice chez VG P\u00e2tisserie ?<\/b><\/p>\n<p style=\"text-align: justify;\"><span style=\"font-weight: 400;\">Con\u00e7ue comme un lieu de convivialit\u00e9, \u00e0 la d\u00e9coration \u00e9pur\u00e9e et \u00e9l\u00e9gante, VG P\u00e2tisserie propose des cr\u00e9ations sucr\u00e9es enti\u00e8rement v\u00e9g\u00e9tales centr\u00e9es sur le respect des ingr\u00e9dients, de leur origine et de la nature, avec de nombreuses options sans gluten. B\u00e9r\u00e9nice Leconte, cr\u00e9atrice de VG P\u00e2tisserie, a voulu rendre accessible \u00e0 tous cet univers sucr\u00e9 bousculant les codes de la tradition p\u00e2tissi\u00e8re fran\u00e7aise.<\/span><\/p>\n<p><img loading=\"lazy\" class=\"size-medium wp-image-9966 alignright\" src=\"https:\/\/www.fourniresto.com\/blog\/wp-content\/uploads\/2017\/05\/vg-patisserie-1-1-300x129.png\" alt=\"\" width=\"300\" height=\"129\" srcset=\"https:\/\/www.fourniresto.com\/blog\/wp-content\/uploads\/2017\/05\/vg-patisserie-1-1-300x129.png 300w, https:\/\/www.fourniresto.com\/blog\/wp-content\/uploads\/2017\/05\/vg-patisserie-1-1-370x160.png 370w, https:\/\/www.fourniresto.com\/blog\/wp-content\/uploads\/2017\/05\/vg-patisserie-1-1.png 640w\" sizes=\"(max-width: 300px) 100vw, 300px\" \/>D\u00e8s le matin, la p\u00e2tisserie vous propose des boissons chaudes, jus frais, viennoiseries ou encore brioches. Croissants, Pains au Chocolats, Croissants aux amandes\u2026 sont au rendez-vous ainsi que ses d\u00e9licieux Cakes Citron et Cakes Marbr\u00e9s Vanille Chocolat.<\/p>\n<p><span style=\"font-weight: 400;\">A partir de 10h, place aux p\u00e2tisseries ! Une large gamme d\u2019entremets, de tartes, de macarons, de sp\u00e9cialit\u00e9s p\u00e2te \u00e0 choux et autres cr\u00e9ations de saison s\u2019expose en boutique. A d\u00e9guster sur place ou \u00e0 emporter ! Entre son Crok Chocolat Noisette, son Paris Brest Pistache, ses macarons fraise poivr\u00e9e et toutes ses autres cr\u00e9ations il y en a pour tous les go\u00fbts \u2026.<\/span><\/p>\n<p><img loading=\"lazy\" class=\"alignleft size-medium wp-image-9980\" src=\"https:\/\/www.fourniresto.com\/blog\/wp-content\/uploads\/2017\/05\/vg-patisserie-2-300x127.png\" alt=\"\" width=\"300\" height=\"127\" srcset=\"https:\/\/www.fourniresto.com\/blog\/wp-content\/uploads\/2017\/05\/vg-patisserie-2-300x127.png 300w, https:\/\/www.fourniresto.com\/blog\/wp-content\/uploads\/2017\/05\/vg-patisserie-2.png 320w\" sizes=\"(max-width: 300px) 100vw, 300px\" \/><\/p>\n<p>Et tout \u00e7a 100% v\u00e9g\u00e9tal, Bio, De saison, Fait avec Amour et Passion dans une ambiance chaleureuse !<\/p>\n<p>Alors je ne sais pas vous mais moi j\u2019ai l\u2019eau \u00e0 la bouche. Vite, Vite on va rendre visite \u00e0 B\u00e9r\u00e9nice !<\/p>\n<p><iframe loading=\"lazy\" title=\"VG P\u00e2tisserie - B\u00e9r\u00e9nice Leconte\" width=\"1170\" height=\"658\" src=\"https:\/\/www.youtube.com\/embed\/4Xp0ZdKex8Q?feature=oembed\" frameborder=\"0\" allow=\"accelerometer; autoplay; clipboard-write; encrypted-media; gyroscope; picture-in-picture\" allowfullscreen><\/iframe><\/p>\n<p>Envie d\u2019en avoir plein les yeux ? Retrouvez-la sur <a href=\"https:\/\/www.facebook.com\/vgpatisserie\/\" class=\"broken_link\">Facebook<\/a>&nbsp;, sur <a href=\"https:\/\/www.instagram.com\/vgpatisserie\/?hl=fr\">Instagram<\/a>&nbsp;ou sur son <a href=\"https:\/\/www.vgpatisserie.fr\">site<\/a><\/p>\n<p><span style=\"font-weight: 400;\">VG P\u00e2tisserie, 123 boulevard Voltaire 7501 PARIS<\/span><br \/>\n<a href=\"https:\/\/www.fourniresto.com\/blog\/vg-patisserie-des-patisseries-vegetales-a-vous-couper-le-souffle\/capture-decran-2017-05-09-a-17-39-01\/\" rel=\"attachment wp-att-3097\"><img loading=\"lazy\" class=\"alignleft size-full wp-image-3097\" src=\"https:\/\/www.fourniresto.com\/blog\/wp-content\/uploads\/2017\/05\/Capture-d\u2019\u00e9cran-2017-05-09-\u00e0-17.39.01.png\" alt=\"Capture d\u2019\u00e9cran 2017-05-09 \u00e0 17.39.01\" width=\"893\" height=\"447\" srcset=\"https:\/\/www.fourniresto.com\/blog\/wp-content\/uploads\/2017\/05\/Capture-d\u2019\u00e9cran-2017-05-09-\u00e0-17.39.01.png 893w, https:\/\/www.fourniresto.com\/blog\/wp-content\/uploads\/2017\/05\/Capture-d\u2019\u00e9cran-2017-05-09-\u00e0-17.39.01-300x150.png 300w, https:\/\/www.fourniresto.com\/blog\/wp-content\/uploads\/2017\/05\/Capture-d\u2019\u00e9cran-2017-05-09-\u00e0-17.39.01-370x185.png 370w, https:\/\/www.fourniresto.com\/blog\/wp-content\/uploads\/2017\/05\/Capture-d\u2019\u00e9cran-2017-05-09-\u00e0-17.39.01-760x380.png 760w\" sizes=\"(max-width: 893px) 100vw, 893px\" \/><\/a><\/p>\n","protected":false},"excerpt":{"rendered":"<p>&nbsp; Situ\u00e9e dans le quartier de la Roquette, entre Bastille, la place L\u00e9on Blum et la rue de Charonne, VG P\u00e2tisserie offre aux becs sucr\u00e9s une exp\u00e9rience gustative unique. Mais&hellip;<\/p>\n","protected":false},"author":1,"featured_media":16233,"comment_status":"closed","ping_status":"closed","sticky":false,"template":"","format":"standard","meta":{"content-type":"","_uag_custom_page_level_css":""},"categories":[922],"tags":[],"yoast_head":"<!-- This site is optimized with the Yoast SEO plugin v19.13 - https:\/\/yoast.com\/wordpress\/plugins\/seo\/ -->\n<title>VG P\u00e2tisserie : Des p\u00e2tisseries v\u00e9g\u00e9tales \u00e0 vous couper le souffle - Le Blog FourniResto<\/title>\n<meta name=\"robots\" content=\"index, follow, max-snippet:-1, max-image-preview:large, max-video-preview:-1\" \/>\n<link rel=\"canonical\" href=\"https:\/\/www.fourniresto.com\/blog\/vg-patisserie-des-patisseries-vegetales-a-vous-couper-le-souffle\/\" \/>\n<meta property=\"og:locale\" content=\"fr_FR\" \/>\n<meta property=\"og:type\" content=\"article\" \/>\n<meta property=\"og:title\" content=\"VG P\u00e2tisserie : Des p\u00e2tisseries v\u00e9g\u00e9tales \u00e0 vous couper le souffle - Le Blog FourniResto\" \/>\n<meta property=\"og:description\" content=\"&nbsp; Situ\u00e9e dans le quartier de la Roquette, entre Bastille, la place L\u00e9on Blum et la rue de Charonne, VG P\u00e2tisserie offre aux becs sucr\u00e9s une exp\u00e9rience gustative unique. Mais&hellip;\" \/>\n<meta property=\"og:url\" content=\"https:\/\/www.fourniresto.com\/blog\/vg-patisserie-des-patisseries-vegetales-a-vous-couper-le-souffle\/\" \/>\n<meta property=\"og:site_name\" content=\"Le Blog FourniResto\" \/>\n<meta property=\"article:published_time\" content=\"2017-05-09T15:15:00+00:00\" \/>\n<meta property=\"article:modified_time\" content=\"2022-04-01T12:50:57+00:00\" \/>\n<meta property=\"og:image\" content=\"https:\/\/www.fourniresto.com\/blog\/wp-content\/uploads\/2017\/05\/VG-Pa\u0302tisserie.jpg\" \/>\n\t<meta property=\"og:image:width\" content=\"2240\" \/>\n\t<meta property=\"og:image:height\" content=\"1260\" \/>\n\t<meta property=\"og:image:type\" content=\"image\/jpeg\" \/>\n<meta name=\"author\" content=\"Admin\" \/>\n<meta name=\"twitter:card\" content=\"summary_large_image\" \/>\n<meta name=\"twitter:label1\" content=\"\u00c9crit par\" \/>\n\t<meta name=\"twitter:data1\" content=\"Admin\" \/>\n\t<meta name=\"twitter:label2\" content=\"Dur\u00e9e de lecture estim\u00e9e\" \/>\n\t<meta name=\"twitter:data2\" content=\"3 minutes\" \/>\n<script type=\"application\/ld+json\" class=\"yoast-schema-graph\">{\"@context\":\"https:\/\/schema.org\",\"@graph\":[{\"@type\":\"WebPage\",\"@id\":\"https:\/\/www.fourniresto.com\/blog\/vg-patisserie-des-patisseries-vegetales-a-vous-couper-le-souffle\/\",\"url\":\"https:\/\/www.fourniresto.com\/blog\/vg-patisserie-des-patisseries-vegetales-a-vous-couper-le-souffle\/\",\"name\":\"VG P\u00e2tisserie : Des p\u00e2tisseries v\u00e9g\u00e9tales \u00e0 vous couper le souffle - Le Blog FourniResto\",\"isPartOf\":{\"@id\":\"https:\/\/www.fourniresto.com\/blog\/#website\"},\"datePublished\":\"2017-05-09T15:15:00+00:00\",\"dateModified\":\"2022-04-01T12:50:57+00:00\",\"author\":{\"@id\":\"https:\/\/www.fourniresto.com\/blog\/#\/schema\/person\/7bdd27da86a0fd78ebae2c0282518b37\"},\"breadcrumb\":{\"@id\":\"https:\/\/www.fourniresto.com\/blog\/vg-patisserie-des-patisseries-vegetales-a-vous-couper-le-souffle\/#breadcrumb\"},\"inLanguage\":\"fr-FR\",\"potentialAction\":[{\"@type\":\"ReadAction\",\"target\":[\"https:\/\/www.fourniresto.com\/blog\/vg-patisserie-des-patisseries-vegetales-a-vous-couper-le-souffle\/\"]}]},{\"@type\":\"BreadcrumbList\",\"@id\":\"https:\/\/www.fourniresto.com\/blog\/vg-patisserie-des-patisseries-vegetales-a-vous-couper-le-souffle\/#breadcrumb\",\"itemListElement\":[{\"@type\":\"ListItem\",\"position\":1,\"name\":\"Accueil\",\"item\":\"https:\/\/www.fourniresto.com\/blog\/\"},{\"@type\":\"ListItem\",\"position\":2,\"name\":\"VG P\u00e2tisserie : Des p\u00e2tisseries v\u00e9g\u00e9tales \u00e0 vous couper le souffle\"}]},{\"@type\":\"WebSite\",\"@id\":\"https:\/\/www.fourniresto.com\/blog\/#website\",\"url\":\"https:\/\/www.fourniresto.com\/blog\/\",\"name\":\"Le Blog FourniResto\",\"description\":\"Conseils et actualit\u00e9s sur la Restauration Professionnelle\",\"potentialAction\":[{\"@type\":\"SearchAction\",\"target\":{\"@type\":\"EntryPoint\",\"urlTemplate\":\"https:\/\/www.fourniresto.com\/blog\/?s={search_term_string}\"},\"query-input\":\"required name=search_term_string\"}],\"inLanguage\":\"fr-FR\"},{\"@type\":\"Person\",\"@id\":\"https:\/\/www.fourniresto.com\/blog\/#\/schema\/person\/7bdd27da86a0fd78ebae2c0282518b37\",\"name\":\"Admin\"}]}<\/script>\n<!-- \/ Yoast SEO plugin. -->","yoast_head_json":{"title":"VG P\u00e2tisserie : Des p\u00e2tisseries v\u00e9g\u00e9tales \u00e0 vous couper le souffle - Le Blog FourniResto","robots":{"index":"index","follow":"follow","max-snippet":"max-snippet:-1","max-image-preview":"max-image-preview:large","max-video-preview":"max-video-preview:-1"},"canonical":"https:\/\/www.fourniresto.com\/blog\/vg-patisserie-des-patisseries-vegetales-a-vous-couper-le-souffle\/","og_locale":"fr_FR","og_type":"article","og_title":"VG P\u00e2tisserie : Des p\u00e2tisseries v\u00e9g\u00e9tales \u00e0 vous couper le souffle - Le Blog FourniResto","og_description":"&nbsp; Situ\u00e9e dans le quartier de la Roquette, entre Bastille, la place L\u00e9on Blum et la rue de Charonne, VG P\u00e2tisserie offre aux becs sucr\u00e9s une exp\u00e9rience gustative unique. Mais&hellip;","og_url":"https:\/\/www.fourniresto.com\/blog\/vg-patisserie-des-patisseries-vegetales-a-vous-couper-le-souffle\/","og_site_name":"Le Blog FourniResto","article_published_time":"2017-05-09T15:15:00+00:00","article_modified_time":"2022-04-01T12:50:57+00:00","og_image":[{"width":2240,"height":1260,"url":"https:\/\/www.fourniresto.com\/blog\/wp-content\/uploads\/2017\/05\/VG-Pa\u0302tisserie.jpg","type":"image\/jpeg"}],"author":"Admin","twitter_card":"summary_large_image","twitter_misc":{"\u00c9crit par":"Admin","Dur\u00e9e de lecture estim\u00e9e":"3 minutes"},"schema":{"@context":"https:\/\/schema.org","@graph":[{"@type":"WebPage","@id":"https:\/\/www.fourniresto.com\/blog\/vg-patisserie-des-patisseries-vegetales-a-vous-couper-le-souffle\/","url":"https:\/\/www.fourniresto.com\/blog\/vg-patisserie-des-patisseries-vegetales-a-vous-couper-le-souffle\/","name":"VG P\u00e2tisserie : Des p\u00e2tisseries v\u00e9g\u00e9tales \u00e0 vous couper le souffle - Le Blog FourniResto","isPartOf":{"@id":"https:\/\/www.fourniresto.com\/blog\/#website"},"datePublished":"2017-05-09T15:15:00+00:00","dateModified":"2022-04-01T12:50:57+00:00","author":{"@id":"https:\/\/www.fourniresto.com\/blog\/#\/schema\/person\/7bdd27da86a0fd78ebae2c0282518b37"},"breadcrumb":{"@id":"https:\/\/www.fourniresto.com\/blog\/vg-patisserie-des-patisseries-vegetales-a-vous-couper-le-souffle\/#breadcrumb"},"inLanguage":"fr-FR","potentialAction":[{"@type":"ReadAction","target":["https:\/\/www.fourniresto.com\/blog\/vg-patisserie-des-patisseries-vegetales-a-vous-couper-le-souffle\/"]}]},{"@type":"BreadcrumbList","@id":"https:\/\/www.fourniresto.com\/blog\/vg-patisserie-des-patisseries-vegetales-a-vous-couper-le-souffle\/#breadcrumb","itemListElement":[{"@type":"ListItem","position":1,"name":"Accueil","item":"https:\/\/www.fourniresto.com\/blog\/"},{"@type":"ListItem","position":2,"name":"VG P\u00e2tisserie : Des p\u00e2tisseries v\u00e9g\u00e9tales \u00e0 vous couper le souffle"}]},{"@type":"WebSite","@id":"https:\/\/www.fourniresto.com\/blog\/#website","url":"https:\/\/www.fourniresto.com\/blog\/","name":"Le Blog FourniResto","description":"Conseils et actualit\u00e9s sur la Restauration Professionnelle","potentialAction":[{"@type":"SearchAction","target":{"@type":"EntryPoint","urlTemplate":"https:\/\/www.fourniresto.com\/blog\/?s={search_term_string}"},"query-input":"required name=search_term_string"}],"inLanguage":"fr-FR"},{"@type":"Person","@id":"https:\/\/www.fourniresto.com\/blog\/#\/schema\/person\/7bdd27da86a0fd78ebae2c0282518b37","name":"Admin"}]}},"uagb_featured_image_src":{"full":["https:\/\/www.fourniresto.com\/blog\/wp-content\/uploads\/2017\/05\/VG-Pa\u0302tisserie.jpg",2240,1260,false],"thumbnail":["https:\/\/www.fourniresto.com\/blog\/wp-content\/uploads\/2017\/05\/VG-Pa\u0302tisserie-150x150.jpg",150,150,true],"medium":["https:\/\/www.fourniresto.com\/blog\/wp-content\/uploads\/2017\/05\/VG-Pa\u0302tisserie-300x169.jpg",300,169,true],"medium_large":["https:\/\/www.fourniresto.com\/blog\/wp-content\/uploads\/2017\/05\/VG-Pa\u0302tisserie.jpg",768,432,false],"large":["https:\/\/www.fourniresto.com\/blog\/wp-content\/uploads\/2017\/05\/VG-Pa\u0302tisserie-1024x576.jpg",1024,576,true],"1536x1536":["https:\/\/www.fourniresto.com\/blog\/wp-content\/uploads\/2017\/05\/VG-Pa\u0302tisserie-1536x864.jpg",1536,864,true],"2048x2048":["https:\/\/www.fourniresto.com\/blog\/wp-content\/uploads\/2017\/05\/VG-Pa\u0302tisserie-2048x1152.jpg",2048,1152,true],"ms_image_size_300":["https:\/\/www.fourniresto.com\/blog\/wp-content\/uploads\/2017\/05\/VG-Pa\u0302tisserie-300x200.jpg",300,200,true],"post-thumbnail":["https:\/\/www.fourniresto.com\/blog\/wp-content\/uploads\/2017\/05\/VG-Pa\u0302tisserie-370x208.jpg",370,208,true],"especio-thumb-huge":["https:\/\/www.fourniresto.com\/blog\/wp-content\/uploads\/2017\/05\/VG-Pa\u0302tisserie-1170x658.jpg",1170,658,true],"especio-thumb-big":["https:\/\/www.fourniresto.com\/blog\/wp-content\/uploads\/2017\/05\/VG-Pa\u0302tisserie-760x428.jpg",760,428,true],"especio-thumb-med":["https:\/\/www.fourniresto.com\/blog\/wp-content\/uploads\/2017\/05\/VG-Pa\u0302tisserie-370x208.jpg",370,208,true],"especio-thumb-tiny":["https:\/\/www.fourniresto.com\/blog\/wp-content\/uploads\/2017\/05\/VG-Pa\u0302tisserie-135x135.jpg",135,135,true],"especio-thumb-masonry-big":["https:\/\/www.fourniresto.com\/blog\/wp-content\/uploads\/2017\/05\/VG-Pa\u0302tisserie-760x428.jpg",760,428,true],"especio-thumb-masonry":["https:\/\/www.fourniresto.com\/blog\/wp-content\/uploads\/2017\/05\/VG-Pa\u0302tisserie-370x208.jpg",370,208,true],"especio-thumb-extra":["https:\/\/www.fourniresto.com\/blog\/wp-content\/uploads\/2017\/05\/VG-Pa\u0302tisserie-570x498.jpg",570,498,true],"especio-thumb-square":["https:\/\/www.fourniresto.com\/blog\/wp-content\/uploads\/2017\/05\/VG-Pa\u0302tisserie-270x258.jpg",270,258,true],"especio-thumb-plain":["https:\/\/www.fourniresto.com\/blog\/wp-content\/uploads\/2017\/05\/VG-Pa\u0302tisserie-218x162.jpg",218,162,true],"especio-thumb-list":["https:\/\/www.fourniresto.com\/blog\/wp-content\/uploads\/2017\/05\/VG-Pa\u0302tisserie-370x275.jpg",370,275,true],"trx_addons-thumb-small":["https:\/\/www.fourniresto.com\/blog\/wp-content\/uploads\/2017\/05\/VG-Pa\u0302tisserie-270x152.jpg",270,152,true],"trx_addons-thumb-portrait":["https:\/\/www.fourniresto.com\/blog\/wp-content\/uploads\/2017\/05\/VG-Pa\u0302tisserie-370x493.jpg",370,493,true],"trx_addons-thumb-avatar":["https:\/\/www.fourniresto.com\/blog\/wp-content\/uploads\/2017\/05\/VG-Pa\u0302tisserie-370x370.jpg",370,370,true]},"uagb_author_info":{"display_name":"Admin","author_link":"https:\/\/www.fourniresto.com\/blog\/author\/admin\/"},"uagb_comment_info":0,"uagb_excerpt":"&nbsp; Situ\u00e9e dans le quartier de la Roquette, entre Bastille, la place L\u00e9on Blum et la rue de Charonne, VG P\u00e2tisserie offre aux becs sucr\u00e9s une exp\u00e9rience gustative unique. Mais&hellip;","_links":{"self":[{"href":"https:\/\/www.fourniresto.com\/blog\/wp-json\/wp\/v2\/posts\/3071"}],"collection":[{"href":"https:\/\/www.fourniresto.com\/blog\/wp-json\/wp\/v2\/posts"}],"about":[{"href":"https:\/\/www.fourniresto.com\/blog\/wp-json\/wp\/v2\/types\/post"}],"author":[{"embeddable":true,"href":"https:\/\/www.fourniresto.com\/blog\/wp-json\/wp\/v2\/users\/1"}],"replies":[{"embeddable":true,"href":"https:\/\/www.fourniresto.com\/blog\/wp-json\/wp\/v2\/comments?post=3071"}],"version-history":[{"count":12,"href":"https:\/\/www.fourniresto.com\/blog\/wp-json\/wp\/v2\/posts\/3071\/revisions"}],"predecessor-version":[{"id":15037,"href":"https:\/\/www.fourniresto.com\/blog\/wp-json\/wp\/v2\/posts\/3071\/revisions\/15037"}],"wp:featuredmedia":[{"embeddable":true,"href":"https:\/\/www.fourniresto.com\/blog\/wp-json\/wp\/v2\/media\/16233"}],"wp:attachment":[{"href":"https:\/\/www.fourniresto.com\/blog\/wp-json\/wp\/v2\/media?parent=3071"}],"wp:term":[{"taxonomy":"category","embeddable":true,"href":"https:\/\/www.fourniresto.com\/blog\/wp-json\/wp\/v2\/categories?post=3071"},{"taxonomy":"post_tag","embeddable":true,"href":"https:\/\/www.fourniresto.com\/blog\/wp-json\/wp\/v2\/tags?post=3071"}],"curies":[{"name":"wp","href":"https:\/\/api.w.org\/{rel}","templated":true}]}}