{"id":3052,"date":"2017-05-09T15:33:19","date_gmt":"2017-05-09T13:33:19","guid":{"rendered":"https:\/\/www.fourniresto.com\/blog\/?p=3052"},"modified":"2022-03-09T15:57:39","modified_gmt":"2022-03-09T14:57:39","slug":"comment-amenager-sa-cuisine-pro","status":"publish","type":"post","link":"https:\/\/www.fourniresto.com\/blog\/comment-amenager-sa-cuisine-pro\/","title":{"rendered":"Comment Am\u00e9nager sa Cuisine Pro ?"},"content":{"rendered":"<p style=\"text-align: justify;\"><b><\/b><span style=\"font-weight: 400;\">Devenir restaurateur est un beau projet mais il demande beaucoup de pr\u00e9paration et de r\u00e9flexion. Notamment pour l&#8217;<\/span><span style=\"font-weight: 400;\">am\u00e9nagement de votre cuisine professionnelle qui est un moment cl\u00e9 lors de la cr\u00e9ation de votre restaurant ou lors de vos travaux. Pourquoi ? et bien tout simplement car c\u2019est ce qui va d\u00e9terminer le niveau de s\u00e9curit\u00e9 mais aussi le niveau d\u2019hygi\u00e8ne de vos plats.<\/span><\/p>\n<p style=\"text-align: justify;\"><span style=\"font-weight: 400;\">L\u2019am\u00e9nagement de votre cuisine pro doit en effet r\u00e9pondre \u00e0 de nombreux crit\u00e8res tant sur l\u2019agencement que sur l\u2019\u00e9quipement de votre cuisine.<\/span><\/p>\n<p style=\"text-align: justify;\"><strong>L&#8217; AMENAGEMENT DE LA CUISINE<\/strong><\/p>\n<p style=\"text-align: justify;\"><span style=\"font-weight: 400;\">Tout d\u2019abord pour \u00e9valuer la bonne surface qu\u2019il vous faut voici quelques chiffres : 1 \u00e0 1,5 m2 par place pour le restaurant, 0,5 \u00e0 0,75 m2 par place pour la cuisine et 0,25m2 par place pour les annexes (toilettes par exemple).&nbsp;<\/span><\/p>\n<p style=\"text-align: justify;\">Il faut \u00e9viter les objets inutiles, car il prendront de la place pour rien et risqueraient de vous faire travailler sur moins d&#8217;espace et donc provoquer des risques (br\u00fblures, coupures&#8230;)<\/p>\n<p style=\"text-align: justify;\">Le plan de travail (ou la <a href=\"https:\/\/www.fourniresto.com\/45-table-inox\">table inox<\/a>) est un \u00e9l\u00e9ment tr\u00e8s important dans une cuisine. Il devra \u00eatre lisse, avec une surface r\u00e9guli\u00e8re et de pr\u00e9f\u00e9rence en Inox. Car l&#8217;Inox est une mati\u00e8re plus hygi\u00e9nique, plus r\u00e9sistante et plus facile \u00e0 nettoyer.<\/p>\n<p style=\"text-align: justify;\">Il est \u00e9galement ing\u00e9nieux de penser en &#8220;poste de travail&#8221;. C&#8217;est la cl\u00e9 d&#8217;une cuisine bien organis\u00e9e. Une cuisine bien organis\u00e9e vous permettra un gain de temps consid\u00e9rable (temps de d\u00e9placement &#8230;) mais \u00e9galement d&#8217;\u00e9viter des risques de chutes ou de collisions entre le personnel en limitant les d\u00e9placements. Par exemple : Ranger les ustensiles de cuisson pr\u00e8s du poste de cuisson est du bon sens. L&#8217;\u00e9clairage jouera \u00e9galement un r\u00f4le majeur dans votre cuisine, veillez \u00e0 ce que tous les postes soient suffisamment \u00e9clair\u00e9s.<\/p>\n<p><img loading=\"lazy\" class=\"alignleft size-full wp-image-3055\" src=\"https:\/\/www.fourniresto.com\/blog\/wp-content\/uploads\/2017\/05\/cuisine.jpg\" alt=\"cuisine\" width=\"1280\" height=\"848\" srcset=\"https:\/\/www.fourniresto.com\/blog\/wp-content\/uploads\/2017\/05\/cuisine.jpg 1280w, https:\/\/www.fourniresto.com\/blog\/wp-content\/uploads\/2017\/05\/cuisine-300x199.jpg 300w, https:\/\/www.fourniresto.com\/blog\/wp-content\/uploads\/2017\/05\/cuisine-1024x678.jpg 1024w, https:\/\/www.fourniresto.com\/blog\/wp-content\/uploads\/2017\/05\/cuisine-370x245.jpg 370w, https:\/\/www.fourniresto.com\/blog\/wp-content\/uploads\/2017\/05\/cuisine-760x504.jpg 760w\" sizes=\"(max-width: 1280px) 100vw, 1280px\" \/><\/p>\n<p style=\"text-align: justify;\">Il faut que votre cuisine soit efficace, pour votre productivit\u00e9, il faut absolument \u00e9viter les aller retours inutiles et notamment respecter la r\u00e8gle de la marche avant (progression dans l&#8217;espace entre la livraison des mati\u00e8re premi\u00e8res \u00e0 l&#8217;envoi du produit fini)<\/p>\n<p style=\"text-align: justify;\">Nous vous conseillons de&nbsp;d\u00e9finir des postes de travail tels que: la <a href=\"https:\/\/www.fourniresto.com\/48-plonge-professionnelle\">plonge inox<\/a>, l&#8217;espace <a href=\"https:\/\/www.fourniresto.com\/3-cuisson\">cuisson<\/a>, <a href=\"https:\/\/www.fourniresto.com\/6-prparation\">pr\u00e9paration<\/a>, <a href=\"https:\/\/www.fourniresto.com\/4-froid\">froid<\/a> &#8230; et de penser intelligemment au rangement et \u00e0 la circulation. Il faudra \u00e9galement penser \u00e0 avoir des all\u00e9es pas trop petites qui compliqueraient la circulation.<\/p>\n<p style=\"text-align: justify;\"><strong>L&#8217;EQUIPEMENT<\/strong><\/p>\n<p style=\"text-align: justify;\"><a href=\"https:\/\/www.fourniresto.com\/blog\/comment-amenager-sa-cuisine-pro\/58671fe879e2\/\" rel=\"attachment wp-att-3056\"><img loading=\"lazy\" class=\"wp-image-3056 alignright\" src=\"https:\/\/www.fourniresto.com\/blog\/wp-content\/uploads\/2017\/05\/58671fe879e2.jpg\" alt=\"58671fe879e2\" width=\"371\" height=\"247\" srcset=\"https:\/\/www.fourniresto.com\/blog\/wp-content\/uploads\/2017\/05\/58671fe879e2.jpg 1620w, https:\/\/www.fourniresto.com\/blog\/wp-content\/uploads\/2017\/05\/58671fe879e2-300x200.jpg 300w, https:\/\/www.fourniresto.com\/blog\/wp-content\/uploads\/2017\/05\/58671fe879e2-1024x683.jpg 1024w, https:\/\/www.fourniresto.com\/blog\/wp-content\/uploads\/2017\/05\/58671fe879e2-1536x1024.jpg 1536w, https:\/\/www.fourniresto.com\/blog\/wp-content\/uploads\/2017\/05\/58671fe879e2-370x247.jpg 370w, https:\/\/www.fourniresto.com\/blog\/wp-content\/uploads\/2017\/05\/58671fe879e2-760x507.jpg 760w\" sizes=\"(max-width: 371px) 100vw, 371px\" \/><\/a>Aujourd&#8217;hui, suite aux technologies de plus en plus sophistiqu\u00e9es, le prix d&#8217;achat des \u00e9quipements professionnels augmente consid\u00e9rablement. Il faut \u00e9galement bien&nbsp;\u00e9tudier ses besoins et \u00e9viter \u00e0 tout prix de tomber dans le sur-\u00e9quipement, qui vous co\u00fbterait cher.<\/p>\n<p style=\"text-align: justify;\">Il faudra veiller lors de l&#8217;achat de votre <a href=\"https:\/\/www.fourniresto.com\">mat\u00e9riel de restauration<\/a>, \u00e0 ce qu&#8217;il soit adapt\u00e9 \u00e0 votre flux, il faudra qu&#8217;il soit adapt\u00e9 \u00e0 un usage professionnel, usage intensif si c&#8217;est le cas &#8230;<\/p>\n<p style=\"text-align: justify;\">Vous pouvez retrouver tous nos conseils sur les \u00e9quipements indispensables gr\u00e2ce \u00e0 notre article de blog d\u00e9di\u00e9: le <a href=\"https:\/\/www.fourniresto.com\/blog\/cuisine-professionnel-le-materiel-indispensable\/\" data-wplink-edit=\"true\">mat\u00e9riel de cuisine indispensable<\/a>.<\/p>\n<p style=\"text-align: justify;\"><strong>LE RESPECT DES NORMES DHYGIENE ET DE SECURITE<\/strong><\/p>\n<p style=\"text-align: justify;\">La Restauration est un secteur dans lequel les r\u00e8gles d&#8217;hygi\u00e8ne sont extr\u00eamement contraignantes. Ce respect des normes est imp\u00e9ratif et est contr\u00f4l\u00e9 pour l&#8217;inspection du service d&#8217;hygi\u00e8ne.<\/p>\n<p style=\"text-align: justify;\">Il est aujourd&#8217;hui imp\u00e9ratif qu&#8217;une personne de votre \u00e9tablissement soit form\u00e9e \u00e0 ces normes. De plus le manquement \u00e0 ces r\u00e8gles vous voudrait une amende bien \u00e9lev\u00e9e ou m\u00eame la fermeture de votre \u00e9tablissement.&nbsp;Nous vous conseillons de vous rapprocher d&#8217;organismes professionnels afin de vous assurer d&#8217;\u00eatre dans les r\u00e8gles.<\/p>\n<p style=\"text-align: justify;\">De plus, viennent se rajouter les normes de s\u00e9curit\u00e9 contre les risques d&#8217;incendies par exemple. Cela car votre \u00e9tablissement recevra du public et sera ainsi class\u00e9 ERP. Cela passera par des types de mat\u00e9riaux ou encore par exemple des issues de secours.<\/p>\n<p style=\"text-align: justify;\">Il faudra v\u00e9rifier que votre local soit bien compatible avec les contraintes. Sinon, vous devrez compter un budget suppl\u00e9mentaire pour les travaux d&#8217;adaptation. Pour les travaux il faudra penser au permis de construire \u00e0 demander \u00e0 la mairie.<\/p>\n<p style=\"text-align: justify;\">Il est aujourd&#8217;hui imp\u00e9ratif qu&#8217;une personne de votre \u00e9tablissement soit form\u00e9e \u00e0 ces normes. De plus le manquement \u00e0 ces r\u00e8gles vous vaudrait une amende bien \u00e9lev\u00e9e ou m\u00eame la fermeture de votre \u00e9tablissement.<\/p>\n","protected":false},"excerpt":{"rendered":"<p>Devenir restaurateur est un beau projet mais il demande beaucoup de pr\u00e9paration et de r\u00e9flexion. Notamment pour l&#8217;am\u00e9nagement de votre cuisine professionnelle qui est un moment cl\u00e9 lors de la&hellip;<\/p>\n","protected":false},"author":1,"featured_media":15602,"comment_status":"closed","ping_status":"closed","sticky":false,"template":"","format":"standard","meta":{"content-type":"","_uag_custom_page_level_css":""},"categories":[915],"tags":[],"yoast_head":"<!-- This site is optimized with the Yoast SEO plugin v19.13 - https:\/\/yoast.com\/wordpress\/plugins\/seo\/ -->\n<title>Comment Am\u00e9nager sa Cuisine Pro ? - Le Blog FourniResto<\/title>\n<meta name=\"robots\" content=\"index, follow, max-snippet:-1, max-image-preview:large, max-video-preview:-1\" \/>\n<link rel=\"canonical\" href=\"https:\/\/www.fourniresto.com\/blog\/comment-amenager-sa-cuisine-pro\/\" \/>\n<meta property=\"og:locale\" content=\"fr_FR\" \/>\n<meta property=\"og:type\" content=\"article\" \/>\n<meta property=\"og:title\" content=\"Comment Am\u00e9nager sa Cuisine Pro ? - Le Blog FourniResto\" \/>\n<meta property=\"og:description\" content=\"Devenir restaurateur est un beau projet mais il demande beaucoup de pr\u00e9paration et de r\u00e9flexion. Notamment pour l&#8217;am\u00e9nagement de votre cuisine professionnelle qui est un moment cl\u00e9 lors de la&hellip;\" \/>\n<meta property=\"og:url\" content=\"https:\/\/www.fourniresto.com\/blog\/comment-amenager-sa-cuisine-pro\/\" \/>\n<meta property=\"og:site_name\" content=\"Le Blog FourniResto\" \/>\n<meta property=\"article:published_time\" content=\"2017-05-09T13:33:19+00:00\" \/>\n<meta property=\"article:modified_time\" content=\"2022-03-09T14:57:39+00:00\" \/>\n<meta property=\"og:image\" content=\"https:\/\/www.fourniresto.com\/blog\/wp-content\/uploads\/2017\/05\/Comment-Ame\u0301nager-sa-Cuisine-Pro-.jpg\" \/>\n\t<meta property=\"og:image:width\" content=\"2240\" \/>\n\t<meta property=\"og:image:height\" content=\"1260\" \/>\n\t<meta property=\"og:image:type\" content=\"image\/jpeg\" \/>\n<meta name=\"author\" content=\"Admin\" \/>\n<meta name=\"twitter:card\" content=\"summary_large_image\" \/>\n<meta name=\"twitter:label1\" content=\"\u00c9crit par\" \/>\n\t<meta name=\"twitter:data1\" content=\"Admin\" \/>\n\t<meta name=\"twitter:label2\" content=\"Dur\u00e9e de lecture estim\u00e9e\" \/>\n\t<meta name=\"twitter:data2\" content=\"4 minutes\" \/>\n<script type=\"application\/ld+json\" class=\"yoast-schema-graph\">{\"@context\":\"https:\/\/schema.org\",\"@graph\":[{\"@type\":\"WebPage\",\"@id\":\"https:\/\/www.fourniresto.com\/blog\/comment-amenager-sa-cuisine-pro\/\",\"url\":\"https:\/\/www.fourniresto.com\/blog\/comment-amenager-sa-cuisine-pro\/\",\"name\":\"Comment Am\u00e9nager sa Cuisine Pro ? - Le Blog FourniResto\",\"isPartOf\":{\"@id\":\"https:\/\/www.fourniresto.com\/blog\/#website\"},\"datePublished\":\"2017-05-09T13:33:19+00:00\",\"dateModified\":\"2022-03-09T14:57:39+00:00\",\"author\":{\"@id\":\"https:\/\/www.fourniresto.com\/blog\/#\/schema\/person\/7bdd27da86a0fd78ebae2c0282518b37\"},\"breadcrumb\":{\"@id\":\"https:\/\/www.fourniresto.com\/blog\/comment-amenager-sa-cuisine-pro\/#breadcrumb\"},\"inLanguage\":\"fr-FR\",\"potentialAction\":[{\"@type\":\"ReadAction\",\"target\":[\"https:\/\/www.fourniresto.com\/blog\/comment-amenager-sa-cuisine-pro\/\"]}]},{\"@type\":\"BreadcrumbList\",\"@id\":\"https:\/\/www.fourniresto.com\/blog\/comment-amenager-sa-cuisine-pro\/#breadcrumb\",\"itemListElement\":[{\"@type\":\"ListItem\",\"position\":1,\"name\":\"Accueil\",\"item\":\"https:\/\/www.fourniresto.com\/blog\/\"},{\"@type\":\"ListItem\",\"position\":2,\"name\":\"Comment Am\u00e9nager sa Cuisine Pro ?\"}]},{\"@type\":\"WebSite\",\"@id\":\"https:\/\/www.fourniresto.com\/blog\/#website\",\"url\":\"https:\/\/www.fourniresto.com\/blog\/\",\"name\":\"Le Blog FourniResto\",\"description\":\"Conseils et actualit\u00e9s sur la Restauration Professionnelle\",\"potentialAction\":[{\"@type\":\"SearchAction\",\"target\":{\"@type\":\"EntryPoint\",\"urlTemplate\":\"https:\/\/www.fourniresto.com\/blog\/?s={search_term_string}\"},\"query-input\":\"required name=search_term_string\"}],\"inLanguage\":\"fr-FR\"},{\"@type\":\"Person\",\"@id\":\"https:\/\/www.fourniresto.com\/blog\/#\/schema\/person\/7bdd27da86a0fd78ebae2c0282518b37\",\"name\":\"Admin\"}]}<\/script>\n<!-- \/ Yoast SEO plugin. -->","yoast_head_json":{"title":"Comment Am\u00e9nager sa Cuisine Pro ? - Le Blog FourniResto","robots":{"index":"index","follow":"follow","max-snippet":"max-snippet:-1","max-image-preview":"max-image-preview:large","max-video-preview":"max-video-preview:-1"},"canonical":"https:\/\/www.fourniresto.com\/blog\/comment-amenager-sa-cuisine-pro\/","og_locale":"fr_FR","og_type":"article","og_title":"Comment Am\u00e9nager sa Cuisine Pro ? - Le Blog FourniResto","og_description":"Devenir restaurateur est un beau projet mais il demande beaucoup de pr\u00e9paration et de r\u00e9flexion. Notamment pour l&#8217;am\u00e9nagement de votre cuisine professionnelle qui est un moment cl\u00e9 lors de la&hellip;","og_url":"https:\/\/www.fourniresto.com\/blog\/comment-amenager-sa-cuisine-pro\/","og_site_name":"Le Blog FourniResto","article_published_time":"2017-05-09T13:33:19+00:00","article_modified_time":"2022-03-09T14:57:39+00:00","og_image":[{"width":2240,"height":1260,"url":"https:\/\/www.fourniresto.com\/blog\/wp-content\/uploads\/2017\/05\/Comment-Ame\u0301nager-sa-Cuisine-Pro-.jpg","type":"image\/jpeg"}],"author":"Admin","twitter_card":"summary_large_image","twitter_misc":{"\u00c9crit par":"Admin","Dur\u00e9e de lecture estim\u00e9e":"4 minutes"},"schema":{"@context":"https:\/\/schema.org","@graph":[{"@type":"WebPage","@id":"https:\/\/www.fourniresto.com\/blog\/comment-amenager-sa-cuisine-pro\/","url":"https:\/\/www.fourniresto.com\/blog\/comment-amenager-sa-cuisine-pro\/","name":"Comment Am\u00e9nager sa Cuisine Pro ? - Le Blog FourniResto","isPartOf":{"@id":"https:\/\/www.fourniresto.com\/blog\/#website"},"datePublished":"2017-05-09T13:33:19+00:00","dateModified":"2022-03-09T14:57:39+00:00","author":{"@id":"https:\/\/www.fourniresto.com\/blog\/#\/schema\/person\/7bdd27da86a0fd78ebae2c0282518b37"},"breadcrumb":{"@id":"https:\/\/www.fourniresto.com\/blog\/comment-amenager-sa-cuisine-pro\/#breadcrumb"},"inLanguage":"fr-FR","potentialAction":[{"@type":"ReadAction","target":["https:\/\/www.fourniresto.com\/blog\/comment-amenager-sa-cuisine-pro\/"]}]},{"@type":"BreadcrumbList","@id":"https:\/\/www.fourniresto.com\/blog\/comment-amenager-sa-cuisine-pro\/#breadcrumb","itemListElement":[{"@type":"ListItem","position":1,"name":"Accueil","item":"https:\/\/www.fourniresto.com\/blog\/"},{"@type":"ListItem","position":2,"name":"Comment Am\u00e9nager sa Cuisine Pro ?"}]},{"@type":"WebSite","@id":"https:\/\/www.fourniresto.com\/blog\/#website","url":"https:\/\/www.fourniresto.com\/blog\/","name":"Le Blog FourniResto","description":"Conseils et actualit\u00e9s sur la Restauration Professionnelle","potentialAction":[{"@type":"SearchAction","target":{"@type":"EntryPoint","urlTemplate":"https:\/\/www.fourniresto.com\/blog\/?s={search_term_string}"},"query-input":"required name=search_term_string"}],"inLanguage":"fr-FR"},{"@type":"Person","@id":"https:\/\/www.fourniresto.com\/blog\/#\/schema\/person\/7bdd27da86a0fd78ebae2c0282518b37","name":"Admin"}]}},"uagb_featured_image_src":{"full":["https:\/\/www.fourniresto.com\/blog\/wp-content\/uploads\/2017\/05\/Comment-Ame\u0301nager-sa-Cuisine-Pro-.jpg",2240,1260,false],"thumbnail":["https:\/\/www.fourniresto.com\/blog\/wp-content\/uploads\/2017\/05\/Comment-Ame\u0301nager-sa-Cuisine-Pro--150x150.jpg",150,150,true],"medium":["https:\/\/www.fourniresto.com\/blog\/wp-content\/uploads\/2017\/05\/Comment-Ame\u0301nager-sa-Cuisine-Pro--300x169.jpg",300,169,true],"medium_large":["https:\/\/www.fourniresto.com\/blog\/wp-content\/uploads\/2017\/05\/Comment-Ame\u0301nager-sa-Cuisine-Pro-.jpg",768,432,false],"large":["https:\/\/www.fourniresto.com\/blog\/wp-content\/uploads\/2017\/05\/Comment-Ame\u0301nager-sa-Cuisine-Pro--1024x576.jpg",1024,576,true],"1536x1536":["https:\/\/www.fourniresto.com\/blog\/wp-content\/uploads\/2017\/05\/Comment-Ame\u0301nager-sa-Cuisine-Pro--1536x864.jpg",1536,864,true],"2048x2048":["https:\/\/www.fourniresto.com\/blog\/wp-content\/uploads\/2017\/05\/Comment-Ame\u0301nager-sa-Cuisine-Pro--2048x1152.jpg",2048,1152,true],"ms_image_size_300":["https:\/\/www.fourniresto.com\/blog\/wp-content\/uploads\/2017\/05\/Comment-Ame\u0301nager-sa-Cuisine-Pro--300x200.jpg",300,200,true],"post-thumbnail":["https:\/\/www.fourniresto.com\/blog\/wp-content\/uploads\/2017\/05\/Comment-Ame\u0301nager-sa-Cuisine-Pro--370x208.jpg",370,208,true],"especio-thumb-huge":["https:\/\/www.fourniresto.com\/blog\/wp-content\/uploads\/2017\/05\/Comment-Ame\u0301nager-sa-Cuisine-Pro--1170x658.jpg",1170,658,true],"especio-thumb-big":["https:\/\/www.fourniresto.com\/blog\/wp-content\/uploads\/2017\/05\/Comment-Ame\u0301nager-sa-Cuisine-Pro--760x428.jpg",760,428,true],"especio-thumb-med":["https:\/\/www.fourniresto.com\/blog\/wp-content\/uploads\/2017\/05\/Comment-Ame\u0301nager-sa-Cuisine-Pro--370x208.jpg",370,208,true],"especio-thumb-tiny":["https:\/\/www.fourniresto.com\/blog\/wp-content\/uploads\/2017\/05\/Comment-Ame\u0301nager-sa-Cuisine-Pro--135x135.jpg",135,135,true],"especio-thumb-masonry-big":["https:\/\/www.fourniresto.com\/blog\/wp-content\/uploads\/2017\/05\/Comment-Ame\u0301nager-sa-Cuisine-Pro--760x428.jpg",760,428,true],"especio-thumb-masonry":["https:\/\/www.fourniresto.com\/blog\/wp-content\/uploads\/2017\/05\/Comment-Ame\u0301nager-sa-Cuisine-Pro--370x208.jpg",370,208,true],"especio-thumb-extra":["https:\/\/www.fourniresto.com\/blog\/wp-content\/uploads\/2017\/05\/Comment-Ame\u0301nager-sa-Cuisine-Pro--570x498.jpg",570,498,true],"especio-thumb-square":["https:\/\/www.fourniresto.com\/blog\/wp-content\/uploads\/2017\/05\/Comment-Ame\u0301nager-sa-Cuisine-Pro--270x258.jpg",270,258,true],"especio-thumb-plain":["https:\/\/www.fourniresto.com\/blog\/wp-content\/uploads\/2017\/05\/Comment-Ame\u0301nager-sa-Cuisine-Pro--218x162.jpg",218,162,true],"especio-thumb-list":["https:\/\/www.fourniresto.com\/blog\/wp-content\/uploads\/2017\/05\/Comment-Ame\u0301nager-sa-Cuisine-Pro--370x275.jpg",370,275,true],"trx_addons-thumb-small":["https:\/\/www.fourniresto.com\/blog\/wp-content\/uploads\/2017\/05\/Comment-Ame\u0301nager-sa-Cuisine-Pro--270x152.jpg",270,152,true],"trx_addons-thumb-portrait":["https:\/\/www.fourniresto.com\/blog\/wp-content\/uploads\/2017\/05\/Comment-Ame\u0301nager-sa-Cuisine-Pro--370x493.jpg",370,493,true],"trx_addons-thumb-avatar":["https:\/\/www.fourniresto.com\/blog\/wp-content\/uploads\/2017\/05\/Comment-Ame\u0301nager-sa-Cuisine-Pro--370x370.jpg",370,370,true]},"uagb_author_info":{"display_name":"Admin","author_link":"https:\/\/www.fourniresto.com\/blog\/author\/admin\/"},"uagb_comment_info":0,"uagb_excerpt":"Devenir restaurateur est un beau projet mais il demande beaucoup de pr\u00e9paration et de r\u00e9flexion. Notamment pour l&#8217;am\u00e9nagement de votre cuisine professionnelle qui est un moment cl\u00e9 lors de la&hellip;","_links":{"self":[{"href":"https:\/\/www.fourniresto.com\/blog\/wp-json\/wp\/v2\/posts\/3052"}],"collection":[{"href":"https:\/\/www.fourniresto.com\/blog\/wp-json\/wp\/v2\/posts"}],"about":[{"href":"https:\/\/www.fourniresto.com\/blog\/wp-json\/wp\/v2\/types\/post"}],"author":[{"embeddable":true,"href":"https:\/\/www.fourniresto.com\/blog\/wp-json\/wp\/v2\/users\/1"}],"replies":[{"embeddable":true,"href":"https:\/\/www.fourniresto.com\/blog\/wp-json\/wp\/v2\/comments?post=3052"}],"version-history":[{"count":12,"href":"https:\/\/www.fourniresto.com\/blog\/wp-json\/wp\/v2\/posts\/3052\/revisions"}],"predecessor-version":[{"id":15039,"href":"https:\/\/www.fourniresto.com\/blog\/wp-json\/wp\/v2\/posts\/3052\/revisions\/15039"}],"wp:featuredmedia":[{"embeddable":true,"href":"https:\/\/www.fourniresto.com\/blog\/wp-json\/wp\/v2\/media\/15602"}],"wp:attachment":[{"href":"https:\/\/www.fourniresto.com\/blog\/wp-json\/wp\/v2\/media?parent=3052"}],"wp:term":[{"taxonomy":"category","embeddable":true,"href":"https:\/\/www.fourniresto.com\/blog\/wp-json\/wp\/v2\/categories?post=3052"},{"taxonomy":"post_tag","embeddable":true,"href":"https:\/\/www.fourniresto.com\/blog\/wp-json\/wp\/v2\/tags?post=3052"}],"curies":[{"name":"wp","href":"https:\/\/api.w.org\/{rel}","templated":true}]}}