{"id":2927,"date":"2017-03-31T15:56:09","date_gmt":"2017-03-31T13:56:09","guid":{"rendered":"https:\/\/www.fourniresto.com\/blog\/?p=2927"},"modified":"2022-03-04T14:52:04","modified_gmt":"2022-03-04T13:52:04","slug":"operation-du-rab-de-frites-pour-papis-et-mamies","status":"publish","type":"post","link":"https:\/\/www.fourniresto.com\/blog\/operation-du-rab-de-frites-pour-papis-et-mamies\/","title":{"rendered":"Op\u00e9ration &#8220;Du Rab de Frites pour Papis et Mamies&#8221;"},"content":{"rendered":"<p style=\"text-align: justify;\">C&#8217;\u00e9tait il y a quelques jours, les ain\u00e9s r\u00e9sidents du Foyer Logement Hubuliac de Saint Marcel , priv\u00e9s de frites depuis 3 ans ont d\u00e9cid\u00e9 de lancer un mouvement afin de retrouver au plus vite leur journ\u00e9e sacr\u00e9e: la journ\u00e9e des frites. La Mairie a quand a elle indiqu\u00e9 que suite aux finances actuelles de la ville il n&#8217;\u00e9tait possible pour eux d&#8217;intervenir tout de suite et que le projet de r\u00e9novation de la cuisine d&#8217;Hubiliac&nbsp;serait&nbsp;donc pour fin 2017, d\u00e9but 2018.<\/p>\n<p style=\"text-align: justify;\">Cette Information a fait le tour des m\u00e9dias et est vite devenue un Buzz National. C&#8217;\u00e9tait Hier Matin, en arrivant au boulot et en \u00e9coutant comme tous les matins Manu dans le 6\/9 sur NRJ que Laura a entendu l&#8217;appel de Manu et de son \u00e9quipe afin d&#8217;intervenir et d&#8217;aider Philippe le cuisinier \u00e0 redonner le sourire \u00e0 nos ain\u00e9s. &nbsp;Manu et son \u00e9quipe du 6\/9 avait en effet Philippe au t\u00e9l\u00e9phone ainsi que la directrice de l&#8217;\u00e9tablissement. C&#8217;est ainsi que l&#8217;op\u00e9ration &#8220;Du Rab de Frites pour Papis et Mamies&#8221; a \u00e9t\u00e9 lanc\u00e9 avec pour couronner le tout une chanson !<\/p>\n<p style=\"text-align: justify;\"><img loading=\"lazy\" class=\"alignleft wp-image-2929\" src=\"https:\/\/www.fourniresto.com\/blog\/wp-content\/uploads\/2017\/03\/page-de-pr\u00e9sentation-JSL.jpg\" alt=\"page de pr\u00e9sentation JSL\" width=\"220\" height=\"323\" srcset=\"https:\/\/www.fourniresto.com\/blog\/wp-content\/uploads\/2017\/03\/page-de-pr\u00e9sentation-JSL.jpg 211w, https:\/\/www.fourniresto.com\/blog\/wp-content\/uploads\/2017\/03\/page-de-pr\u00e9sentation-JSL-204x300.jpg 204w\" sizes=\"(max-width: 220px) 100vw, 220px\" \/>En arrivant dans nos bureaux, Laura a imm\u00e9diatement averti toute l&#8217;\u00e9quipe et la direction, La radio&nbsp;a alors \u00e9t\u00e9 mise en route dans les bureaux et&nbsp;une grande discussion en a d\u00e9coul\u00e9. L&#8217;Equipe <a href=\"https:\/\/www.fourniresto.com\">FouniResto<\/a> a ainsi tout de suite d\u00e9cid\u00e9 qu&#8217;il fallait intervenir rapidement et appeler pour proposer une friteuse \u00e0 Philippe . Laura a ainsi appel\u00e9 NRJ et s&#8217;est retrouv\u00e9e \u00e0 l&#8217;antenne afin de proposer un friteuse \u00e0 Philippe.<\/p>\n<p style=\"text-align: justify;\">Vous pourrez \u00e9couter le Podcast de l&#8217;extrait de l&#8217;\u00e9mission via <a href=\"http:\/\/www.lejsl.com\/edition-de-chalon\/2017\/03\/30\/un-buzz-national-pour-la-friteuse-de-la-maison-de-retraite\">cet article<\/a><\/p>\n<p style=\"text-align: justify;\">Suite \u00e0 ce petit moment de rigolade sur NRJ avec Manu et Philippe, nous avons ensuite pris contact avec Philippe afin de v\u00e9rifier avec lui que la friteuse lui convenait. Tr\u00e8s heureux celui-ci&nbsp;nous a ainsi envoy\u00e9 en remerciements un article du Journal Saone et Loire,&nbsp;qui reprend l&#8217;histoire.<\/p>\n<p><img loading=\"lazy\" class=\"size-full wp-image-9971 alignright\" src=\"https:\/\/www.fourniresto.com\/blog\/wp-content\/uploads\/2017\/03\/Article-JSL-Friteuse-NRJ.png\" alt=\"\" width=\"222\" height=\"240\"><\/p>\n<p style=\"text-align: justify;\"><span style=\"color: #ffffff;\">&nbsp;<\/span>La Friteuse sera exp\u00e9di\u00e9e d\u00e9but de semaine prochaine pour une livraison la semaine prochain. Nous attendons avec impatience la photo de la prochaine&nbsp;journ\u00e9e frites \ud83d\ude42 En esp\u00e9rant qu&#8217;il y ait bient\u00f4t &#8220;du Rab de Frites pour Papis et Mamis&#8221; et que nos ain\u00e9s se r\u00e9galent !!<\/p>\n<p>Nous esp\u00e9rons ainsi avoir permis \u00e0 Philippe devenu &#8220;Meilleur Cuisinier de France &#8221; \ud83d\ude09&nbsp;de redonner satisfaction&nbsp;\u00e0 nos ain\u00e9s et avoir ainsi aid\u00e9 la mairie.<\/p>\n<p>&nbsp;<\/p>\n<p>&nbsp;<\/p>\n","protected":false},"excerpt":{"rendered":"<p>C&#8217;\u00e9tait il y a quelques jours, les ain\u00e9s r\u00e9sidents du Foyer Logement Hubuliac de Saint Marcel , priv\u00e9s de frites depuis 3 ans ont d\u00e9cid\u00e9 de lancer un mouvement afin&hellip;<\/p>\n","protected":false},"author":1,"featured_media":15218,"comment_status":"closed","ping_status":"closed","sticky":false,"template":"","format":"standard","meta":{"content-type":"","_uag_custom_page_level_css":""},"categories":[901],"tags":[],"yoast_head":"<!-- This site is optimized with the Yoast SEO plugin v19.13 - https:\/\/yoast.com\/wordpress\/plugins\/seo\/ -->\n<title>Op\u00e9ration &quot;Du Rab de Frites pour Papis et Mamies&quot; - Le Blog FourniResto<\/title>\n<meta name=\"robots\" content=\"index, follow, max-snippet:-1, max-image-preview:large, max-video-preview:-1\" \/>\n<link rel=\"canonical\" href=\"https:\/\/www.fourniresto.com\/blog\/operation-du-rab-de-frites-pour-papis-et-mamies\/\" \/>\n<meta property=\"og:locale\" content=\"fr_FR\" \/>\n<meta property=\"og:type\" content=\"article\" \/>\n<meta property=\"og:title\" content=\"Op\u00e9ration &quot;Du Rab de Frites pour Papis et Mamies&quot; - Le Blog FourniResto\" \/>\n<meta property=\"og:description\" content=\"C&#8217;\u00e9tait il y a quelques jours, les ain\u00e9s r\u00e9sidents du Foyer Logement Hubuliac de Saint Marcel , priv\u00e9s de frites depuis 3 ans ont d\u00e9cid\u00e9 de lancer un mouvement afin&hellip;\" \/>\n<meta property=\"og:url\" content=\"https:\/\/www.fourniresto.com\/blog\/operation-du-rab-de-frites-pour-papis-et-mamies\/\" \/>\n<meta property=\"og:site_name\" content=\"Le Blog FourniResto\" \/>\n<meta property=\"article:published_time\" content=\"2017-03-31T13:56:09+00:00\" \/>\n<meta property=\"article:modified_time\" content=\"2022-03-04T13:52:04+00:00\" \/>\n<meta property=\"og:image\" content=\"https:\/\/www.fourniresto.com\/blog\/wp-content\/uploads\/2017\/03\/Ope\u0301ration-Du-Rab-de-Frites-pour-Papis-et-Mamies.jpg\" \/>\n\t<meta property=\"og:image:width\" content=\"2240\" \/>\n\t<meta property=\"og:image:height\" content=\"1260\" \/>\n\t<meta property=\"og:image:type\" content=\"image\/jpeg\" \/>\n<meta name=\"author\" content=\"Admin\" \/>\n<meta name=\"twitter:card\" content=\"summary_large_image\" \/>\n<meta name=\"twitter:label1\" content=\"\u00c9crit par\" \/>\n\t<meta name=\"twitter:data1\" content=\"Admin\" \/>\n\t<meta name=\"twitter:label2\" content=\"Dur\u00e9e de lecture estim\u00e9e\" \/>\n\t<meta name=\"twitter:data2\" content=\"2 minutes\" \/>\n<script type=\"application\/ld+json\" class=\"yoast-schema-graph\">{\"@context\":\"https:\/\/schema.org\",\"@graph\":[{\"@type\":\"WebPage\",\"@id\":\"https:\/\/www.fourniresto.com\/blog\/operation-du-rab-de-frites-pour-papis-et-mamies\/\",\"url\":\"https:\/\/www.fourniresto.com\/blog\/operation-du-rab-de-frites-pour-papis-et-mamies\/\",\"name\":\"Op\u00e9ration \\\"Du Rab de Frites pour Papis et Mamies\\\" - Le Blog FourniResto\",\"isPartOf\":{\"@id\":\"https:\/\/www.fourniresto.com\/blog\/#website\"},\"datePublished\":\"2017-03-31T13:56:09+00:00\",\"dateModified\":\"2022-03-04T13:52:04+00:00\",\"author\":{\"@id\":\"https:\/\/www.fourniresto.com\/blog\/#\/schema\/person\/7bdd27da86a0fd78ebae2c0282518b37\"},\"breadcrumb\":{\"@id\":\"https:\/\/www.fourniresto.com\/blog\/operation-du-rab-de-frites-pour-papis-et-mamies\/#breadcrumb\"},\"inLanguage\":\"fr-FR\",\"potentialAction\":[{\"@type\":\"ReadAction\",\"target\":[\"https:\/\/www.fourniresto.com\/blog\/operation-du-rab-de-frites-pour-papis-et-mamies\/\"]}]},{\"@type\":\"BreadcrumbList\",\"@id\":\"https:\/\/www.fourniresto.com\/blog\/operation-du-rab-de-frites-pour-papis-et-mamies\/#breadcrumb\",\"itemListElement\":[{\"@type\":\"ListItem\",\"position\":1,\"name\":\"Accueil\",\"item\":\"https:\/\/www.fourniresto.com\/blog\/\"},{\"@type\":\"ListItem\",\"position\":2,\"name\":\"Op\u00e9ration &#8220;Du Rab de Frites pour Papis et Mamies&#8221;\"}]},{\"@type\":\"WebSite\",\"@id\":\"https:\/\/www.fourniresto.com\/blog\/#website\",\"url\":\"https:\/\/www.fourniresto.com\/blog\/\",\"name\":\"Le Blog FourniResto\",\"description\":\"Conseils et actualit\u00e9s sur la Restauration Professionnelle\",\"potentialAction\":[{\"@type\":\"SearchAction\",\"target\":{\"@type\":\"EntryPoint\",\"urlTemplate\":\"https:\/\/www.fourniresto.com\/blog\/?s={search_term_string}\"},\"query-input\":\"required name=search_term_string\"}],\"inLanguage\":\"fr-FR\"},{\"@type\":\"Person\",\"@id\":\"https:\/\/www.fourniresto.com\/blog\/#\/schema\/person\/7bdd27da86a0fd78ebae2c0282518b37\",\"name\":\"Admin\"}]}<\/script>\n<!-- \/ Yoast SEO plugin. -->","yoast_head_json":{"title":"Op\u00e9ration \"Du Rab de Frites pour Papis et Mamies\" - Le Blog FourniResto","robots":{"index":"index","follow":"follow","max-snippet":"max-snippet:-1","max-image-preview":"max-image-preview:large","max-video-preview":"max-video-preview:-1"},"canonical":"https:\/\/www.fourniresto.com\/blog\/operation-du-rab-de-frites-pour-papis-et-mamies\/","og_locale":"fr_FR","og_type":"article","og_title":"Op\u00e9ration \"Du Rab de Frites pour Papis et Mamies\" - Le Blog FourniResto","og_description":"C&#8217;\u00e9tait il y a quelques jours, les ain\u00e9s r\u00e9sidents du Foyer Logement Hubuliac de Saint Marcel , priv\u00e9s de frites depuis 3 ans ont d\u00e9cid\u00e9 de lancer un mouvement afin&hellip;","og_url":"https:\/\/www.fourniresto.com\/blog\/operation-du-rab-de-frites-pour-papis-et-mamies\/","og_site_name":"Le Blog FourniResto","article_published_time":"2017-03-31T13:56:09+00:00","article_modified_time":"2022-03-04T13:52:04+00:00","og_image":[{"width":2240,"height":1260,"url":"https:\/\/www.fourniresto.com\/blog\/wp-content\/uploads\/2017\/03\/Ope\u0301ration-Du-Rab-de-Frites-pour-Papis-et-Mamies.jpg","type":"image\/jpeg"}],"author":"Admin","twitter_card":"summary_large_image","twitter_misc":{"\u00c9crit par":"Admin","Dur\u00e9e de lecture estim\u00e9e":"2 minutes"},"schema":{"@context":"https:\/\/schema.org","@graph":[{"@type":"WebPage","@id":"https:\/\/www.fourniresto.com\/blog\/operation-du-rab-de-frites-pour-papis-et-mamies\/","url":"https:\/\/www.fourniresto.com\/blog\/operation-du-rab-de-frites-pour-papis-et-mamies\/","name":"Op\u00e9ration \"Du Rab de Frites pour Papis et Mamies\" - Le Blog FourniResto","isPartOf":{"@id":"https:\/\/www.fourniresto.com\/blog\/#website"},"datePublished":"2017-03-31T13:56:09+00:00","dateModified":"2022-03-04T13:52:04+00:00","author":{"@id":"https:\/\/www.fourniresto.com\/blog\/#\/schema\/person\/7bdd27da86a0fd78ebae2c0282518b37"},"breadcrumb":{"@id":"https:\/\/www.fourniresto.com\/blog\/operation-du-rab-de-frites-pour-papis-et-mamies\/#breadcrumb"},"inLanguage":"fr-FR","potentialAction":[{"@type":"ReadAction","target":["https:\/\/www.fourniresto.com\/blog\/operation-du-rab-de-frites-pour-papis-et-mamies\/"]}]},{"@type":"BreadcrumbList","@id":"https:\/\/www.fourniresto.com\/blog\/operation-du-rab-de-frites-pour-papis-et-mamies\/#breadcrumb","itemListElement":[{"@type":"ListItem","position":1,"name":"Accueil","item":"https:\/\/www.fourniresto.com\/blog\/"},{"@type":"ListItem","position":2,"name":"Op\u00e9ration &#8220;Du Rab de Frites pour Papis et Mamies&#8221;"}]},{"@type":"WebSite","@id":"https:\/\/www.fourniresto.com\/blog\/#website","url":"https:\/\/www.fourniresto.com\/blog\/","name":"Le Blog FourniResto","description":"Conseils et actualit\u00e9s sur la Restauration Professionnelle","potentialAction":[{"@type":"SearchAction","target":{"@type":"EntryPoint","urlTemplate":"https:\/\/www.fourniresto.com\/blog\/?s={search_term_string}"},"query-input":"required name=search_term_string"}],"inLanguage":"fr-FR"},{"@type":"Person","@id":"https:\/\/www.fourniresto.com\/blog\/#\/schema\/person\/7bdd27da86a0fd78ebae2c0282518b37","name":"Admin"}]}},"uagb_featured_image_src":{"full":["https:\/\/www.fourniresto.com\/blog\/wp-content\/uploads\/2017\/03\/Ope\u0301ration-Du-Rab-de-Frites-pour-Papis-et-Mamies.jpg",2240,1260,false],"thumbnail":["https:\/\/www.fourniresto.com\/blog\/wp-content\/uploads\/2017\/03\/Ope\u0301ration-Du-Rab-de-Frites-pour-Papis-et-Mamies-150x150.jpg",150,150,true],"medium":["https:\/\/www.fourniresto.com\/blog\/wp-content\/uploads\/2017\/03\/Ope\u0301ration-Du-Rab-de-Frites-pour-Papis-et-Mamies-300x169.jpg",300,169,true],"medium_large":["https:\/\/www.fourniresto.com\/blog\/wp-content\/uploads\/2017\/03\/Ope\u0301ration-Du-Rab-de-Frites-pour-Papis-et-Mamies.jpg",768,432,false],"large":["https:\/\/www.fourniresto.com\/blog\/wp-content\/uploads\/2017\/03\/Ope\u0301ration-Du-Rab-de-Frites-pour-Papis-et-Mamies-1024x576.jpg",1024,576,true],"1536x1536":["https:\/\/www.fourniresto.com\/blog\/wp-content\/uploads\/2017\/03\/Ope\u0301ration-Du-Rab-de-Frites-pour-Papis-et-Mamies-1536x864.jpg",1536,864,true],"2048x2048":["https:\/\/www.fourniresto.com\/blog\/wp-content\/uploads\/2017\/03\/Ope\u0301ration-Du-Rab-de-Frites-pour-Papis-et-Mamies-2048x1152.jpg",2048,1152,true],"ms_image_size_300":["https:\/\/www.fourniresto.com\/blog\/wp-content\/uploads\/2017\/03\/Ope\u0301ration-Du-Rab-de-Frites-pour-Papis-et-Mamies-300x200.jpg",300,200,true],"post-thumbnail":["https:\/\/www.fourniresto.com\/blog\/wp-content\/uploads\/2017\/03\/Ope\u0301ration-Du-Rab-de-Frites-pour-Papis-et-Mamies-370x208.jpg",370,208,true],"especio-thumb-huge":["https:\/\/www.fourniresto.com\/blog\/wp-content\/uploads\/2017\/03\/Ope\u0301ration-Du-Rab-de-Frites-pour-Papis-et-Mamies-1170x658.jpg",1170,658,true],"especio-thumb-big":["https:\/\/www.fourniresto.com\/blog\/wp-content\/uploads\/2017\/03\/Ope\u0301ration-Du-Rab-de-Frites-pour-Papis-et-Mamies-760x428.jpg",760,428,true],"especio-thumb-med":["https:\/\/www.fourniresto.com\/blog\/wp-content\/uploads\/2017\/03\/Ope\u0301ration-Du-Rab-de-Frites-pour-Papis-et-Mamies-370x208.jpg",370,208,true],"especio-thumb-tiny":["https:\/\/www.fourniresto.com\/blog\/wp-content\/uploads\/2017\/03\/Ope\u0301ration-Du-Rab-de-Frites-pour-Papis-et-Mamies-135x135.jpg",135,135,true],"especio-thumb-masonry-big":["https:\/\/www.fourniresto.com\/blog\/wp-content\/uploads\/2017\/03\/Ope\u0301ration-Du-Rab-de-Frites-pour-Papis-et-Mamies-760x428.jpg",760,428,true],"especio-thumb-masonry":["https:\/\/www.fourniresto.com\/blog\/wp-content\/uploads\/2017\/03\/Ope\u0301ration-Du-Rab-de-Frites-pour-Papis-et-Mamies-370x208.jpg",370,208,true],"especio-thumb-extra":["https:\/\/www.fourniresto.com\/blog\/wp-content\/uploads\/2017\/03\/Ope\u0301ration-Du-Rab-de-Frites-pour-Papis-et-Mamies-570x498.jpg",570,498,true],"especio-thumb-square":["https:\/\/www.fourniresto.com\/blog\/wp-content\/uploads\/2017\/03\/Ope\u0301ration-Du-Rab-de-Frites-pour-Papis-et-Mamies-270x258.jpg",270,258,true],"especio-thumb-plain":["https:\/\/www.fourniresto.com\/blog\/wp-content\/uploads\/2017\/03\/Ope\u0301ration-Du-Rab-de-Frites-pour-Papis-et-Mamies-218x162.jpg",218,162,true],"especio-thumb-list":["https:\/\/www.fourniresto.com\/blog\/wp-content\/uploads\/2017\/03\/Ope\u0301ration-Du-Rab-de-Frites-pour-Papis-et-Mamies-370x275.jpg",370,275,true],"trx_addons-thumb-small":["https:\/\/www.fourniresto.com\/blog\/wp-content\/uploads\/2017\/03\/Ope\u0301ration-Du-Rab-de-Frites-pour-Papis-et-Mamies-270x152.jpg",270,152,true],"trx_addons-thumb-portrait":["https:\/\/www.fourniresto.com\/blog\/wp-content\/uploads\/2017\/03\/Ope\u0301ration-Du-Rab-de-Frites-pour-Papis-et-Mamies-370x493.jpg",370,493,true],"trx_addons-thumb-avatar":["https:\/\/www.fourniresto.com\/blog\/wp-content\/uploads\/2017\/03\/Ope\u0301ration-Du-Rab-de-Frites-pour-Papis-et-Mamies-370x370.jpg",370,370,true]},"uagb_author_info":{"display_name":"Admin","author_link":"https:\/\/www.fourniresto.com\/blog\/author\/admin\/"},"uagb_comment_info":0,"uagb_excerpt":"C&#8217;\u00e9tait il y a quelques jours, les ain\u00e9s r\u00e9sidents du Foyer Logement Hubuliac de Saint Marcel , priv\u00e9s de frites depuis 3 ans ont d\u00e9cid\u00e9 de lancer un mouvement afin&hellip;","_links":{"self":[{"href":"https:\/\/www.fourniresto.com\/blog\/wp-json\/wp\/v2\/posts\/2927"}],"collection":[{"href":"https:\/\/www.fourniresto.com\/blog\/wp-json\/wp\/v2\/posts"}],"about":[{"href":"https:\/\/www.fourniresto.com\/blog\/wp-json\/wp\/v2\/types\/post"}],"author":[{"embeddable":true,"href":"https:\/\/www.fourniresto.com\/blog\/wp-json\/wp\/v2\/users\/1"}],"replies":[{"embeddable":true,"href":"https:\/\/www.fourniresto.com\/blog\/wp-json\/wp\/v2\/comments?post=2927"}],"version-history":[{"count":8,"href":"https:\/\/www.fourniresto.com\/blog\/wp-json\/wp\/v2\/posts\/2927\/revisions"}],"predecessor-version":[{"id":15046,"href":"https:\/\/www.fourniresto.com\/blog\/wp-json\/wp\/v2\/posts\/2927\/revisions\/15046"}],"wp:featuredmedia":[{"embeddable":true,"href":"https:\/\/www.fourniresto.com\/blog\/wp-json\/wp\/v2\/media\/15218"}],"wp:attachment":[{"href":"https:\/\/www.fourniresto.com\/blog\/wp-json\/wp\/v2\/media?parent=2927"}],"wp:term":[{"taxonomy":"category","embeddable":true,"href":"https:\/\/www.fourniresto.com\/blog\/wp-json\/wp\/v2\/categories?post=2927"},{"taxonomy":"post_tag","embeddable":true,"href":"https:\/\/www.fourniresto.com\/blog\/wp-json\/wp\/v2\/tags?post=2927"}],"curies":[{"name":"wp","href":"https:\/\/api.w.org\/{rel}","templated":true}]}}