{"id":26317,"date":"2023-07-03T12:49:10","date_gmt":"2023-07-03T10:49:10","guid":{"rendered":"https:\/\/www.fourniresto.com\/blog\/?p=26317"},"modified":"2023-07-03T12:49:11","modified_gmt":"2023-07-03T10:49:11","slug":"le-four-dexterieur-marcel-incontournable-de-lete","status":"publish","type":"post","link":"https:\/\/www.fourniresto.com\/blog\/le-four-dexterieur-marcel-incontournable-de-lete\/","title":{"rendered":"Le Four d\u2019Ext\u00e9rieur Marcel, incontournable de l\u2019\u00e9t\u00e9"},"content":{"rendered":"\n<p>Vous \u00eates \u00e0 la recherche d\u2019un four d\u2019ext\u00e9rieur puissant et peu encombrant qui soit \u00e0 la fois performant et simple d\u2019utilisation ? Le<a href=\"https:\/\/www.fourniresto.com\/37286-four-d-exterieur-professionnel-marcel.html\"><strong> Four d\u2019Ext\u00e9rieur Marcel<\/strong><\/a> est la solution id\u00e9ale ! Cet appareil est sp\u00e9cialement con\u00e7u pour les professionnels de la restauration et les particuliers. Il permet de cuire tout type de pr\u00e9parations en un rien de temps, tout en offrant un v\u00e9ritable spectacle culinaire.&nbsp;<\/p>\n\n\n\n<h2><strong>Un four d&#8217;ext\u00e9rieur polyvalent et performant&nbsp;<\/strong><\/h2>\n\n\n\n<p>Si le Four d\u2019Ext\u00e9rieur Marcel s\u00e9duit autant, c\u2019est avant tout pour la polyvalence et les <strong>performances de cuisson<\/strong> qu\u2019il offre. Il est \u00e9quip\u00e9 d\u2019un foyer \u00e0 combustion arri\u00e8re pouvant \u00eatre aliment\u00e9 par des b\u00fbchettes de bois ou des pellets alimentaires. Id\u00e9al pour les professionnels de la restauration et les particuliers exigeants, il est \u00e9quip\u00e9 d\u2019un syst\u00e8me de clapet bloc flamme permettant de <strong>ma\u00eetriser tous les types de cuisson.<\/strong>&nbsp;<\/p>\n\n\n\n<p>L\u2019un des avantages consid\u00e9rables du four professionnel Marcel est qu\u2019il permet de <strong>cuire divers types d\u2019aliments<\/strong> allant de la simple <strong>pizza aux grillades<\/strong>. Mais ce n\u2019est pas tout ! Il convient parfaitement pour la cuisson d\u2019autres pr\u00e9parations telles que le <strong>pain, les brioches ou bien les tartes sal\u00e9es et les r\u00f4tis<\/strong>. Plus \u00e9tonnant encore, il permet la <strong>cuisson de plats mijot\u00e9s et de p\u00e2tisseries<\/strong>. Marcel est donc le compagnon id\u00e9al pour vos douces journ\u00e9es d\u2019\u00e9t\u00e9.&nbsp;<\/p>\n\n\n\n<p>D\u2019autre part, ce four est parfaitement adapt\u00e9 pour des <strong>cuissons basses allant de 150\u00b0C \u00e0 200\u00b0C<\/strong> et des <strong>cuissons rapides \u00e0 450\u00b0C environ<\/strong>. Et pour cause, il ne lui faut que 20 minutes pour atteindre la temp\u00e9rature de 500\u00b0C. Cela permet donc un gain de temps non-n\u00e9gligeable, surtout lors de la p\u00e9riode estivale. Si cette rapide mont\u00e9e en temp\u00e9rature est possible, c\u2019est avant tout gr\u00e2ce au syst\u00e8me de clapet dont l\u2019appareil est dot\u00e9. Lorsque celui-ci est ferm\u00e9, la flamme se retrouve bloqu\u00e9e dans la chambre du four. La cuisson se fera alors par inertie \u00e0 une temp\u00e9rature comprise entre 150\u00b0C et 200\u00b0C. \u00c0 l\u2019inverse, lorsqu\u2019il est ouvert, la flamme se fera plus importante et la temp\u00e9rature sera donc plus \u00e9lev\u00e9e (jusqu\u2019\u00e0 450\u00b0C).<\/p>\n\n\n\n<figure class=\"wp-block-table is-style-regular\"><table class=\"has-text-dark-color has-bg-color-background-color has-text-color has-background\"><tbody><tr><td class=\"has-text-align-center\" data-align=\"center\"><strong>150\u00b0C \u00e0 250\u00b0C<\/strong><\/td><td>Id\u00e9al pour la cuisson de l\u00e9gumes, de viandes, de poissons, de pains, de p\u00e2tisseries ou de plats mijot\u00e9s.<\/td><\/tr><tr><td class=\"has-text-align-center\" data-align=\"center\"><strong>450\u00b0C \u00e0 500\u00b0C<\/strong><\/td><td>Parfait pour la cuisson de pizzas ou de grillades.<\/td><\/tr><\/tbody><\/table><\/figure>\n\n\n\n<figure class=\"wp-block-gallery has-nested-images columns-default is-cropped\">\n<figure class=\"wp-block-image size-large\"><a href=\"https:\/\/www.fourniresto.com\/blog\/wp-content\/uploads\/2023\/07\/Four-Marcel-2.png\"><img loading=\"lazy\" width=\"400\" height=\"400\" data-id=\"26343\"  src=\"https:\/\/www.fourniresto.com\/blog\/wp-content\/uploads\/2023\/07\/Four-Marcel-2.png\" alt=\"L\u00e9gumes grill\u00e9s gr\u00e2ce au Four \u00e0 Feu de Bois Marcel\" class=\"wp-image-26343\" srcset=\"https:\/\/www.fourniresto.com\/blog\/wp-content\/uploads\/2023\/07\/Four-Marcel-2.png 400w, https:\/\/www.fourniresto.com\/blog\/wp-content\/uploads\/2023\/07\/Four-Marcel-2-300x300.png 300w, https:\/\/www.fourniresto.com\/blog\/wp-content\/uploads\/2023\/07\/Four-Marcel-2-150x150.png 150w, https:\/\/www.fourniresto.com\/blog\/wp-content\/uploads\/2023\/07\/Four-Marcel-2-370x370.png 370w, https:\/\/www.fourniresto.com\/blog\/wp-content\/uploads\/2023\/07\/Four-Marcel-2-135x135.png 135w\" sizes=\"(max-width: 400px) 100vw, 400px\" \/><\/a><\/figure>\n\n\n\n<figure class=\"wp-block-image size-large\"><a href=\"https:\/\/www.fourniresto.com\/blog\/wp-content\/uploads\/2023\/07\/Four-Marcel-3.png\"><img loading=\"lazy\" width=\"400\" height=\"400\" data-id=\"26344\"  src=\"https:\/\/www.fourniresto.com\/blog\/wp-content\/uploads\/2023\/07\/Four-Marcel-3.png\" alt=\"Poisson grill\u00e9 gr\u00e2ce au Four \u00e0 Feu de Bois Marcel\" class=\"wp-image-26344\" srcset=\"https:\/\/www.fourniresto.com\/blog\/wp-content\/uploads\/2023\/07\/Four-Marcel-3.png 400w, https:\/\/www.fourniresto.com\/blog\/wp-content\/uploads\/2023\/07\/Four-Marcel-3-300x300.png 300w, https:\/\/www.fourniresto.com\/blog\/wp-content\/uploads\/2023\/07\/Four-Marcel-3-150x150.png 150w, https:\/\/www.fourniresto.com\/blog\/wp-content\/uploads\/2023\/07\/Four-Marcel-3-370x370.png 370w, https:\/\/www.fourniresto.com\/blog\/wp-content\/uploads\/2023\/07\/Four-Marcel-3-135x135.png 135w\" sizes=\"(max-width: 400px) 100vw, 400px\" \/><\/a><\/figure>\n\n\n\n<figure class=\"wp-block-image size-large\"><a href=\"https:\/\/www.fourniresto.com\/blog\/wp-content\/uploads\/2023\/07\/Four-Marcel-1.png\"><img loading=\"lazy\" width=\"400\" height=\"400\" data-id=\"26345\"  src=\"https:\/\/www.fourniresto.com\/blog\/wp-content\/uploads\/2023\/07\/Four-Marcel-1.png\" alt=\"Viande grill\u00e9e gr\u00e2ce au Four \u00e0 Feu de Bois Marcel\" class=\"wp-image-26345\" srcset=\"https:\/\/www.fourniresto.com\/blog\/wp-content\/uploads\/2023\/07\/Four-Marcel-1.png 400w, https:\/\/www.fourniresto.com\/blog\/wp-content\/uploads\/2023\/07\/Four-Marcel-1-300x300.png 300w, https:\/\/www.fourniresto.com\/blog\/wp-content\/uploads\/2023\/07\/Four-Marcel-1-150x150.png 150w, https:\/\/www.fourniresto.com\/blog\/wp-content\/uploads\/2023\/07\/Four-Marcel-1-370x370.png 370w, https:\/\/www.fourniresto.com\/blog\/wp-content\/uploads\/2023\/07\/Four-Marcel-1-135x135.png 135w\" sizes=\"(max-width: 400px) 100vw, 400px\" \/><\/a><\/figure>\n<\/figure>\n\n\n\n<h2><strong>Une facilit\u00e9 d\u2019utilisation et un entretien pratique\u00a0<\/strong><\/h2>\n\n\n\n<p>Ce four d\u2019ext\u00e9rieur <a href=\"https:\/\/www.fourniresto.com\/24_tellier\">Louis Tellier<\/a> est \u00e9galement reconnu pour sa <strong>facilit\u00e9 d\u2019utilisation et d\u2019entretien<\/strong>. Solide et durable, il est \u00e9quip\u00e9 d\u2019un thermom\u00e8tre en fa\u00e7ade vous permettant de contr\u00f4ler facilement la temp\u00e9rature int\u00e9rieure. Sa pierre r\u00e9fractaire de 15 mm d\u2019\u00e9paisseur, quant \u00e0 elle, assure une excellente r\u00e9partition de la chaleur pour une cuisson uniforme. Pour un meilleur confort d\u2019utilisation, Marcel dispose de ses propres <a href=\"https:\/\/www.fourniresto.com\/42664-pelle-a-pain-et-pizza-aluminium-perforee-90-x-30-cm.html\">pelle \u00e0 pain<\/a> et <a href=\"https:\/\/www.fourniresto.com\/42665-pelle-a-pizza-a-retournement-inox-76-x-20-x-4-cm.html\">pelle \u00e0 retournement<\/a>. La longueur de leur manche et la dimension de leur embout sont parfaitement adapt\u00e9es au four ce qui \u00e9limine les risques d\u2019ab\u00eemer les parois du four ou la pierre r\u00e9fractaire lors de leur utilisation.&nbsp;<\/p>\n\n\n\n<p>De plus, il est pourvu d\u2019un r\u00e9servoir amovible. Il est donc <strong>facile \u00e0 nettoyer et rapide \u00e0 entretenir<\/strong>. Il suffit de vider le contenu du r\u00e9servoir et de le nettoyer pr\u00e9cautionneusement apr\u00e8s chaque utilisation. Cela est un v\u00e9ritable atout quand on sait tout l\u2019entretien que demande un four traditionnel.<\/p>\n\n\n\n<h2><strong>Un \u00e9quipement professionnel durable et pratique<\/strong><\/h2>\n\n\n\n<p>Fabriqu\u00e9 en acier inoxydable, ce four d\u2019ext\u00e9rieur est gage de solidit\u00e9 et de durabilit\u00e9. En effet, l\u2019acier est reconnu pour sa<strong> r\u00e9sistance et sa long\u00e9vit\u00e9<\/strong>. Ainsi, Marcel saura vous accompagner durant de longues ann\u00e9es. De plus, il est muni d\u2019une isolation en fibre de c\u00e9ramique haut de gamme pour une plus grande long\u00e9vit\u00e9.&nbsp;<\/p>\n\n\n\n<p>Le four d\u2019ext\u00e9rieur Marcel est \u00e9galement pl\u00e9biscit\u00e9 pour sa <strong>praticit\u00e9<\/strong>. Il est effectivement \u00e9quip\u00e9 d\u2019un \u0153illeton de surveillance vous permettant de v\u00e9rifier le bon d\u00e9roulement de la cuisson. Compact, il est pourvu de pieds rabattables et d\u2019une chemin\u00e9e d\u00e9montable afin de faciliter son transport. Sa poign\u00e9e ergonomique, quant \u00e0 elle, est orientable.&nbsp;<\/p>\n\n\n\n<p>Ainsi, que vous souhaitiez cuire des pains et pizzas ou bien des l\u00e9gumes, des grillades ou encore des plats mijot\u00e9s, le four Marcel est l\u2019indispensable qu\u2019il vous faut ! Il offre \u00e9galement un v\u00e9ritable show culinaire puisqu\u2019il peut \u00eatre plac\u00e9 non loin des clients et convives afin de cuire les pr\u00e9parations \u00e0 la minute, sous leurs yeux.<\/p>\n\n\n\n<figure class=\"wp-block-embed is-type-video is-provider-youtube wp-block-embed-youtube wp-embed-aspect-16-9 wp-has-aspect-ratio\"><div class=\"wp-block-embed__wrapper\">\n<iframe loading=\"lazy\" title=\"FOUR \u00e0 bois d&#039;ext\u00e9rieur MARCEL  BY LOUIS TELLIER\" width=\"1170\" height=\"658\" src=\"https:\/\/www.youtube.com\/embed\/hfut9xooDMA?feature=oembed\" frameborder=\"0\" allow=\"accelerometer; autoplay; clipboard-write; encrypted-media; gyroscope; picture-in-picture; web-share\" allowfullscreen><\/iframe>\n<\/div><\/figure>\n","protected":false},"excerpt":{"rendered":"<p>Vous \u00eates \u00e0 la recherche d\u2019un four d\u2019ext\u00e9rieur puissant et peu encombrant qui soit \u00e0 la fois performant et simple d\u2019utilisation ? Le Four d\u2019Ext\u00e9rieur Marcel est la solution id\u00e9ale&hellip;<\/p>\n","protected":false},"author":10,"featured_media":26342,"comment_status":"closed","ping_status":"closed","sticky":false,"template":"","format":"standard","meta":{"content-type":"","_uag_custom_page_level_css":""},"categories":[923],"tags":[],"yoast_head":"<!-- This site is optimized with the Yoast SEO plugin v19.13 - https:\/\/yoast.com\/wordpress\/plugins\/seo\/ -->\n<title>Le Four d&#039;Ext\u00e9rieur Marcel - Le Blog FourniResto<\/title>\n<meta name=\"description\" content=\"Vous \u00eates \u00e0 la recherche d\u2019un four d\u2019ext\u00e9rieur performant et simple d\u2019utilisation ? Le Four d\u2019Ext\u00e9rieur Marcel est la solution id\u00e9ale !\" \/>\n<meta name=\"robots\" content=\"index, follow, max-snippet:-1, max-image-preview:large, max-video-preview:-1\" \/>\n<link rel=\"canonical\" href=\"https:\/\/www.fourniresto.com\/blog\/le-four-dexterieur-marcel-incontournable-de-lete\/\" \/>\n<meta property=\"og:locale\" content=\"fr_FR\" \/>\n<meta property=\"og:type\" content=\"article\" \/>\n<meta property=\"og:title\" content=\"Le Four d&#039;Ext\u00e9rieur Marcel - Le Blog FourniResto\" \/>\n<meta property=\"og:description\" content=\"Vous \u00eates \u00e0 la recherche d\u2019un four d\u2019ext\u00e9rieur performant et simple d\u2019utilisation ? Le Four d\u2019Ext\u00e9rieur Marcel est la solution id\u00e9ale !\" \/>\n<meta property=\"og:url\" content=\"https:\/\/www.fourniresto.com\/blog\/le-four-dexterieur-marcel-incontournable-de-lete\/\" \/>\n<meta property=\"og:site_name\" content=\"Le Blog FourniResto\" \/>\n<meta property=\"article:published_time\" content=\"2023-07-03T10:49:10+00:00\" \/>\n<meta property=\"article:modified_time\" content=\"2023-07-03T10:49:11+00:00\" \/>\n<meta property=\"og:image\" content=\"https:\/\/www.fourniresto.com\/blog\/wp-content\/uploads\/2023\/07\/Four-Marcel-by-Louis-Tellier-1.png\" \/>\n\t<meta property=\"og:image:width\" content=\"2240\" \/>\n\t<meta property=\"og:image:height\" content=\"1260\" \/>\n\t<meta property=\"og:image:type\" content=\"image\/png\" \/>\n<meta name=\"author\" content=\"Doriane\" \/>\n<meta name=\"twitter:card\" content=\"summary_large_image\" \/>\n<meta name=\"twitter:label1\" content=\"\u00c9crit par\" \/>\n\t<meta name=\"twitter:data1\" content=\"Doriane\" \/>\n\t<meta name=\"twitter:label2\" content=\"Dur\u00e9e de lecture estim\u00e9e\" \/>\n\t<meta name=\"twitter:data2\" content=\"5 minutes\" \/>\n<script type=\"application\/ld+json\" class=\"yoast-schema-graph\">{\"@context\":\"https:\/\/schema.org\",\"@graph\":[{\"@type\":\"WebPage\",\"@id\":\"https:\/\/www.fourniresto.com\/blog\/le-four-dexterieur-marcel-incontournable-de-lete\/\",\"url\":\"https:\/\/www.fourniresto.com\/blog\/le-four-dexterieur-marcel-incontournable-de-lete\/\",\"name\":\"Le Four d'Ext\u00e9rieur Marcel - Le Blog FourniResto\",\"isPartOf\":{\"@id\":\"https:\/\/www.fourniresto.com\/blog\/#website\"},\"datePublished\":\"2023-07-03T10:49:10+00:00\",\"dateModified\":\"2023-07-03T10:49:11+00:00\",\"author\":{\"@id\":\"https:\/\/www.fourniresto.com\/blog\/#\/schema\/person\/eabbbd9c191f563d76261737e9f01b05\"},\"description\":\"Vous \u00eates \u00e0 la recherche d\u2019un four d\u2019ext\u00e9rieur performant et simple d\u2019utilisation ? Le Four d\u2019Ext\u00e9rieur Marcel est la solution id\u00e9ale !\",\"breadcrumb\":{\"@id\":\"https:\/\/www.fourniresto.com\/blog\/le-four-dexterieur-marcel-incontournable-de-lete\/#breadcrumb\"},\"inLanguage\":\"fr-FR\",\"potentialAction\":[{\"@type\":\"ReadAction\",\"target\":[\"https:\/\/www.fourniresto.com\/blog\/le-four-dexterieur-marcel-incontournable-de-lete\/\"]}]},{\"@type\":\"BreadcrumbList\",\"@id\":\"https:\/\/www.fourniresto.com\/blog\/le-four-dexterieur-marcel-incontournable-de-lete\/#breadcrumb\",\"itemListElement\":[{\"@type\":\"ListItem\",\"position\":1,\"name\":\"Accueil\",\"item\":\"https:\/\/www.fourniresto.com\/blog\/\"},{\"@type\":\"ListItem\",\"position\":2,\"name\":\"Le Four d\u2019Ext\u00e9rieur Marcel, incontournable de l\u2019\u00e9t\u00e9\"}]},{\"@type\":\"WebSite\",\"@id\":\"https:\/\/www.fourniresto.com\/blog\/#website\",\"url\":\"https:\/\/www.fourniresto.com\/blog\/\",\"name\":\"Le Blog FourniResto\",\"description\":\"Conseils et actualit\u00e9s sur la Restauration Professionnelle\",\"potentialAction\":[{\"@type\":\"SearchAction\",\"target\":{\"@type\":\"EntryPoint\",\"urlTemplate\":\"https:\/\/www.fourniresto.com\/blog\/?s={search_term_string}\"},\"query-input\":\"required name=search_term_string\"}],\"inLanguage\":\"fr-FR\"},{\"@type\":\"Person\",\"@id\":\"https:\/\/www.fourniresto.com\/blog\/#\/schema\/person\/eabbbd9c191f563d76261737e9f01b05\",\"name\":\"Doriane\",\"description\":\"Passionn\u00e9e de lecture et d'\u00e9criture, j'ai plaisir \u00e0 mettre \u00e0 profit mes comp\u00e9tences et app\u00e9tences au service du blog FourniResto. R\u00e9guli\u00e8rement, je vous fais d\u00e9couvrir de nouveaux restaurants comptant parmi nos clients fid\u00e8les. Ces adresses ne manquent pas de mettre l'eau \u00e0 la bouche \u00e0 la grande mordue de cuisine que je suis. Tr\u00e8s rigoureuse et particuli\u00e8rement int\u00e9ress\u00e9e par l'actualit\u00e9, je me charge \u00e9galement de vous \u00e9clairer sur les lois et normes en vigueur dans le secteur de la restauration.\"}]}<\/script>\n<!-- \/ Yoast SEO plugin. -->","yoast_head_json":{"title":"Le Four d'Ext\u00e9rieur Marcel - Le Blog FourniResto","description":"Vous \u00eates \u00e0 la recherche d\u2019un four d\u2019ext\u00e9rieur performant et simple d\u2019utilisation ? Le Four d\u2019Ext\u00e9rieur Marcel est la solution id\u00e9ale !","robots":{"index":"index","follow":"follow","max-snippet":"max-snippet:-1","max-image-preview":"max-image-preview:large","max-video-preview":"max-video-preview:-1"},"canonical":"https:\/\/www.fourniresto.com\/blog\/le-four-dexterieur-marcel-incontournable-de-lete\/","og_locale":"fr_FR","og_type":"article","og_title":"Le Four d'Ext\u00e9rieur Marcel - Le Blog FourniResto","og_description":"Vous \u00eates \u00e0 la recherche d\u2019un four d\u2019ext\u00e9rieur performant et simple d\u2019utilisation ? Le Four d\u2019Ext\u00e9rieur Marcel est la solution id\u00e9ale !","og_url":"https:\/\/www.fourniresto.com\/blog\/le-four-dexterieur-marcel-incontournable-de-lete\/","og_site_name":"Le Blog FourniResto","article_published_time":"2023-07-03T10:49:10+00:00","article_modified_time":"2023-07-03T10:49:11+00:00","og_image":[{"width":2240,"height":1260,"url":"https:\/\/www.fourniresto.com\/blog\/wp-content\/uploads\/2023\/07\/Four-Marcel-by-Louis-Tellier-1.png","type":"image\/png"}],"author":"Doriane","twitter_card":"summary_large_image","twitter_misc":{"\u00c9crit par":"Doriane","Dur\u00e9e de lecture estim\u00e9e":"5 minutes"},"schema":{"@context":"https:\/\/schema.org","@graph":[{"@type":"WebPage","@id":"https:\/\/www.fourniresto.com\/blog\/le-four-dexterieur-marcel-incontournable-de-lete\/","url":"https:\/\/www.fourniresto.com\/blog\/le-four-dexterieur-marcel-incontournable-de-lete\/","name":"Le Four d'Ext\u00e9rieur Marcel - Le Blog FourniResto","isPartOf":{"@id":"https:\/\/www.fourniresto.com\/blog\/#website"},"datePublished":"2023-07-03T10:49:10+00:00","dateModified":"2023-07-03T10:49:11+00:00","author":{"@id":"https:\/\/www.fourniresto.com\/blog\/#\/schema\/person\/eabbbd9c191f563d76261737e9f01b05"},"description":"Vous \u00eates \u00e0 la recherche d\u2019un four d\u2019ext\u00e9rieur performant et simple d\u2019utilisation ? Le Four d\u2019Ext\u00e9rieur Marcel est la solution id\u00e9ale !","breadcrumb":{"@id":"https:\/\/www.fourniresto.com\/blog\/le-four-dexterieur-marcel-incontournable-de-lete\/#breadcrumb"},"inLanguage":"fr-FR","potentialAction":[{"@type":"ReadAction","target":["https:\/\/www.fourniresto.com\/blog\/le-four-dexterieur-marcel-incontournable-de-lete\/"]}]},{"@type":"BreadcrumbList","@id":"https:\/\/www.fourniresto.com\/blog\/le-four-dexterieur-marcel-incontournable-de-lete\/#breadcrumb","itemListElement":[{"@type":"ListItem","position":1,"name":"Accueil","item":"https:\/\/www.fourniresto.com\/blog\/"},{"@type":"ListItem","position":2,"name":"Le Four d\u2019Ext\u00e9rieur Marcel, incontournable de l\u2019\u00e9t\u00e9"}]},{"@type":"WebSite","@id":"https:\/\/www.fourniresto.com\/blog\/#website","url":"https:\/\/www.fourniresto.com\/blog\/","name":"Le Blog FourniResto","description":"Conseils et actualit\u00e9s sur la Restauration Professionnelle","potentialAction":[{"@type":"SearchAction","target":{"@type":"EntryPoint","urlTemplate":"https:\/\/www.fourniresto.com\/blog\/?s={search_term_string}"},"query-input":"required name=search_term_string"}],"inLanguage":"fr-FR"},{"@type":"Person","@id":"https:\/\/www.fourniresto.com\/blog\/#\/schema\/person\/eabbbd9c191f563d76261737e9f01b05","name":"Doriane","description":"Passionn\u00e9e de lecture et d'\u00e9criture, j'ai plaisir \u00e0 mettre \u00e0 profit mes comp\u00e9tences et app\u00e9tences au service du blog FourniResto. R\u00e9guli\u00e8rement, je vous fais d\u00e9couvrir de nouveaux restaurants comptant parmi nos clients fid\u00e8les. Ces adresses ne manquent pas de mettre l'eau \u00e0 la bouche \u00e0 la grande mordue de cuisine que je suis. Tr\u00e8s rigoureuse et particuli\u00e8rement int\u00e9ress\u00e9e par l'actualit\u00e9, je me charge \u00e9galement de vous \u00e9clairer sur les lois et normes en vigueur dans le secteur de la restauration."}]}},"uagb_featured_image_src":{"full":["https:\/\/www.fourniresto.com\/blog\/wp-content\/uploads\/2023\/07\/Four-Marcel-by-Louis-Tellier-1.png",2240,1260,false],"thumbnail":["https:\/\/www.fourniresto.com\/blog\/wp-content\/uploads\/2023\/07\/Four-Marcel-by-Louis-Tellier-1-150x150.png",150,150,true],"medium":["https:\/\/www.fourniresto.com\/blog\/wp-content\/uploads\/2023\/07\/Four-Marcel-by-Louis-Tellier-1-300x169.png",300,169,true],"medium_large":["https:\/\/www.fourniresto.com\/blog\/wp-content\/uploads\/2023\/07\/Four-Marcel-by-Louis-Tellier-1.png",768,432,false],"large":["https:\/\/www.fourniresto.com\/blog\/wp-content\/uploads\/2023\/07\/Four-Marcel-by-Louis-Tellier-1-1024x576.png",1024,576,true],"1536x1536":["https:\/\/www.fourniresto.com\/blog\/wp-content\/uploads\/2023\/07\/Four-Marcel-by-Louis-Tellier-1-1536x864.png",1536,864,true],"2048x2048":["https:\/\/www.fourniresto.com\/blog\/wp-content\/uploads\/2023\/07\/Four-Marcel-by-Louis-Tellier-1-2048x1152.png",2048,1152,true],"ms_image_size_300":["https:\/\/www.fourniresto.com\/blog\/wp-content\/uploads\/2023\/07\/Four-Marcel-by-Louis-Tellier-1-300x200.png",300,200,true],"post-thumbnail":["https:\/\/www.fourniresto.com\/blog\/wp-content\/uploads\/2023\/07\/Four-Marcel-by-Louis-Tellier-1-370x208.png",370,208,true],"especio-thumb-huge":["https:\/\/www.fourniresto.com\/blog\/wp-content\/uploads\/2023\/07\/Four-Marcel-by-Louis-Tellier-1-1170x658.png",1170,658,true],"especio-thumb-big":["https:\/\/www.fourniresto.com\/blog\/wp-content\/uploads\/2023\/07\/Four-Marcel-by-Louis-Tellier-1-760x428.png",760,428,true],"especio-thumb-med":["https:\/\/www.fourniresto.com\/blog\/wp-content\/uploads\/2023\/07\/Four-Marcel-by-Louis-Tellier-1-370x208.png",370,208,true],"especio-thumb-tiny":["https:\/\/www.fourniresto.com\/blog\/wp-content\/uploads\/2023\/07\/Four-Marcel-by-Louis-Tellier-1-135x135.png",135,135,true],"especio-thumb-masonry-big":["https:\/\/www.fourniresto.com\/blog\/wp-content\/uploads\/2023\/07\/Four-Marcel-by-Louis-Tellier-1-760x428.png",760,428,true],"especio-thumb-masonry":["https:\/\/www.fourniresto.com\/blog\/wp-content\/uploads\/2023\/07\/Four-Marcel-by-Louis-Tellier-1-370x208.png",370,208,true],"especio-thumb-extra":["https:\/\/www.fourniresto.com\/blog\/wp-content\/uploads\/2023\/07\/Four-Marcel-by-Louis-Tellier-1-570x498.png",570,498,true],"especio-thumb-square":["https:\/\/www.fourniresto.com\/blog\/wp-content\/uploads\/2023\/07\/Four-Marcel-by-Louis-Tellier-1-270x258.png",270,258,true],"especio-thumb-plain":["https:\/\/www.fourniresto.com\/blog\/wp-content\/uploads\/2023\/07\/Four-Marcel-by-Louis-Tellier-1-218x162.png",218,162,true],"especio-thumb-list":["https:\/\/www.fourniresto.com\/blog\/wp-content\/uploads\/2023\/07\/Four-Marcel-by-Louis-Tellier-1-370x275.png",370,275,true],"trx_addons-thumb-small":["https:\/\/www.fourniresto.com\/blog\/wp-content\/uploads\/2023\/07\/Four-Marcel-by-Louis-Tellier-1-270x152.png",270,152,true],"trx_addons-thumb-portrait":["https:\/\/www.fourniresto.com\/blog\/wp-content\/uploads\/2023\/07\/Four-Marcel-by-Louis-Tellier-1-370x493.png",370,493,true],"trx_addons-thumb-avatar":["https:\/\/www.fourniresto.com\/blog\/wp-content\/uploads\/2023\/07\/Four-Marcel-by-Louis-Tellier-1-370x370.png",370,370,true]},"uagb_author_info":{"display_name":"Doriane","author_link":"https:\/\/www.fourniresto.com\/blog\/author\/doriane\/"},"uagb_comment_info":0,"uagb_excerpt":"Vous \u00eates \u00e0 la recherche d\u2019un four d\u2019ext\u00e9rieur puissant et peu encombrant qui soit \u00e0 la fois performant et simple d\u2019utilisation ? Le Four d\u2019Ext\u00e9rieur Marcel est la solution id\u00e9ale&hellip;","_links":{"self":[{"href":"https:\/\/www.fourniresto.com\/blog\/wp-json\/wp\/v2\/posts\/26317"}],"collection":[{"href":"https:\/\/www.fourniresto.com\/blog\/wp-json\/wp\/v2\/posts"}],"about":[{"href":"https:\/\/www.fourniresto.com\/blog\/wp-json\/wp\/v2\/types\/post"}],"author":[{"embeddable":true,"href":"https:\/\/www.fourniresto.com\/blog\/wp-json\/wp\/v2\/users\/10"}],"replies":[{"embeddable":true,"href":"https:\/\/www.fourniresto.com\/blog\/wp-json\/wp\/v2\/comments?post=26317"}],"version-history":[{"count":14,"href":"https:\/\/www.fourniresto.com\/blog\/wp-json\/wp\/v2\/posts\/26317\/revisions"}],"predecessor-version":[{"id":26347,"href":"https:\/\/www.fourniresto.com\/blog\/wp-json\/wp\/v2\/posts\/26317\/revisions\/26347"}],"wp:featuredmedia":[{"embeddable":true,"href":"https:\/\/www.fourniresto.com\/blog\/wp-json\/wp\/v2\/media\/26342"}],"wp:attachment":[{"href":"https:\/\/www.fourniresto.com\/blog\/wp-json\/wp\/v2\/media?parent=26317"}],"wp:term":[{"taxonomy":"category","embeddable":true,"href":"https:\/\/www.fourniresto.com\/blog\/wp-json\/wp\/v2\/categories?post=26317"},{"taxonomy":"post_tag","embeddable":true,"href":"https:\/\/www.fourniresto.com\/blog\/wp-json\/wp\/v2\/tags?post=26317"}],"curies":[{"name":"wp","href":"https:\/\/api.w.org\/{rel}","templated":true}]}}