{"id":223,"date":"2014-11-14T14:13:47","date_gmt":"2014-11-14T13:13:47","guid":{"rendered":"https:\/\/www.fourniresto.com\/blog\/?p=223"},"modified":"2022-03-09T10:45:31","modified_gmt":"2022-03-09T09:45:31","slug":"temps-de-cuisson-et-temperature-pour-les-fours-basses-temperatures","status":"publish","type":"post","link":"https:\/\/www.fourniresto.com\/blog\/temps-de-cuisson-et-temperature-pour-les-fours-basses-temperatures\/","title":{"rendered":"Temps de Cuisson et temp\u00e9rature pour les fours basses temp\u00e9ratures"},"content":{"rendered":"<p>Bonjour,<\/p>\n<p>Comme en ce moment nous travaillons beaucoup sur les fours basse-temp\u00e9rature, nous avons pens\u00e9 qu&#8217;il serait utile de pr\u00e9parer un petit billet de blog avec le tableau des dur\u00e9es + temp\u00e9rature de cuisson.<\/p>\n<p>Biensur ces temps sont \u00e0 ajuster en fonction du poids de produits \u00e0 cuire<br \/>\nLe voici :<\/p>\n<p><a href=\"https:\/\/www.fourniresto.com\/blog\/wp-content\/uploads\/2014\/11\/Temps-de-Cuisson-Four-Basse-Temp\u00e9rature.png\"><img loading=\"lazy\" class=\"aligncenter size-full wp-image-224\" src=\"https:\/\/www.fourniresto.com\/blog\/wp-content\/uploads\/2014\/11\/Temps-de-Cuisson-Four-Basse-Temp\u00e9rature.png\" alt=\"Temps de Cuisson Four Basse Temp\u00e9rature\" width=\"773\" height=\"423\" srcset=\"https:\/\/www.fourniresto.com\/blog\/wp-content\/uploads\/2014\/11\/Temps-de-Cuisson-Four-Basse-Temp\u00e9rature.png 773w, https:\/\/www.fourniresto.com\/blog\/wp-content\/uploads\/2014\/11\/Temps-de-Cuisson-Four-Basse-Temp\u00e9rature-300x164.png 300w, https:\/\/www.fourniresto.com\/blog\/wp-content\/uploads\/2014\/11\/Temps-de-Cuisson-Four-Basse-Temp\u00e9rature-370x202.png 370w, https:\/\/www.fourniresto.com\/blog\/wp-content\/uploads\/2014\/11\/Temps-de-Cuisson-Four-Basse-Temp\u00e9rature-760x416.png 760w\" sizes=\"(max-width: 773px) 100vw, 773px\" \/><\/a><\/p>\n<p>&nbsp;<\/p>\n<p>Bonne cuisson !<\/p>\n","protected":false},"excerpt":{"rendered":"<p>Bonjour, Comme en ce moment nous travaillons beaucoup sur les fours basse-temp\u00e9rature, nous avons pens\u00e9 qu&#8217;il serait utile de pr\u00e9parer un petit billet de blog avec le tableau des dur\u00e9es&hellip;<\/p>\n","protected":false},"author":1,"featured_media":15491,"comment_status":"closed","ping_status":"closed","sticky":false,"template":"","format":"standard","meta":{"content-type":"","_uag_custom_page_level_css":""},"categories":[912],"tags":[],"yoast_head":"<!-- This site is optimized with the Yoast SEO plugin v19.13 - https:\/\/yoast.com\/wordpress\/plugins\/seo\/ -->\n<title>Temps de Cuisson et temp\u00e9rature pour les fours basses temp\u00e9ratures - Le Blog FourniResto<\/title>\n<meta name=\"robots\" content=\"index, follow, max-snippet:-1, max-image-preview:large, max-video-preview:-1\" \/>\n<link rel=\"canonical\" href=\"https:\/\/www.fourniresto.com\/blog\/temps-de-cuisson-et-temperature-pour-les-fours-basses-temperatures\/\" \/>\n<meta property=\"og:locale\" content=\"fr_FR\" \/>\n<meta property=\"og:type\" content=\"article\" \/>\n<meta property=\"og:title\" content=\"Temps de Cuisson et temp\u00e9rature pour les fours basses temp\u00e9ratures - Le Blog FourniResto\" \/>\n<meta property=\"og:description\" content=\"Bonjour, Comme en ce moment nous travaillons beaucoup sur les fours basse-temp\u00e9rature, nous avons pens\u00e9 qu&#8217;il serait utile de pr\u00e9parer un petit billet de blog avec le tableau des dur\u00e9es&hellip;\" \/>\n<meta property=\"og:url\" content=\"https:\/\/www.fourniresto.com\/blog\/temps-de-cuisson-et-temperature-pour-les-fours-basses-temperatures\/\" \/>\n<meta property=\"og:site_name\" content=\"Le Blog FourniResto\" \/>\n<meta property=\"article:published_time\" content=\"2014-11-14T13:13:47+00:00\" \/>\n<meta property=\"article:modified_time\" content=\"2022-03-09T09:45:31+00:00\" \/>\n<meta property=\"og:image\" content=\"https:\/\/www.fourniresto.com\/blog\/wp-content\/uploads\/2014\/11\/Temps-de-Cuisson-et-tempe\u0301rature-pour-les-fours-basses-tempe\u0301ratures.jpg\" \/>\n\t<meta property=\"og:image:width\" content=\"2240\" \/>\n\t<meta property=\"og:image:height\" content=\"1260\" \/>\n\t<meta property=\"og:image:type\" content=\"image\/jpeg\" \/>\n<meta name=\"author\" content=\"Admin\" \/>\n<meta name=\"twitter:card\" content=\"summary_large_image\" \/>\n<meta name=\"twitter:label1\" content=\"\u00c9crit par\" \/>\n\t<meta name=\"twitter:data1\" content=\"Admin\" \/>\n<script type=\"application\/ld+json\" class=\"yoast-schema-graph\">{\"@context\":\"https:\/\/schema.org\",\"@graph\":[{\"@type\":\"WebPage\",\"@id\":\"https:\/\/www.fourniresto.com\/blog\/temps-de-cuisson-et-temperature-pour-les-fours-basses-temperatures\/\",\"url\":\"https:\/\/www.fourniresto.com\/blog\/temps-de-cuisson-et-temperature-pour-les-fours-basses-temperatures\/\",\"name\":\"Temps de Cuisson et temp\u00e9rature pour les fours basses temp\u00e9ratures - Le Blog FourniResto\",\"isPartOf\":{\"@id\":\"https:\/\/www.fourniresto.com\/blog\/#website\"},\"datePublished\":\"2014-11-14T13:13:47+00:00\",\"dateModified\":\"2022-03-09T09:45:31+00:00\",\"author\":{\"@id\":\"https:\/\/www.fourniresto.com\/blog\/#\/schema\/person\/7bdd27da86a0fd78ebae2c0282518b37\"},\"breadcrumb\":{\"@id\":\"https:\/\/www.fourniresto.com\/blog\/temps-de-cuisson-et-temperature-pour-les-fours-basses-temperatures\/#breadcrumb\"},\"inLanguage\":\"fr-FR\",\"potentialAction\":[{\"@type\":\"ReadAction\",\"target\":[\"https:\/\/www.fourniresto.com\/blog\/temps-de-cuisson-et-temperature-pour-les-fours-basses-temperatures\/\"]}]},{\"@type\":\"BreadcrumbList\",\"@id\":\"https:\/\/www.fourniresto.com\/blog\/temps-de-cuisson-et-temperature-pour-les-fours-basses-temperatures\/#breadcrumb\",\"itemListElement\":[{\"@type\":\"ListItem\",\"position\":1,\"name\":\"Accueil\",\"item\":\"https:\/\/www.fourniresto.com\/blog\/\"},{\"@type\":\"ListItem\",\"position\":2,\"name\":\"Temps de Cuisson et temp\u00e9rature pour les fours basses temp\u00e9ratures\"}]},{\"@type\":\"WebSite\",\"@id\":\"https:\/\/www.fourniresto.com\/blog\/#website\",\"url\":\"https:\/\/www.fourniresto.com\/blog\/\",\"name\":\"Le Blog FourniResto\",\"description\":\"Conseils et actualit\u00e9s sur la Restauration Professionnelle\",\"potentialAction\":[{\"@type\":\"SearchAction\",\"target\":{\"@type\":\"EntryPoint\",\"urlTemplate\":\"https:\/\/www.fourniresto.com\/blog\/?s={search_term_string}\"},\"query-input\":\"required name=search_term_string\"}],\"inLanguage\":\"fr-FR\"},{\"@type\":\"Person\",\"@id\":\"https:\/\/www.fourniresto.com\/blog\/#\/schema\/person\/7bdd27da86a0fd78ebae2c0282518b37\",\"name\":\"Admin\"}]}<\/script>\n<!-- \/ Yoast SEO plugin. -->","yoast_head_json":{"title":"Temps de Cuisson et temp\u00e9rature pour les fours basses temp\u00e9ratures - Le Blog FourniResto","robots":{"index":"index","follow":"follow","max-snippet":"max-snippet:-1","max-image-preview":"max-image-preview:large","max-video-preview":"max-video-preview:-1"},"canonical":"https:\/\/www.fourniresto.com\/blog\/temps-de-cuisson-et-temperature-pour-les-fours-basses-temperatures\/","og_locale":"fr_FR","og_type":"article","og_title":"Temps de Cuisson et temp\u00e9rature pour les fours basses temp\u00e9ratures - Le Blog FourniResto","og_description":"Bonjour, Comme en ce moment nous travaillons beaucoup sur les fours basse-temp\u00e9rature, nous avons pens\u00e9 qu&#8217;il serait utile de pr\u00e9parer un petit billet de blog avec le tableau des dur\u00e9es&hellip;","og_url":"https:\/\/www.fourniresto.com\/blog\/temps-de-cuisson-et-temperature-pour-les-fours-basses-temperatures\/","og_site_name":"Le Blog FourniResto","article_published_time":"2014-11-14T13:13:47+00:00","article_modified_time":"2022-03-09T09:45:31+00:00","og_image":[{"width":2240,"height":1260,"url":"https:\/\/www.fourniresto.com\/blog\/wp-content\/uploads\/2014\/11\/Temps-de-Cuisson-et-tempe\u0301rature-pour-les-fours-basses-tempe\u0301ratures.jpg","type":"image\/jpeg"}],"author":"Admin","twitter_card":"summary_large_image","twitter_misc":{"\u00c9crit par":"Admin"},"schema":{"@context":"https:\/\/schema.org","@graph":[{"@type":"WebPage","@id":"https:\/\/www.fourniresto.com\/blog\/temps-de-cuisson-et-temperature-pour-les-fours-basses-temperatures\/","url":"https:\/\/www.fourniresto.com\/blog\/temps-de-cuisson-et-temperature-pour-les-fours-basses-temperatures\/","name":"Temps de Cuisson et temp\u00e9rature pour les fours basses temp\u00e9ratures - Le Blog FourniResto","isPartOf":{"@id":"https:\/\/www.fourniresto.com\/blog\/#website"},"datePublished":"2014-11-14T13:13:47+00:00","dateModified":"2022-03-09T09:45:31+00:00","author":{"@id":"https:\/\/www.fourniresto.com\/blog\/#\/schema\/person\/7bdd27da86a0fd78ebae2c0282518b37"},"breadcrumb":{"@id":"https:\/\/www.fourniresto.com\/blog\/temps-de-cuisson-et-temperature-pour-les-fours-basses-temperatures\/#breadcrumb"},"inLanguage":"fr-FR","potentialAction":[{"@type":"ReadAction","target":["https:\/\/www.fourniresto.com\/blog\/temps-de-cuisson-et-temperature-pour-les-fours-basses-temperatures\/"]}]},{"@type":"BreadcrumbList","@id":"https:\/\/www.fourniresto.com\/blog\/temps-de-cuisson-et-temperature-pour-les-fours-basses-temperatures\/#breadcrumb","itemListElement":[{"@type":"ListItem","position":1,"name":"Accueil","item":"https:\/\/www.fourniresto.com\/blog\/"},{"@type":"ListItem","position":2,"name":"Temps de Cuisson et temp\u00e9rature pour les fours basses temp\u00e9ratures"}]},{"@type":"WebSite","@id":"https:\/\/www.fourniresto.com\/blog\/#website","url":"https:\/\/www.fourniresto.com\/blog\/","name":"Le Blog FourniResto","description":"Conseils et actualit\u00e9s sur la Restauration Professionnelle","potentialAction":[{"@type":"SearchAction","target":{"@type":"EntryPoint","urlTemplate":"https:\/\/www.fourniresto.com\/blog\/?s={search_term_string}"},"query-input":"required name=search_term_string"}],"inLanguage":"fr-FR"},{"@type":"Person","@id":"https:\/\/www.fourniresto.com\/blog\/#\/schema\/person\/7bdd27da86a0fd78ebae2c0282518b37","name":"Admin"}]}},"uagb_featured_image_src":{"full":["https:\/\/www.fourniresto.com\/blog\/wp-content\/uploads\/2014\/11\/Temps-de-Cuisson-et-tempe\u0301rature-pour-les-fours-basses-tempe\u0301ratures.jpg",2240,1260,false],"thumbnail":["https:\/\/www.fourniresto.com\/blog\/wp-content\/uploads\/2014\/11\/Temps-de-Cuisson-et-tempe\u0301rature-pour-les-fours-basses-tempe\u0301ratures-150x150.jpg",150,150,true],"medium":["https:\/\/www.fourniresto.com\/blog\/wp-content\/uploads\/2014\/11\/Temps-de-Cuisson-et-tempe\u0301rature-pour-les-fours-basses-tempe\u0301ratures-300x169.jpg",300,169,true],"medium_large":["https:\/\/www.fourniresto.com\/blog\/wp-content\/uploads\/2014\/11\/Temps-de-Cuisson-et-tempe\u0301rature-pour-les-fours-basses-tempe\u0301ratures.jpg",768,432,false],"large":["https:\/\/www.fourniresto.com\/blog\/wp-content\/uploads\/2014\/11\/Temps-de-Cuisson-et-tempe\u0301rature-pour-les-fours-basses-tempe\u0301ratures-1024x576.jpg",1024,576,true],"1536x1536":["https:\/\/www.fourniresto.com\/blog\/wp-content\/uploads\/2014\/11\/Temps-de-Cuisson-et-tempe\u0301rature-pour-les-fours-basses-tempe\u0301ratures-1536x864.jpg",1536,864,true],"2048x2048":["https:\/\/www.fourniresto.com\/blog\/wp-content\/uploads\/2014\/11\/Temps-de-Cuisson-et-tempe\u0301rature-pour-les-fours-basses-tempe\u0301ratures-2048x1152.jpg",2048,1152,true],"ms_image_size_300":["https:\/\/www.fourniresto.com\/blog\/wp-content\/uploads\/2014\/11\/Temps-de-Cuisson-et-tempe\u0301rature-pour-les-fours-basses-tempe\u0301ratures-300x200.jpg",300,200,true],"post-thumbnail":["https:\/\/www.fourniresto.com\/blog\/wp-content\/uploads\/2014\/11\/Temps-de-Cuisson-et-tempe\u0301rature-pour-les-fours-basses-tempe\u0301ratures-370x208.jpg",370,208,true],"especio-thumb-huge":["https:\/\/www.fourniresto.com\/blog\/wp-content\/uploads\/2014\/11\/Temps-de-Cuisson-et-tempe\u0301rature-pour-les-fours-basses-tempe\u0301ratures-1170x658.jpg",1170,658,true],"especio-thumb-big":["https:\/\/www.fourniresto.com\/blog\/wp-content\/uploads\/2014\/11\/Temps-de-Cuisson-et-tempe\u0301rature-pour-les-fours-basses-tempe\u0301ratures-760x428.jpg",760,428,true],"especio-thumb-med":["https:\/\/www.fourniresto.com\/blog\/wp-content\/uploads\/2014\/11\/Temps-de-Cuisson-et-tempe\u0301rature-pour-les-fours-basses-tempe\u0301ratures-370x208.jpg",370,208,true],"especio-thumb-tiny":["https:\/\/www.fourniresto.com\/blog\/wp-content\/uploads\/2014\/11\/Temps-de-Cuisson-et-tempe\u0301rature-pour-les-fours-basses-tempe\u0301ratures-135x135.jpg",135,135,true],"especio-thumb-masonry-big":["https:\/\/www.fourniresto.com\/blog\/wp-content\/uploads\/2014\/11\/Temps-de-Cuisson-et-tempe\u0301rature-pour-les-fours-basses-tempe\u0301ratures-760x428.jpg",760,428,true],"especio-thumb-masonry":["https:\/\/www.fourniresto.com\/blog\/wp-content\/uploads\/2014\/11\/Temps-de-Cuisson-et-tempe\u0301rature-pour-les-fours-basses-tempe\u0301ratures-370x208.jpg",370,208,true],"especio-thumb-extra":["https:\/\/www.fourniresto.com\/blog\/wp-content\/uploads\/2014\/11\/Temps-de-Cuisson-et-tempe\u0301rature-pour-les-fours-basses-tempe\u0301ratures-570x498.jpg",570,498,true],"especio-thumb-square":["https:\/\/www.fourniresto.com\/blog\/wp-content\/uploads\/2014\/11\/Temps-de-Cuisson-et-tempe\u0301rature-pour-les-fours-basses-tempe\u0301ratures-270x258.jpg",270,258,true],"especio-thumb-plain":["https:\/\/www.fourniresto.com\/blog\/wp-content\/uploads\/2014\/11\/Temps-de-Cuisson-et-tempe\u0301rature-pour-les-fours-basses-tempe\u0301ratures-218x162.jpg",218,162,true],"especio-thumb-list":["https:\/\/www.fourniresto.com\/blog\/wp-content\/uploads\/2014\/11\/Temps-de-Cuisson-et-tempe\u0301rature-pour-les-fours-basses-tempe\u0301ratures-370x275.jpg",370,275,true],"trx_addons-thumb-small":["https:\/\/www.fourniresto.com\/blog\/wp-content\/uploads\/2014\/11\/Temps-de-Cuisson-et-tempe\u0301rature-pour-les-fours-basses-tempe\u0301ratures-270x152.jpg",270,152,true],"trx_addons-thumb-portrait":["https:\/\/www.fourniresto.com\/blog\/wp-content\/uploads\/2014\/11\/Temps-de-Cuisson-et-tempe\u0301rature-pour-les-fours-basses-tempe\u0301ratures-370x493.jpg",370,493,true],"trx_addons-thumb-avatar":["https:\/\/www.fourniresto.com\/blog\/wp-content\/uploads\/2014\/11\/Temps-de-Cuisson-et-tempe\u0301rature-pour-les-fours-basses-tempe\u0301ratures-370x370.jpg",370,370,true]},"uagb_author_info":{"display_name":"Admin","author_link":"https:\/\/www.fourniresto.com\/blog\/author\/admin\/"},"uagb_comment_info":0,"uagb_excerpt":"Bonjour, Comme en ce moment nous travaillons beaucoup sur les fours basse-temp\u00e9rature, nous avons pens\u00e9 qu&#8217;il serait utile de pr\u00e9parer un petit billet de blog avec le tableau des dur\u00e9es&hellip;","_links":{"self":[{"href":"https:\/\/www.fourniresto.com\/blog\/wp-json\/wp\/v2\/posts\/223"}],"collection":[{"href":"https:\/\/www.fourniresto.com\/blog\/wp-json\/wp\/v2\/posts"}],"about":[{"href":"https:\/\/www.fourniresto.com\/blog\/wp-json\/wp\/v2\/types\/post"}],"author":[{"embeddable":true,"href":"https:\/\/www.fourniresto.com\/blog\/wp-json\/wp\/v2\/users\/1"}],"replies":[{"embeddable":true,"href":"https:\/\/www.fourniresto.com\/blog\/wp-json\/wp\/v2\/comments?post=223"}],"version-history":[{"count":2,"href":"https:\/\/www.fourniresto.com\/blog\/wp-json\/wp\/v2\/posts\/223\/revisions"}],"predecessor-version":[{"id":15144,"href":"https:\/\/www.fourniresto.com\/blog\/wp-json\/wp\/v2\/posts\/223\/revisions\/15144"}],"wp:featuredmedia":[{"embeddable":true,"href":"https:\/\/www.fourniresto.com\/blog\/wp-json\/wp\/v2\/media\/15491"}],"wp:attachment":[{"href":"https:\/\/www.fourniresto.com\/blog\/wp-json\/wp\/v2\/media?parent=223"}],"wp:term":[{"taxonomy":"category","embeddable":true,"href":"https:\/\/www.fourniresto.com\/blog\/wp-json\/wp\/v2\/categories?post=223"},{"taxonomy":"post_tag","embeddable":true,"href":"https:\/\/www.fourniresto.com\/blog\/wp-json\/wp\/v2\/tags?post=223"}],"curies":[{"name":"wp","href":"https:\/\/api.w.org\/{rel}","templated":true}]}}