{"id":14165,"date":"2021-10-01T09:00:00","date_gmt":"2021-10-01T07:00:00","guid":{"rendered":"https:\/\/www.fourniresto.com\/blog\/?p=14165"},"modified":"2022-03-18T12:25:03","modified_gmt":"2022-03-18T11:25:03","slug":"journee-internationale-du-cafe-comment-la-celebrer","status":"publish","type":"post","link":"https:\/\/www.fourniresto.com\/blog\/journee-internationale-du-cafe-comment-la-celebrer\/","title":{"rendered":"Journ\u00e9e Internationale du Caf\u00e9 : comment la c\u00e9l\u00e9brer ?"},"content":{"rendered":"\n<p><span style=\"font-weight: 300;\">En ce vendredi 1er octobre, nous f\u00eatons la <\/span><b>Journ\u00e9e Internationale du Caf\u00e9<\/b><span style=\"font-weight: 300;\">. Essentiellement c\u00e9l\u00e9br\u00e9e par les Nord-Am\u00e9ricains tels que les Canadiens, par les Anglais et par tous les pays issus du Commonwealth, cette f\u00eate a pour vocation la promotion du caf\u00e9 sous forme de boisson. Lanc\u00e9e en 2015 par l\u2019Organisation Internationale du Caf\u00e9, elle peut \u00eatre c\u00e9l\u00e9br\u00e9e de diverses mani\u00e8res. Dans ce nouvel article, nous vous proposons de d\u00e9couvrir diff\u00e9rentes fa\u00e7ons d\u2019honorer cette journ\u00e9e internationale !&nbsp;<\/span><\/p>\n<h2><b>Promouvoir le caf\u00e9 \u00e9quitable&nbsp;<\/b><\/h2>\n<p><span style=\"font-weight: 300;\"><img loading=\"lazy\" class=\"alignright  wp-image-14169\" src=\"https:\/\/www.fourniresto.com\/blog\/wp-content\/uploads\/2021\/09\/Grains-de-cafe\u0301-300x300.jpg\" alt=\"Grains de caf\u00e9\" width=\"301\" height=\"301\" srcset=\"https:\/\/www.fourniresto.com\/blog\/wp-content\/uploads\/2021\/09\/Grains-de-cafe\u0301-300x300.jpg 300w, https:\/\/www.fourniresto.com\/blog\/wp-content\/uploads\/2021\/09\/Grains-de-cafe\u0301-150x150.jpg 150w, https:\/\/www.fourniresto.com\/blog\/wp-content\/uploads\/2021\/09\/Grains-de-cafe\u0301-370x370.jpg 370w, https:\/\/www.fourniresto.com\/blog\/wp-content\/uploads\/2021\/09\/Grains-de-cafe\u0301-135x135.jpg 135w, https:\/\/www.fourniresto.com\/blog\/wp-content\/uploads\/2021\/09\/Grains-de-cafe\u0301.jpg 400w\" sizes=\"(max-width: 301px) 100vw, 301px\" \/>La vocation premi\u00e8re de cette Journ\u00e9e Internationale du Caf\u00e9 est de promouvoir le caf\u00e9 \u00e9quitable et de sensibiliser les consommateurs \u00e0 la situation dans laquelle se trouvent les producteurs. Avec plus de <\/span><b>2 milliards de tasses de caf\u00e9 consomm\u00e9es par jour<\/b> <i><span style=\"font-weight: 300;\">(d\u2019apr\u00e8s le site Commerce Equitable France)<\/span><\/i><span style=\"font-weight: 300;\">, le caf\u00e9 est la mati\u00e8re agricole la plus \u00e9chang\u00e9e dans le monde. Pour autant, si les distributeurs voient leurs revenus augmenter gr\u00e2ce \u00e0 cette forte consommation, ce n\u2019est pas le cas des producteurs. Au contraire, ces derniers voient leurs b\u00e9n\u00e9fices largement diminuer. S\u2019ajoutent \u00e0 cela les r\u00e9percussions des d\u00e9r\u00e8glements climatiques qu\u2019ils subissent. Il semble donc essentiel de se tourner vers du commerce \u00e9quitable, et a fortiori du caf\u00e9 \u00e9quitable. Cela leur permettrait non seulement de voir leurs revenus augmenter mais \u00e9galement d\u2019adapter leurs modes de production aux conditions difficiles dans lesquelles ils \u00e9voluent.&nbsp;<\/span><\/p>\n<p><span style=\"font-weight: 300;\">Gr\u00e2ce au commerce \u00e9quitable, les producteurs peuvent s\u2019organiser en coop\u00e9ratives. Ils ne sont donc plus isol\u00e9s et peuvent planifier leur avenir notamment gr\u00e2ce \u00e0 la mise en place d\u2019un syst\u00e8me de prix minimum garanti. En plus de favoriser le d\u00e9veloppement agricole durable, le commerce \u00e9quitable permet aux producteurs de stabiliser leurs revenus, notamment gr\u00e2ce \u00e0 l\u2019entretien de relations commerciales durables.<\/span><\/p>\n<h2><b>Comment choisir du caf\u00e9 \u00e9quitable ?&nbsp;<\/b><\/h2>\n<p><span style=\"font-weight: 300;\"><img loading=\"lazy\" class=\"alignright  wp-image-14171\" src=\"https:\/\/www.fourniresto.com\/blog\/wp-content\/uploads\/2021\/09\/Cafe\u0301-Fairtrade-300x300.jpg\" alt=\"Grains de caf\u00e9 Fairtrade\" width=\"301\" height=\"301\" srcset=\"https:\/\/www.fourniresto.com\/blog\/wp-content\/uploads\/2021\/09\/Cafe\u0301-Fairtrade-300x300.jpg 300w, https:\/\/www.fourniresto.com\/blog\/wp-content\/uploads\/2021\/09\/Cafe\u0301-Fairtrade-150x150.jpg 150w, https:\/\/www.fourniresto.com\/blog\/wp-content\/uploads\/2021\/09\/Cafe\u0301-Fairtrade-370x370.jpg 370w, https:\/\/www.fourniresto.com\/blog\/wp-content\/uploads\/2021\/09\/Cafe\u0301-Fairtrade-135x135.jpg 135w, https:\/\/www.fourniresto.com\/blog\/wp-content\/uploads\/2021\/09\/Cafe\u0301-Fairtrade.jpg 400w\" sizes=\"(max-width: 301px) 100vw, 301px\" \/>Il est d\u00e9sormais tr\u00e8s simple de se tourner vers un caf\u00e9 \u00e9quitable, notamment gr\u00e2ce \u00e0 l\u2019apparition de divers labels bio et \u00e9quitables. Ces derniers figurent g\u00e9n\u00e9ralement sur les emballages du caf\u00e9, vous permettant ainsi de les identifier facilement. Parmi les plus connus se trouvent le <\/span><b>label Bio<\/b><span style=\"font-weight: 300;\"> et le <\/span><b>label Fairtrade<\/b><span style=\"font-weight: 300;\">.&nbsp;<\/span><\/p>\n<p><span style=\"font-weight: 300;\">Si le label bio vous informe que le caf\u00e9 en question n\u2019a pas \u00e9t\u00e9 cultiv\u00e9 avec des pesticides ou de l\u2019engrais de synth\u00e8se, le label Fairtrade, lui, vous donne surtout des indications sur les conditions du producteur. Il indique en effet que le producteur b\u00e9n\u00e9ficie de contrats \u00e0 long terme et, est suffisamment pay\u00e9 pour son activit\u00e9. Par ailleurs, ce label certifie que les activit\u00e9s du producteur sont pr\u00e9financ\u00e9es mais aussi que le prix pay\u00e9 par les acheteurs permet d\u2019am\u00e9liorer leurs conditions de culture.<\/span><\/p>\n<h2><b>C\u00e9l\u00e9brer la Journ\u00e9e Internationale du Caf\u00e9<\/b><\/h2>\n<p><span style=\"font-weight: 300;\">Vous savez d\u00e9sormais tout ce qu\u2019il y a savoir sur cette journ\u00e9e internationale\u2026 ou presque ! Nous vous proposons de d\u00e9couvrir une s\u00e9lection d\u2019\u00e9quipements pour la c\u00e9l\u00e9brer comme il se doit. Vous trouverez, parmi <a href=\"https:\/\/www.fourniresto.com\/405-cafe\">notre s\u00e9lection<\/a>, des <\/span><b>machines \u00e0 caf\u00e9 de bar<\/b><span style=\"font-weight: 300;\">, des <\/span><b>machines \u00e0 caf\u00e9<\/b><span style=\"font-weight: 300;\">, des <\/span><b>percolateurs<\/b><span style=\"font-weight: 300;\">, des <\/span><b>moulins \u00e0 caf\u00e9<\/b><span style=\"font-weight: 300;\"> ainsi que tous les accessoires n\u00e9cessaires \u00e0 la pr\u00e9paration du caf\u00e9. Id\u00e9aux pour les professionnels de la restauration, ces produits vous sont propos\u00e9s \u00e0 des prix d\u00e9fiant toute concurrence ! Parmi notre large s\u00e9lection, vous trouverez :&nbsp;<\/span><\/p>\n<ul>\n<li style=\"font-weight: 300;\" aria-level=\"1\"><span style=\"font-weight: 300;\">La <\/span><a href=\"https:\/\/www.fourniresto.com\/1385-machine-a-cafe-contessa-duo.html\"><span style=\"font-weight: 300;\">Machine \u00e0 Caf\u00e9 &#8211; Contessa Duo<\/span><\/a><span style=\"font-weight: 300;\"> de Bartscher. Cette machine \u00e0 caf\u00e9 filtre comprend deux cafeti\u00e8res thermos d\u2019une contenance de 2 L chacune. Celles-ci conservent la chaleur de votre caf\u00e9 tout au long de votre service. Efficace, elle permet de pr\u00e9parer jusqu\u2019\u00e0 4 L de caf\u00e9 en 8 minutes seulement ! Id\u00e9ale pour les bureaux, les h\u00f4tels, les restaurants ou les collectivit\u00e9s, elle est munie de deux plaques chauffantes afin que vous puissiez pr\u00e9parer davantage de caf\u00e9 en une seule fois. <\/span><span style=\"font-weight: 300;\"><br><br><\/span><\/li>\n<li style=\"font-weight: 300;\" aria-level=\"1\"><span style=\"font-weight: 300;\"><img loading=\"lazy\" class=\"alignright  wp-image-14173\" src=\"https:\/\/www.fourniresto.com\/blog\/wp-content\/uploads\/2021\/09\/Cafe\u0301-et-grains-de-cafe\u0301-moulu-300x300.jpg\" alt=\"Grains de caf\u00e9 et caf\u00e9 moulu\" width=\"301\" height=\"301\" srcset=\"https:\/\/www.fourniresto.com\/blog\/wp-content\/uploads\/2021\/09\/Cafe\u0301-et-grains-de-cafe\u0301-moulu-300x300.jpg 300w, https:\/\/www.fourniresto.com\/blog\/wp-content\/uploads\/2021\/09\/Cafe\u0301-et-grains-de-cafe\u0301-moulu-150x150.jpg 150w, https:\/\/www.fourniresto.com\/blog\/wp-content\/uploads\/2021\/09\/Cafe\u0301-et-grains-de-cafe\u0301-moulu-370x370.jpg 370w, https:\/\/www.fourniresto.com\/blog\/wp-content\/uploads\/2021\/09\/Cafe\u0301-et-grains-de-cafe\u0301-moulu-135x135.jpg 135w, https:\/\/www.fourniresto.com\/blog\/wp-content\/uploads\/2021\/09\/Cafe\u0301-et-grains-de-cafe\u0301-moulu.jpg 400w\" sizes=\"(max-width: 301px) 100vw, 301px\" \/>Le <\/span><a href=\"https:\/\/www.fourniresto.com\/2185-percolateur-a-cafe-110-tasses-filtre-permanent.html\"><span style=\"font-weight: 300;\">Percolateur \u00e0 Caf\u00e9 14 L &#8211; AROMA 110 Tasses &amp; Filtre Permanent<\/span><\/a><span style=\"font-weight: 300;\"> de Alpinox. Enti\u00e8rement con\u00e7u en acier inoxydable avec filtre permanent, ce percolateur professionnel vous permet de servir 110 tasses ! Dot\u00e9 d\u2019une capacit\u00e9 de 14 L, cet appareil comprend un double syst\u00e8me de chauffe. Ainsi, lorsque votre caf\u00e9 est pr\u00eat, il bascule automatiquement en mode \u201cmaintien au chaud\u201d afin de conserver la chaleur de votre boisson tout au long de la journ\u00e9e. <\/span><span style=\"font-weight: 300;\"><br><br><\/span><\/li>\n<li style=\"font-weight: 300;\" aria-level=\"1\"><span style=\"font-weight: 300;\">La <\/span><a href=\"https:\/\/www.fourniresto.com\/2193-machine-a-cafe-professionnelle-lirika-plus.html\"><span style=\"font-weight: 300;\">Machine \u00e0 Caf\u00e9 Professionnelle Lirika Plus<\/span><\/a><span style=\"font-weight: 300;\"> de Saeco. Innovante, cette machine \u00e0 caf\u00e9 saura satisfaire les professionnels de la restauration ! Elle permet de confectionner de d\u00e9licieux caf\u00e9s, notamment gr\u00e2ce \u00e0 son syst\u00e8me de moulin \u00e0 grains de caf\u00e9. Simple d\u2019utilisation, elle est dot\u00e9e d\u2019un large \u00e9cran graphique de 3 couleurs. Elle comprend \u00e9galement un syst\u00e8me de pr\u00e9-infusion, un chauffe-eau de classe A et des moulins en c\u00e9ramique. De quoi pr\u00e9parer un caf\u00e9 digne des expressos italiens ! <\/span><span style=\"font-weight: 300;\"><br><br><\/span><\/li>\n<li style=\"font-weight: 300;\" aria-level=\"1\"><span style=\"font-weight: 300;\">Le <\/span><a href=\"https:\/\/www.fourniresto.com\/240-moulin-a-cafe\"><span style=\"font-weight: 300;\">Moulin \u00e0 Caf\u00e9 Boutique n\u00b043 &#8211; Pince-Sac Silencieux<\/span><\/a><span style=\"font-weight: 300;\"> de Santos. Id\u00e9al pour les professionnels de la restauration, ce moulin permet la distribution de caf\u00e9 moulu frais. Sp\u00e9cialement fabriqu\u00e9 pour une mouture de qualit\u00e9, \u00e0 la fois fine et pr\u00e9cise, il poss\u00e8de des meules horizontales de 63,5 mm de diam\u00e8tre. Tr\u00e8s pl\u00e9biscit\u00e9 par les professionnels, cet appareil comprend un pince-sac d\u2019une hauteur de 360 mm. Il est compatible avec les sacs de 250 gr \u00e0 1 Kg.<\/span><span style=\"font-weight: 300;\"><br><br><\/span><\/li>\n<li style=\"font-weight: 300;\" aria-level=\"1\"><span style=\"font-weight: 300;\">Le <\/span><a href=\"https:\/\/www.fourniresto.com\/3863-presentoir-a-cafe-simple.html\"><span style=\"font-weight: 300;\">Pr\u00e9sentoir \u00e0 Caf\u00e9 Simple<\/span><\/a><span style=\"font-weight: 300;\"> de Bartscher. Id\u00e9al pour les buffets et la vente en libre-service, ce pr\u00e9sentoir est compatible avec toutes les cafeti\u00e8res thermos d\u2019un diam\u00e8tre maximal de 19 cm. Il comprend \u00e9galement 5 compartiments de rangements pour les gobelets, les cuill\u00e8res et spatules, le lait et le sucre. Pratique et ergonomique, il s\u2019adaptera \u00e0 merveille \u00e0 l\u2019espace que vous lui aurez choisi !&nbsp;<\/span><\/li>\n<\/ul>\n<p><span style=\"font-weight: 300;\">Vous avez d\u00e9sormais toutes les clefs en main pour f\u00eater la Journ\u00e9e Internationale du Caf\u00e9 comme il se doit !&nbsp;<\/span><\/p>\n","protected":false},"excerpt":{"rendered":"","protected":false},"author":10,"featured_media":15231,"comment_status":"closed","ping_status":"closed","sticky":false,"template":"","format":"standard","meta":{"content-type":"","_uag_custom_page_level_css":""},"categories":[904],"tags":[],"yoast_head":"<!-- This site is optimized with the Yoast SEO plugin v19.13 - https:\/\/yoast.com\/wordpress\/plugins\/seo\/ -->\n<title>Journ\u00e9e Internationale du Caf\u00e9 : comment la c\u00e9l\u00e9brer ? - Le Blog FourniResto<\/title>\n<meta name=\"robots\" content=\"index, follow, max-snippet:-1, max-image-preview:large, max-video-preview:-1\" \/>\n<link rel=\"canonical\" href=\"https:\/\/www.fourniresto.com\/blog\/journee-internationale-du-cafe-comment-la-celebrer\/\" \/>\n<meta property=\"og:locale\" content=\"fr_FR\" \/>\n<meta property=\"og:type\" content=\"article\" \/>\n<meta property=\"og:title\" content=\"Journ\u00e9e Internationale du Caf\u00e9 : comment la c\u00e9l\u00e9brer ? - Le Blog FourniResto\" \/>\n<meta property=\"og:url\" content=\"https:\/\/www.fourniresto.com\/blog\/journee-internationale-du-cafe-comment-la-celebrer\/\" \/>\n<meta property=\"og:site_name\" content=\"Le Blog FourniResto\" \/>\n<meta property=\"article:published_time\" content=\"2021-10-01T07:00:00+00:00\" \/>\n<meta property=\"article:modified_time\" content=\"2022-03-18T11:25:03+00:00\" \/>\n<meta property=\"og:image\" content=\"https:\/\/www.fourniresto.com\/blog\/wp-content\/uploads\/2021\/10\/Journe\u0301e-Internationale-du-Cafe\u0301-comment-la-ce\u0301le\u0301brer.jpg\" \/>\n\t<meta property=\"og:image:width\" content=\"2240\" \/>\n\t<meta property=\"og:image:height\" content=\"1260\" \/>\n\t<meta property=\"og:image:type\" content=\"image\/jpeg\" \/>\n<meta name=\"author\" content=\"Doriane\" \/>\n<meta name=\"twitter:card\" content=\"summary_large_image\" \/>\n<meta name=\"twitter:label1\" content=\"\u00c9crit par\" \/>\n\t<meta name=\"twitter:data1\" content=\"Doriane\" \/>\n\t<meta name=\"twitter:label2\" content=\"Dur\u00e9e de lecture estim\u00e9e\" \/>\n\t<meta name=\"twitter:data2\" content=\"5 minutes\" \/>\n<script type=\"application\/ld+json\" class=\"yoast-schema-graph\">{\"@context\":\"https:\/\/schema.org\",\"@graph\":[{\"@type\":\"WebPage\",\"@id\":\"https:\/\/www.fourniresto.com\/blog\/journee-internationale-du-cafe-comment-la-celebrer\/\",\"url\":\"https:\/\/www.fourniresto.com\/blog\/journee-internationale-du-cafe-comment-la-celebrer\/\",\"name\":\"Journ\u00e9e Internationale du Caf\u00e9 : comment la c\u00e9l\u00e9brer ? - Le Blog FourniResto\",\"isPartOf\":{\"@id\":\"https:\/\/www.fourniresto.com\/blog\/#website\"},\"datePublished\":\"2021-10-01T07:00:00+00:00\",\"dateModified\":\"2022-03-18T11:25:03+00:00\",\"author\":{\"@id\":\"https:\/\/www.fourniresto.com\/blog\/#\/schema\/person\/eabbbd9c191f563d76261737e9f01b05\"},\"breadcrumb\":{\"@id\":\"https:\/\/www.fourniresto.com\/blog\/journee-internationale-du-cafe-comment-la-celebrer\/#breadcrumb\"},\"inLanguage\":\"fr-FR\",\"potentialAction\":[{\"@type\":\"ReadAction\",\"target\":[\"https:\/\/www.fourniresto.com\/blog\/journee-internationale-du-cafe-comment-la-celebrer\/\"]}]},{\"@type\":\"BreadcrumbList\",\"@id\":\"https:\/\/www.fourniresto.com\/blog\/journee-internationale-du-cafe-comment-la-celebrer\/#breadcrumb\",\"itemListElement\":[{\"@type\":\"ListItem\",\"position\":1,\"name\":\"Accueil\",\"item\":\"https:\/\/www.fourniresto.com\/blog\/\"},{\"@type\":\"ListItem\",\"position\":2,\"name\":\"Journ\u00e9e Internationale du Caf\u00e9 : comment la c\u00e9l\u00e9brer ?\"}]},{\"@type\":\"WebSite\",\"@id\":\"https:\/\/www.fourniresto.com\/blog\/#website\",\"url\":\"https:\/\/www.fourniresto.com\/blog\/\",\"name\":\"Le Blog FourniResto\",\"description\":\"Conseils et actualit\u00e9s sur la Restauration Professionnelle\",\"potentialAction\":[{\"@type\":\"SearchAction\",\"target\":{\"@type\":\"EntryPoint\",\"urlTemplate\":\"https:\/\/www.fourniresto.com\/blog\/?s={search_term_string}\"},\"query-input\":\"required name=search_term_string\"}],\"inLanguage\":\"fr-FR\"},{\"@type\":\"Person\",\"@id\":\"https:\/\/www.fourniresto.com\/blog\/#\/schema\/person\/eabbbd9c191f563d76261737e9f01b05\",\"name\":\"Doriane\",\"description\":\"Passionn\u00e9e de lecture et d'\u00e9criture, j'ai plaisir \u00e0 mettre \u00e0 profit mes comp\u00e9tences et app\u00e9tences au service du blog FourniResto. R\u00e9guli\u00e8rement, je vous fais d\u00e9couvrir de nouveaux restaurants comptant parmi nos clients fid\u00e8les. Ces adresses ne manquent pas de mettre l'eau \u00e0 la bouche \u00e0 la grande mordue de cuisine que je suis. Tr\u00e8s rigoureuse et particuli\u00e8rement int\u00e9ress\u00e9e par l'actualit\u00e9, je me charge \u00e9galement de vous \u00e9clairer sur les lois et normes en vigueur dans le secteur de la restauration.\"}]}<\/script>\n<!-- \/ Yoast SEO plugin. -->","yoast_head_json":{"title":"Journ\u00e9e Internationale du Caf\u00e9 : comment la c\u00e9l\u00e9brer ? - Le Blog FourniResto","robots":{"index":"index","follow":"follow","max-snippet":"max-snippet:-1","max-image-preview":"max-image-preview:large","max-video-preview":"max-video-preview:-1"},"canonical":"https:\/\/www.fourniresto.com\/blog\/journee-internationale-du-cafe-comment-la-celebrer\/","og_locale":"fr_FR","og_type":"article","og_title":"Journ\u00e9e Internationale du Caf\u00e9 : comment la c\u00e9l\u00e9brer ? - Le Blog FourniResto","og_url":"https:\/\/www.fourniresto.com\/blog\/journee-internationale-du-cafe-comment-la-celebrer\/","og_site_name":"Le Blog FourniResto","article_published_time":"2021-10-01T07:00:00+00:00","article_modified_time":"2022-03-18T11:25:03+00:00","og_image":[{"width":2240,"height":1260,"url":"https:\/\/www.fourniresto.com\/blog\/wp-content\/uploads\/2021\/10\/Journe\u0301e-Internationale-du-Cafe\u0301-comment-la-ce\u0301le\u0301brer.jpg","type":"image\/jpeg"}],"author":"Doriane","twitter_card":"summary_large_image","twitter_misc":{"\u00c9crit par":"Doriane","Dur\u00e9e de lecture estim\u00e9e":"5 minutes"},"schema":{"@context":"https:\/\/schema.org","@graph":[{"@type":"WebPage","@id":"https:\/\/www.fourniresto.com\/blog\/journee-internationale-du-cafe-comment-la-celebrer\/","url":"https:\/\/www.fourniresto.com\/blog\/journee-internationale-du-cafe-comment-la-celebrer\/","name":"Journ\u00e9e Internationale du Caf\u00e9 : comment la c\u00e9l\u00e9brer ? - Le Blog FourniResto","isPartOf":{"@id":"https:\/\/www.fourniresto.com\/blog\/#website"},"datePublished":"2021-10-01T07:00:00+00:00","dateModified":"2022-03-18T11:25:03+00:00","author":{"@id":"https:\/\/www.fourniresto.com\/blog\/#\/schema\/person\/eabbbd9c191f563d76261737e9f01b05"},"breadcrumb":{"@id":"https:\/\/www.fourniresto.com\/blog\/journee-internationale-du-cafe-comment-la-celebrer\/#breadcrumb"},"inLanguage":"fr-FR","potentialAction":[{"@type":"ReadAction","target":["https:\/\/www.fourniresto.com\/blog\/journee-internationale-du-cafe-comment-la-celebrer\/"]}]},{"@type":"BreadcrumbList","@id":"https:\/\/www.fourniresto.com\/blog\/journee-internationale-du-cafe-comment-la-celebrer\/#breadcrumb","itemListElement":[{"@type":"ListItem","position":1,"name":"Accueil","item":"https:\/\/www.fourniresto.com\/blog\/"},{"@type":"ListItem","position":2,"name":"Journ\u00e9e Internationale du Caf\u00e9 : comment la c\u00e9l\u00e9brer ?"}]},{"@type":"WebSite","@id":"https:\/\/www.fourniresto.com\/blog\/#website","url":"https:\/\/www.fourniresto.com\/blog\/","name":"Le Blog FourniResto","description":"Conseils et actualit\u00e9s sur la Restauration Professionnelle","potentialAction":[{"@type":"SearchAction","target":{"@type":"EntryPoint","urlTemplate":"https:\/\/www.fourniresto.com\/blog\/?s={search_term_string}"},"query-input":"required name=search_term_string"}],"inLanguage":"fr-FR"},{"@type":"Person","@id":"https:\/\/www.fourniresto.com\/blog\/#\/schema\/person\/eabbbd9c191f563d76261737e9f01b05","name":"Doriane","description":"Passionn\u00e9e de lecture et d'\u00e9criture, j'ai plaisir \u00e0 mettre \u00e0 profit mes comp\u00e9tences et app\u00e9tences au service du blog FourniResto. R\u00e9guli\u00e8rement, je vous fais d\u00e9couvrir de nouveaux restaurants comptant parmi nos clients fid\u00e8les. Ces adresses ne manquent pas de mettre l'eau \u00e0 la bouche \u00e0 la grande mordue de cuisine que je suis. Tr\u00e8s rigoureuse et particuli\u00e8rement int\u00e9ress\u00e9e par l'actualit\u00e9, je me charge \u00e9galement de vous \u00e9clairer sur les lois et normes en vigueur dans le secteur de la restauration."}]}},"uagb_featured_image_src":{"full":["https:\/\/www.fourniresto.com\/blog\/wp-content\/uploads\/2021\/10\/Journe\u0301e-Internationale-du-Cafe\u0301-comment-la-ce\u0301le\u0301brer.jpg",2240,1260,false],"thumbnail":["https:\/\/www.fourniresto.com\/blog\/wp-content\/uploads\/2021\/10\/Journe\u0301e-Internationale-du-Cafe\u0301-comment-la-ce\u0301le\u0301brer-150x150.jpg",150,150,true],"medium":["https:\/\/www.fourniresto.com\/blog\/wp-content\/uploads\/2021\/10\/Journe\u0301e-Internationale-du-Cafe\u0301-comment-la-ce\u0301le\u0301brer-300x169.jpg",300,169,true],"medium_large":["https:\/\/www.fourniresto.com\/blog\/wp-content\/uploads\/2021\/10\/Journe\u0301e-Internationale-du-Cafe\u0301-comment-la-ce\u0301le\u0301brer.jpg",768,432,false],"large":["https:\/\/www.fourniresto.com\/blog\/wp-content\/uploads\/2021\/10\/Journe\u0301e-Internationale-du-Cafe\u0301-comment-la-ce\u0301le\u0301brer-1024x576.jpg",1024,576,true],"1536x1536":["https:\/\/www.fourniresto.com\/blog\/wp-content\/uploads\/2021\/10\/Journe\u0301e-Internationale-du-Cafe\u0301-comment-la-ce\u0301le\u0301brer-1536x864.jpg",1536,864,true],"2048x2048":["https:\/\/www.fourniresto.com\/blog\/wp-content\/uploads\/2021\/10\/Journe\u0301e-Internationale-du-Cafe\u0301-comment-la-ce\u0301le\u0301brer-2048x1152.jpg",2048,1152,true],"ms_image_size_300":["https:\/\/www.fourniresto.com\/blog\/wp-content\/uploads\/2021\/10\/Journe\u0301e-Internationale-du-Cafe\u0301-comment-la-ce\u0301le\u0301brer-300x200.jpg",300,200,true],"post-thumbnail":["https:\/\/www.fourniresto.com\/blog\/wp-content\/uploads\/2021\/10\/Journe\u0301e-Internationale-du-Cafe\u0301-comment-la-ce\u0301le\u0301brer-370x208.jpg",370,208,true],"especio-thumb-huge":["https:\/\/www.fourniresto.com\/blog\/wp-content\/uploads\/2021\/10\/Journe\u0301e-Internationale-du-Cafe\u0301-comment-la-ce\u0301le\u0301brer-1170x658.jpg",1170,658,true],"especio-thumb-big":["https:\/\/www.fourniresto.com\/blog\/wp-content\/uploads\/2021\/10\/Journe\u0301e-Internationale-du-Cafe\u0301-comment-la-ce\u0301le\u0301brer-760x428.jpg",760,428,true],"especio-thumb-med":["https:\/\/www.fourniresto.com\/blog\/wp-content\/uploads\/2021\/10\/Journe\u0301e-Internationale-du-Cafe\u0301-comment-la-ce\u0301le\u0301brer-370x208.jpg",370,208,true],"especio-thumb-tiny":["https:\/\/www.fourniresto.com\/blog\/wp-content\/uploads\/2021\/10\/Journe\u0301e-Internationale-du-Cafe\u0301-comment-la-ce\u0301le\u0301brer-135x135.jpg",135,135,true],"especio-thumb-masonry-big":["https:\/\/www.fourniresto.com\/blog\/wp-content\/uploads\/2021\/10\/Journe\u0301e-Internationale-du-Cafe\u0301-comment-la-ce\u0301le\u0301brer-760x428.jpg",760,428,true],"especio-thumb-masonry":["https:\/\/www.fourniresto.com\/blog\/wp-content\/uploads\/2021\/10\/Journe\u0301e-Internationale-du-Cafe\u0301-comment-la-ce\u0301le\u0301brer-370x208.jpg",370,208,true],"especio-thumb-extra":["https:\/\/www.fourniresto.com\/blog\/wp-content\/uploads\/2021\/10\/Journe\u0301e-Internationale-du-Cafe\u0301-comment-la-ce\u0301le\u0301brer-570x498.jpg",570,498,true],"especio-thumb-square":["https:\/\/www.fourniresto.com\/blog\/wp-content\/uploads\/2021\/10\/Journe\u0301e-Internationale-du-Cafe\u0301-comment-la-ce\u0301le\u0301brer-270x258.jpg",270,258,true],"especio-thumb-plain":["https:\/\/www.fourniresto.com\/blog\/wp-content\/uploads\/2021\/10\/Journe\u0301e-Internationale-du-Cafe\u0301-comment-la-ce\u0301le\u0301brer-218x162.jpg",218,162,true],"especio-thumb-list":["https:\/\/www.fourniresto.com\/blog\/wp-content\/uploads\/2021\/10\/Journe\u0301e-Internationale-du-Cafe\u0301-comment-la-ce\u0301le\u0301brer-370x275.jpg",370,275,true],"trx_addons-thumb-small":["https:\/\/www.fourniresto.com\/blog\/wp-content\/uploads\/2021\/10\/Journe\u0301e-Internationale-du-Cafe\u0301-comment-la-ce\u0301le\u0301brer-270x152.jpg",270,152,true],"trx_addons-thumb-portrait":["https:\/\/www.fourniresto.com\/blog\/wp-content\/uploads\/2021\/10\/Journe\u0301e-Internationale-du-Cafe\u0301-comment-la-ce\u0301le\u0301brer-370x493.jpg",370,493,true],"trx_addons-thumb-avatar":["https:\/\/www.fourniresto.com\/blog\/wp-content\/uploads\/2021\/10\/Journe\u0301e-Internationale-du-Cafe\u0301-comment-la-ce\u0301le\u0301brer-370x370.jpg",370,370,true]},"uagb_author_info":{"display_name":"Doriane","author_link":"https:\/\/www.fourniresto.com\/blog\/author\/doriane\/"},"uagb_comment_info":0,"uagb_excerpt":null,"_links":{"self":[{"href":"https:\/\/www.fourniresto.com\/blog\/wp-json\/wp\/v2\/posts\/14165"}],"collection":[{"href":"https:\/\/www.fourniresto.com\/blog\/wp-json\/wp\/v2\/posts"}],"about":[{"href":"https:\/\/www.fourniresto.com\/blog\/wp-json\/wp\/v2\/types\/post"}],"author":[{"embeddable":true,"href":"https:\/\/www.fourniresto.com\/blog\/wp-json\/wp\/v2\/users\/10"}],"replies":[{"embeddable":true,"href":"https:\/\/www.fourniresto.com\/blog\/wp-json\/wp\/v2\/comments?post=14165"}],"version-history":[{"count":7,"href":"https:\/\/www.fourniresto.com\/blog\/wp-json\/wp\/v2\/posts\/14165\/revisions"}],"predecessor-version":[{"id":15913,"href":"https:\/\/www.fourniresto.com\/blog\/wp-json\/wp\/v2\/posts\/14165\/revisions\/15913"}],"wp:featuredmedia":[{"embeddable":true,"href":"https:\/\/www.fourniresto.com\/blog\/wp-json\/wp\/v2\/media\/15231"}],"wp:attachment":[{"href":"https:\/\/www.fourniresto.com\/blog\/wp-json\/wp\/v2\/media?parent=14165"}],"wp:term":[{"taxonomy":"category","embeddable":true,"href":"https:\/\/www.fourniresto.com\/blog\/wp-json\/wp\/v2\/categories?post=14165"},{"taxonomy":"post_tag","embeddable":true,"href":"https:\/\/www.fourniresto.com\/blog\/wp-json\/wp\/v2\/tags?post=14165"}],"curies":[{"name":"wp","href":"https:\/\/api.w.org\/{rel}","templated":true}]}}