{"id":12122,"date":"2020-11-20T16:07:40","date_gmt":"2020-11-20T15:07:40","guid":{"rendered":"https:\/\/www.fourniresto.com\/blog\/?p=12122"},"modified":"2022-03-08T12:07:50","modified_gmt":"2022-03-08T11:07:50","slug":"bien-choisir-son-micro-ondes","status":"publish","type":"post","link":"https:\/\/www.fourniresto.com\/blog\/bien-choisir-son-micro-ondes\/","title":{"rendered":"Bien choisir son micro-ondes"},"content":{"rendered":"\n<p class=\"p1\"><span class=\"s1\">Nous ne vous apprenons rien, le four micro-ondes est un indispensable pour tout professionnel de la restauration mais aussi pour les particuliers. Il est donc imp\u00e9ratif de choisir l\u2019\u00e9quipement adapt\u00e9 \u00e0 l\u2019usage que l\u2019on souhaite en faire. Pour ce faire, nous vous proposons un petit guide pratique pour bien choisir son micro-ondes professionnel. Ce dernier est plus puissant qu\u2019un four \u00e0 micro-ondes traditionnel et dispose de syst\u00e8mes de s\u00e9curit\u00e9 suppl\u00e9mentaires. Il est donc important de le choisir correctement selon divers param\u00e8tres que nous vous expliquons aujourd\u2019hui.<\/span><\/p>\n<h2 class=\"p3\"><span class=\"s1\"><b>Selon votre utilisation <\/b><\/span><\/h2>\n<p class=\"p1\"><span class=\"s1\">Pour choisir le bon micro-ondes, il n\u00e9cessaire de savoir pr\u00e9cis\u00e9ment ce que l\u2019on souhaite faire avec. Est-ce que vous voulez seulement r\u00e9chauffer ou d\u00e9congeler vos plats ? Est-ce que vous allez r\u00e9aliser un poulet r\u00f4ti ? Tant de questions auxquelles il faut r\u00e9pondre avant de se lancer dans l\u2019achat de ce genre d\u2019\u00e9quipement. En effet, il existe diff\u00e9rents types de micro-ondes, chacun dot\u00e9 de fonctions vari\u00e9es. Ainsi, vous trouverez principalement trois types de four \u00e0 micro-ondes sur le march\u00e9 : le classique, le grill et le combin\u00e9. <\/span><\/p>\n<p class=\"p1\"><span class=\"s1\">Le <b>four \u00e0 micro-ondes classique<\/b> est le plus utilis\u00e9 par les particuliers. Il s\u2019agit \u00e9galement des moins chers du march\u00e9 parce que leurs fonctionnalit\u00e9s sont limit\u00e9es. Celui-ci est en effet parfaitement adapt\u00e9 si vous souhaitez r\u00e9chauffer vos plats tout en adaptant la puissance et la minuterie de votre four \u00e0 micro-ondes. Il permet \u00e9galement de d\u00e9congeler des plats et, est souvent c\u00f4t\u00e9 de fonctions suppl\u00e9mentaires comme la cuisson vapeur par exemple. <\/span><\/p>\n<p class=\"p1\"><span class=\"s1\">Le <b>four \u00e0 micro-ondes grill<\/b>, lui, est id\u00e9al si vous souhaitez dorer vos plats ou vos g\u00e2teaux. Il peut s\u2019utiliser de trois mani\u00e8res diff\u00e9rentes : en micro-ondes seul, en micro-ondes et grill ou seulement en grill. Par ailleurs, il vous permet de cuire des pizzas ou tout type de plats peu \u00e9pais. <\/span><\/p>\n<p class=\"p1\"><span class=\"s1\">Enfin, le <b>four \u00e0 micro-ondes combin\u00e9<\/b> est celui qui vous offre le plus de possibilit\u00e9. Comme son nom l\u2019indique, il combine les fonctionnalit\u00e9s d\u2019un micro-ondes classique et d\u2019un four traditionnel. Il vous permet donc de r\u00e9aliser de la vraie cuisine de chef comme des plats, des poulets r\u00f4tis ou encore des g\u00e2teaux. Dot\u00e9 de la chaleur puls\u00e9e et d\u2019une r\u00e9sistance sur la vo\u00fbte, il fonctionne \u00e0 chaleur tournante. <\/span><\/p>\n<h2 class=\"p3\"><span class=\"s1\"><b>Selon la capacit\u00e9 <\/b><\/span><\/h2>\n<p class=\"p1\"><span class=\"s1\">Autre param\u00e8tre \u00e0 prendre en compte dans votre choix de four \u00e0 micro-ondes : sa capacit\u00e9. Celle-ci est d\u00e9finie en fonction de la taille du plateau tournant. Ce dernier peut osciller entre 27 \u00e0 40 cm de diam\u00e8tre ce qui, dans tous les cas, est id\u00e9al pour r\u00e9chauffer des plats ou des assiettes. Mais l\u00e0 encore, il vous faudra savoir ce que vous souhaitez concocter comme types de plats. Est-ce que vous r\u00e9chauffez des mono-portions ou portions individuelles ? Ou plut\u00f4t de grands plats ? Certains \u00e9quipements sont dot\u00e9s d\u2019une fonctionnalit\u00e9 permettant de bloquer ou de suspendre la rotation du plateau. Vous pourrez alors placer dans votre four \u00e0 micro-ondes des plats rectangulaires ou carr\u00e9s de plus grande quantit\u00e9. Ainsi, si vous avez la n\u00e9cessit\u00e9 de pr\u00e9parer de grands plats, optez pour un four \u00e0 micro-ondes avec un grand plateau tournant qui peut \u00eatre bloqu\u00e9.<\/span><\/p>\n<h2 class=\"p3\"><span class=\"s1\"><b>Avec ou sans grill <\/b><\/span><\/h2>\n<p class=\"p1\"><span class=\"s1\"><img loading=\"lazy\" class=\" wp-image-12125 alignright\" src=\"https:\/\/www.fourniresto.com\/blog\/wp-content\/uploads\/2020\/11\/poulet-roti.jpg\" alt=\"Poulet r\u00f4ti dor\u00e9\" width=\"301\" height=\"301\" srcset=\"https:\/\/www.fourniresto.com\/blog\/wp-content\/uploads\/2020\/11\/poulet-roti.jpg 400w, https:\/\/www.fourniresto.com\/blog\/wp-content\/uploads\/2020\/11\/poulet-roti-300x300.jpg 300w, https:\/\/www.fourniresto.com\/blog\/wp-content\/uploads\/2020\/11\/poulet-roti-150x150.jpg 150w, https:\/\/www.fourniresto.com\/blog\/wp-content\/uploads\/2020\/11\/poulet-roti-370x370.jpg 370w, https:\/\/www.fourniresto.com\/blog\/wp-content\/uploads\/2020\/11\/poulet-roti-135x135.jpg 135w\" sizes=\"(max-width: 301px) 100vw, 301px\" \/>Certains appareils sont dot\u00e9s de la fonction grill, un programme qui peut \u00eatre tr\u00e8s int\u00e9ressant suivant les plats pr\u00e9par\u00e9s. En effet, la fonctionnalit\u00e9 grill permet de faire dorer diff\u00e9rents types d\u2019aliments, ajoutant ainsi une texture plus craquante et croustillante. Elle vous permet \u00e9galement de r\u00e9aliser des pizzas et de cuire certains types de plats peu \u00e9pais. Par ailleurs, le four a micro-ondes grill dispose de nombreux avantages dont la pr\u00e9servation des sels min\u00e9raux et vitamines contenus dans les aliments que vous cuisinez. Bien qu\u2019un peu plus \u00e9nergivore qu\u2019un micro-onde classique, il vous \u00e9vite l\u2019achat d\u2019un four traditionnel beaucoup plus consommant. <\/span><\/p>\n<p class=\"p1\"><span class=\"s1\">Alors, avec ou sans grill ? Encore une fois, cela d\u00e9pend de l\u2019utilisation que vous souhaitez en faire. La fonctionnalit\u00e9 grill est tout de m\u00eame tr\u00e8s int\u00e9ressante et vous permet de varier les modes de cuisson. Mais si vous cherchez seulement \u00e0 r\u00e9chauffer et d\u00e9congeler des plats, un micro-ondes classique fera l\u2019affaire. <\/span><\/p>\n<h2 class=\"p3\"><span class=\"s1\"><b>Nos marques de micro-ondes <\/b><\/span><\/h2>\n<p class=\"p3\"><span class=\"s1\">Chez FourniResto, nous savons que le choix d\u2019un bon mat\u00e9riel pour les restaurateurs est essentiel. C\u2019est la raison pour laquelle nous s\u00e9lectionnons avec attention des \u00e9quipements de qualit\u00e9 et de marque reconnues dans le monde de la restauration. Parmi nos marques de <a href=\"https:\/\/www.fourniresto.com\/35-four-micro-ondes\"><span class=\"s2\">fours micro-ondes professionnels<\/span><\/a>, retrouvez : <\/span><\/p>\n<ul class=\"ul1\">\n<li style=\"list-style-type: none;\">\n<ul class=\"ul1\">\n<li class=\"li1\"><span class=\"s1\"><b>Bartscher<\/b> : tr\u00e8s demand\u00e9s par les professionnels de la restauration, les fours micro-ondes Bartscher sont puissants (de 900 \u00e0 1850 W). Nous vous proposons des fours classiques, certains dot\u00e9s de la fonction grill, et des fours professionnels. Vous ne serez pas d\u00e9\u00e7u ! <\/span><\/li>\n<\/ul>\n<\/li>\n<\/ul>\n<ul class=\"ul1\">\n<li style=\"list-style-type: none;\">\n<ul class=\"ul1\">\n<li class=\"li1\"><span class=\"s1\"><b>Menumaster<\/b> : nous vous proposons des micro-ondes digitaux, m\u00e9caniques, \u00e0 convection ou combin\u00e9s. Vous trouverez \u00e9galement un micro-ondes sp\u00e9cialement con\u00e7us pour les caf\u00e9t\u00e9rias. Puissants et robustes, ils r\u00e9pondront \u00e0 vos attentes. <\/span><\/li>\n<\/ul>\n<\/li>\n<\/ul>\n<ul class=\"ul1\">\n<li style=\"list-style-type: none;\">\n<ul class=\"ul1\">\n<li class=\"li1\"><span class=\"s1\"><b>Panasonic<\/b> : les micro-ondes professionnels que nous vous proposons sont dot\u00e9s de deux \u00e9tages pour une cuisson optimale et un gain de temps consid\u00e9rable. Parfaitement adapt\u00e9s \u00e0 un usage intensif, ils sont tr\u00e8s puissants et conviennent aux professionnels de la restauration.<\/span><\/li>\n<\/ul>\n<\/li>\n<\/ul>\n<ul class=\"ul1\">\n<li style=\"list-style-type: none;\">\n<ul class=\"ul1\">\n<li class=\"li1\"><span class=\"s1\"><b>Imp\u00e9rial<\/b> : programmable de mani\u00e8re digitale, le micro-onde professionnel d\u2019Imp\u00e9rial que nous proposons vous permet de param\u00e9trer jusqu\u2019\u00e0 20 r\u00e9glages de menus. Il est id\u00e9al pour les restaurateurs. <\/span><\/li>\n<\/ul>\n<\/li>\n<\/ul>\n<p class=\"p1\"><span class=\"s1\">Vous disposez d\u00e9sormais de tous les \u00e9l\u00e9ments n\u00e9cessaires pour choisir convenablement le four \u00e0 micro-ondes qu\u2019il vous faut alors \u00e0 vous de jouer ! <\/span><\/p>\n","protected":false},"excerpt":{"rendered":"","protected":false},"author":12,"featured_media":15319,"comment_status":"closed","ping_status":"closed","sticky":false,"template":"","format":"standard","meta":{"content-type":"","_uag_custom_page_level_css":""},"categories":[909],"tags":[],"yoast_head":"<!-- This site is optimized with the Yoast SEO plugin v19.13 - https:\/\/yoast.com\/wordpress\/plugins\/seo\/ -->\n<title>Bien choisir son micro-ondes - Le Blog FourniResto<\/title>\n<meta name=\"robots\" content=\"index, follow, max-snippet:-1, max-image-preview:large, max-video-preview:-1\" \/>\n<link rel=\"canonical\" href=\"https:\/\/www.fourniresto.com\/blog\/bien-choisir-son-micro-ondes\/\" \/>\n<meta property=\"og:locale\" content=\"fr_FR\" \/>\n<meta property=\"og:type\" content=\"article\" \/>\n<meta property=\"og:title\" content=\"Bien choisir son micro-ondes - Le Blog FourniResto\" \/>\n<meta property=\"og:url\" content=\"https:\/\/www.fourniresto.com\/blog\/bien-choisir-son-micro-ondes\/\" \/>\n<meta property=\"og:site_name\" content=\"Le Blog FourniResto\" \/>\n<meta property=\"article:published_time\" content=\"2020-11-20T15:07:40+00:00\" \/>\n<meta property=\"article:modified_time\" content=\"2022-03-08T11:07:50+00:00\" \/>\n<meta property=\"og:image\" content=\"https:\/\/www.fourniresto.com\/blog\/wp-content\/uploads\/2020\/11\/Bien-choisir-son-micro-ondes-1.jpg\" \/>\n\t<meta property=\"og:image:width\" content=\"2240\" \/>\n\t<meta property=\"og:image:height\" content=\"1260\" \/>\n\t<meta property=\"og:image:type\" content=\"image\/jpeg\" \/>\n<meta name=\"author\" content=\"Yohann\" \/>\n<meta name=\"twitter:card\" content=\"summary_large_image\" \/>\n<meta name=\"twitter:label1\" content=\"\u00c9crit par\" \/>\n\t<meta name=\"twitter:data1\" content=\"Yohann\" \/>\n\t<meta name=\"twitter:label2\" content=\"Dur\u00e9e de lecture estim\u00e9e\" \/>\n\t<meta name=\"twitter:data2\" content=\"5 minutes\" \/>\n<script type=\"application\/ld+json\" class=\"yoast-schema-graph\">{\"@context\":\"https:\/\/schema.org\",\"@graph\":[{\"@type\":\"WebPage\",\"@id\":\"https:\/\/www.fourniresto.com\/blog\/bien-choisir-son-micro-ondes\/\",\"url\":\"https:\/\/www.fourniresto.com\/blog\/bien-choisir-son-micro-ondes\/\",\"name\":\"Bien choisir son micro-ondes - Le Blog FourniResto\",\"isPartOf\":{\"@id\":\"https:\/\/www.fourniresto.com\/blog\/#website\"},\"datePublished\":\"2020-11-20T15:07:40+00:00\",\"dateModified\":\"2022-03-08T11:07:50+00:00\",\"author\":{\"@id\":\"https:\/\/www.fourniresto.com\/blog\/#\/schema\/person\/286933d87637fae2e094bae682e53b9e\"},\"breadcrumb\":{\"@id\":\"https:\/\/www.fourniresto.com\/blog\/bien-choisir-son-micro-ondes\/#breadcrumb\"},\"inLanguage\":\"fr-FR\",\"potentialAction\":[{\"@type\":\"ReadAction\",\"target\":[\"https:\/\/www.fourniresto.com\/blog\/bien-choisir-son-micro-ondes\/\"]}]},{\"@type\":\"BreadcrumbList\",\"@id\":\"https:\/\/www.fourniresto.com\/blog\/bien-choisir-son-micro-ondes\/#breadcrumb\",\"itemListElement\":[{\"@type\":\"ListItem\",\"position\":1,\"name\":\"Accueil\",\"item\":\"https:\/\/www.fourniresto.com\/blog\/\"},{\"@type\":\"ListItem\",\"position\":2,\"name\":\"Bien choisir son micro-ondes\"}]},{\"@type\":\"WebSite\",\"@id\":\"https:\/\/www.fourniresto.com\/blog\/#website\",\"url\":\"https:\/\/www.fourniresto.com\/blog\/\",\"name\":\"Le Blog FourniResto\",\"description\":\"Conseils et actualit\u00e9s sur la Restauration Professionnelle\",\"potentialAction\":[{\"@type\":\"SearchAction\",\"target\":{\"@type\":\"EntryPoint\",\"urlTemplate\":\"https:\/\/www.fourniresto.com\/blog\/?s={search_term_string}\"},\"query-input\":\"required name=search_term_string\"}],\"inLanguage\":\"fr-FR\"},{\"@type\":\"Person\",\"@id\":\"https:\/\/www.fourniresto.com\/blog\/#\/schema\/person\/286933d87637fae2e094bae682e53b9e\",\"name\":\"Yohann\",\"description\":\"Depuis quelques mois maintenant, je r\u00e9dige des articles pour ce blog. Les questions environnementales et \u00e9cologiques me touchent particuli\u00e8rement, c'est pourquoi j'ai \u00e0 c\u0153ur de partager mes connaissances \u00e0 ce sujet afin de sensibiliser au maximum le public. Je suis \u00e9galement charg\u00e9 de r\u00e9diger les articles dits \\\"techniques\\\" pour le blog FourniResto.com.\"}]}<\/script>\n<!-- \/ Yoast SEO plugin. -->","yoast_head_json":{"title":"Bien choisir son micro-ondes - Le Blog FourniResto","robots":{"index":"index","follow":"follow","max-snippet":"max-snippet:-1","max-image-preview":"max-image-preview:large","max-video-preview":"max-video-preview:-1"},"canonical":"https:\/\/www.fourniresto.com\/blog\/bien-choisir-son-micro-ondes\/","og_locale":"fr_FR","og_type":"article","og_title":"Bien choisir son micro-ondes - Le Blog FourniResto","og_url":"https:\/\/www.fourniresto.com\/blog\/bien-choisir-son-micro-ondes\/","og_site_name":"Le Blog FourniResto","article_published_time":"2020-11-20T15:07:40+00:00","article_modified_time":"2022-03-08T11:07:50+00:00","og_image":[{"width":2240,"height":1260,"url":"https:\/\/www.fourniresto.com\/blog\/wp-content\/uploads\/2020\/11\/Bien-choisir-son-micro-ondes-1.jpg","type":"image\/jpeg"}],"author":"Yohann","twitter_card":"summary_large_image","twitter_misc":{"\u00c9crit par":"Yohann","Dur\u00e9e de lecture estim\u00e9e":"5 minutes"},"schema":{"@context":"https:\/\/schema.org","@graph":[{"@type":"WebPage","@id":"https:\/\/www.fourniresto.com\/blog\/bien-choisir-son-micro-ondes\/","url":"https:\/\/www.fourniresto.com\/blog\/bien-choisir-son-micro-ondes\/","name":"Bien choisir son micro-ondes - Le Blog FourniResto","isPartOf":{"@id":"https:\/\/www.fourniresto.com\/blog\/#website"},"datePublished":"2020-11-20T15:07:40+00:00","dateModified":"2022-03-08T11:07:50+00:00","author":{"@id":"https:\/\/www.fourniresto.com\/blog\/#\/schema\/person\/286933d87637fae2e094bae682e53b9e"},"breadcrumb":{"@id":"https:\/\/www.fourniresto.com\/blog\/bien-choisir-son-micro-ondes\/#breadcrumb"},"inLanguage":"fr-FR","potentialAction":[{"@type":"ReadAction","target":["https:\/\/www.fourniresto.com\/blog\/bien-choisir-son-micro-ondes\/"]}]},{"@type":"BreadcrumbList","@id":"https:\/\/www.fourniresto.com\/blog\/bien-choisir-son-micro-ondes\/#breadcrumb","itemListElement":[{"@type":"ListItem","position":1,"name":"Accueil","item":"https:\/\/www.fourniresto.com\/blog\/"},{"@type":"ListItem","position":2,"name":"Bien choisir son micro-ondes"}]},{"@type":"WebSite","@id":"https:\/\/www.fourniresto.com\/blog\/#website","url":"https:\/\/www.fourniresto.com\/blog\/","name":"Le Blog FourniResto","description":"Conseils et actualit\u00e9s sur la Restauration Professionnelle","potentialAction":[{"@type":"SearchAction","target":{"@type":"EntryPoint","urlTemplate":"https:\/\/www.fourniresto.com\/blog\/?s={search_term_string}"},"query-input":"required name=search_term_string"}],"inLanguage":"fr-FR"},{"@type":"Person","@id":"https:\/\/www.fourniresto.com\/blog\/#\/schema\/person\/286933d87637fae2e094bae682e53b9e","name":"Yohann","description":"Depuis quelques mois maintenant, je r\u00e9dige des articles pour ce blog. Les questions environnementales et \u00e9cologiques me touchent particuli\u00e8rement, c'est pourquoi j'ai \u00e0 c\u0153ur de partager mes connaissances \u00e0 ce sujet afin de sensibiliser au maximum le public. Je suis \u00e9galement charg\u00e9 de r\u00e9diger les articles dits \"techniques\" pour le blog FourniResto.com."}]}},"uagb_featured_image_src":{"full":["https:\/\/www.fourniresto.com\/blog\/wp-content\/uploads\/2020\/11\/Bien-choisir-son-micro-ondes-1.jpg",2240,1260,false],"thumbnail":["https:\/\/www.fourniresto.com\/blog\/wp-content\/uploads\/2020\/11\/Bien-choisir-son-micro-ondes-1-150x150.jpg",150,150,true],"medium":["https:\/\/www.fourniresto.com\/blog\/wp-content\/uploads\/2020\/11\/Bien-choisir-son-micro-ondes-1-300x169.jpg",300,169,true],"medium_large":["https:\/\/www.fourniresto.com\/blog\/wp-content\/uploads\/2020\/11\/Bien-choisir-son-micro-ondes-1.jpg",768,432,false],"large":["https:\/\/www.fourniresto.com\/blog\/wp-content\/uploads\/2020\/11\/Bien-choisir-son-micro-ondes-1-1024x576.jpg",1024,576,true],"1536x1536":["https:\/\/www.fourniresto.com\/blog\/wp-content\/uploads\/2020\/11\/Bien-choisir-son-micro-ondes-1-1536x864.jpg",1536,864,true],"2048x2048":["https:\/\/www.fourniresto.com\/blog\/wp-content\/uploads\/2020\/11\/Bien-choisir-son-micro-ondes-1-2048x1152.jpg",2048,1152,true],"ms_image_size_300":["https:\/\/www.fourniresto.com\/blog\/wp-content\/uploads\/2020\/11\/Bien-choisir-son-micro-ondes-1-300x200.jpg",300,200,true],"post-thumbnail":["https:\/\/www.fourniresto.com\/blog\/wp-content\/uploads\/2020\/11\/Bien-choisir-son-micro-ondes-1-370x208.jpg",370,208,true],"especio-thumb-huge":["https:\/\/www.fourniresto.com\/blog\/wp-content\/uploads\/2020\/11\/Bien-choisir-son-micro-ondes-1-1170x658.jpg",1170,658,true],"especio-thumb-big":["https:\/\/www.fourniresto.com\/blog\/wp-content\/uploads\/2020\/11\/Bien-choisir-son-micro-ondes-1-760x428.jpg",760,428,true],"especio-thumb-med":["https:\/\/www.fourniresto.com\/blog\/wp-content\/uploads\/2020\/11\/Bien-choisir-son-micro-ondes-1-370x208.jpg",370,208,true],"especio-thumb-tiny":["https:\/\/www.fourniresto.com\/blog\/wp-content\/uploads\/2020\/11\/Bien-choisir-son-micro-ondes-1-135x135.jpg",135,135,true],"especio-thumb-masonry-big":["https:\/\/www.fourniresto.com\/blog\/wp-content\/uploads\/2020\/11\/Bien-choisir-son-micro-ondes-1-760x428.jpg",760,428,true],"especio-thumb-masonry":["https:\/\/www.fourniresto.com\/blog\/wp-content\/uploads\/2020\/11\/Bien-choisir-son-micro-ondes-1-370x208.jpg",370,208,true],"especio-thumb-extra":["https:\/\/www.fourniresto.com\/blog\/wp-content\/uploads\/2020\/11\/Bien-choisir-son-micro-ondes-1-570x498.jpg",570,498,true],"especio-thumb-square":["https:\/\/www.fourniresto.com\/blog\/wp-content\/uploads\/2020\/11\/Bien-choisir-son-micro-ondes-1-270x258.jpg",270,258,true],"especio-thumb-plain":["https:\/\/www.fourniresto.com\/blog\/wp-content\/uploads\/2020\/11\/Bien-choisir-son-micro-ondes-1-218x162.jpg",218,162,true],"especio-thumb-list":["https:\/\/www.fourniresto.com\/blog\/wp-content\/uploads\/2020\/11\/Bien-choisir-son-micro-ondes-1-370x275.jpg",370,275,true],"trx_addons-thumb-small":["https:\/\/www.fourniresto.com\/blog\/wp-content\/uploads\/2020\/11\/Bien-choisir-son-micro-ondes-1-270x152.jpg",270,152,true],"trx_addons-thumb-portrait":["https:\/\/www.fourniresto.com\/blog\/wp-content\/uploads\/2020\/11\/Bien-choisir-son-micro-ondes-1-370x493.jpg",370,493,true],"trx_addons-thumb-avatar":["https:\/\/www.fourniresto.com\/blog\/wp-content\/uploads\/2020\/11\/Bien-choisir-son-micro-ondes-1-370x370.jpg",370,370,true]},"uagb_author_info":{"display_name":"Yohann","author_link":"https:\/\/www.fourniresto.com\/blog\/author\/yohann\/"},"uagb_comment_info":0,"uagb_excerpt":null,"_links":{"self":[{"href":"https:\/\/www.fourniresto.com\/blog\/wp-json\/wp\/v2\/posts\/12122"}],"collection":[{"href":"https:\/\/www.fourniresto.com\/blog\/wp-json\/wp\/v2\/posts"}],"about":[{"href":"https:\/\/www.fourniresto.com\/blog\/wp-json\/wp\/v2\/types\/post"}],"author":[{"embeddable":true,"href":"https:\/\/www.fourniresto.com\/blog\/wp-json\/wp\/v2\/users\/12"}],"replies":[{"embeddable":true,"href":"https:\/\/www.fourniresto.com\/blog\/wp-json\/wp\/v2\/comments?post=12122"}],"version-history":[{"count":4,"href":"https:\/\/www.fourniresto.com\/blog\/wp-json\/wp\/v2\/posts\/12122\/revisions"}],"predecessor-version":[{"id":12913,"href":"https:\/\/www.fourniresto.com\/blog\/wp-json\/wp\/v2\/posts\/12122\/revisions\/12913"}],"wp:featuredmedia":[{"embeddable":true,"href":"https:\/\/www.fourniresto.com\/blog\/wp-json\/wp\/v2\/media\/15319"}],"wp:attachment":[{"href":"https:\/\/www.fourniresto.com\/blog\/wp-json\/wp\/v2\/media?parent=12122"}],"wp:term":[{"taxonomy":"category","embeddable":true,"href":"https:\/\/www.fourniresto.com\/blog\/wp-json\/wp\/v2\/categories?post=12122"},{"taxonomy":"post_tag","embeddable":true,"href":"https:\/\/www.fourniresto.com\/blog\/wp-json\/wp\/v2\/tags?post=12122"}],"curies":[{"name":"wp","href":"https:\/\/api.w.org\/{rel}","templated":true}]}}