{"id":12042,"date":"2020-11-17T11:24:38","date_gmt":"2020-11-17T10:24:38","guid":{"rendered":"https:\/\/www.fourniresto.com\/blog\/?p=12042"},"modified":"2022-03-09T10:15:48","modified_gmt":"2022-03-09T09:15:48","slug":"combien-de-temps-faut-il-pour-cuire-des-frites","status":"publish","type":"post","link":"https:\/\/www.fourniresto.com\/blog\/combien-de-temps-faut-il-pour-cuire-des-frites\/","title":{"rendered":"Combien de temps faut-il pour cuire des frites ?"},"content":{"rendered":"\n<p class=\"p1\"><span class=\"s1\">Les frites, tr\u00e8s pl\u00e9biscit\u00e9es par les consommateurs, sont un v\u00e9ritable incontournable de la restauration. En effet, chaque ann\u00e9e, sa consommation mondiale s\u2019\u00e9l\u00e8ve \u00e0 plus de 11 milliards de kg soit environ 350 kg chaque seconde. Avec de telles quantit\u00e9s, il n\u2019est pas \u00e9tonnant qu\u2019elles soient propos\u00e9es dans bon nombre d\u2019\u00e9tablissements. Mais quelle est la meilleure fa\u00e7on de les faire ? Et surtout, combien de temps faut-il les cuire ? Tant de questions auxquelles nous vous r\u00e9pondons aujourd\u2019hui. <\/span><\/p>\n<h2 class=\"p1\"><span class=\"s1\"><b>La technique de la double cuisson <\/b><\/span><\/h2>\n<p class=\"p1\"><span class=\"s1\"><img loading=\"lazy\" class=\" wp-image-12045 alignleft\" src=\"https:\/\/www.fourniresto.com\/blog\/wp-content\/uploads\/2020\/11\/Frites-dans-une-friteuse.jpg\" alt=\"Frites r\u00e9alis\u00e9es dans une friteuse\" width=\"301\" height=\"301\" srcset=\"https:\/\/www.fourniresto.com\/blog\/wp-content\/uploads\/2020\/11\/Frites-dans-une-friteuse.jpg 400w, https:\/\/www.fourniresto.com\/blog\/wp-content\/uploads\/2020\/11\/Frites-dans-une-friteuse-300x300.jpg 300w, https:\/\/www.fourniresto.com\/blog\/wp-content\/uploads\/2020\/11\/Frites-dans-une-friteuse-150x150.jpg 150w, https:\/\/www.fourniresto.com\/blog\/wp-content\/uploads\/2020\/11\/Frites-dans-une-friteuse-370x370.jpg 370w, https:\/\/www.fourniresto.com\/blog\/wp-content\/uploads\/2020\/11\/Frites-dans-une-friteuse-135x135.jpg 135w\" sizes=\"(max-width: 301px) 100vw, 301px\" \/>Si vous ne connaissez pas encore cette m\u00e9thode de cuisson, vous allez tr\u00e8s vite l\u2019adopter. Elle vous permet de r\u00e9aliser de d\u00e9licieuses frites belges et vous assure un gain de temps consid\u00e9rable. L\u2019id\u00e9e est de proc\u00e9der \u00e0 une pr\u00e9-cuisson, de laisser vos frites reposer avant de lancer la cuisson finale qui, elle, est beaucoup plus rapide. En utilisant cette technique en deux parties, vous confectionnerez une frite croustillante \u00e0 l\u2019ext\u00e9rieur et fondante \u00e0 l\u2019int\u00e9rieur.<\/span><\/p>\n<p class=\"p1\"><span class=\"s1\">Dans un premier temps, \u00e9pluchez et coupez vos pommes de terre avant de les laver et de les laisser s\u00e9cher. Vous pourrez ensuite proc\u00e9der \u00e0 la pr\u00e9-cuisson ou friture dite moyenne. L\u2019huile contenue dans votre cuve ne doit alors pas d\u00e9passer les 150 &#8211; 160\u00b0. Cette technique vous permet de cuire l\u2019int\u00e9rieur de vos frites pendant 5 \u00e0 7 minutes suivant la quantit\u00e9. L\u2019ext\u00e9rieur, lui, ne dorera pas. Lorsque vos pommes de terres remontent \u00e0 la surface, retirez-les, \u00e9gouttez et laissez s\u00e9cher. <\/span><\/p>\n<p class=\"p1\"><span class=\"s1\">Vient ensuite la friture dite forte ou tr\u00e8s chaude. Cette deuxi\u00e8me \u00e9tape vous permet de faire dorer l\u2019ext\u00e9rieur de vos frites et de les rendre croustillantes. Pour ce faire, plongez-les durant trois minutes maximum dans la cuve dont la temp\u00e9rature est comprise entre 180 et 190\u00b0. Une fois qu\u2019elles remontent \u00e0 la surface et qu\u2019elles sont dor\u00e9es, retirez-les et \u00e9gouttez-les. N\u2019h\u00e9sitez pas \u00e0 les d\u00e9poser sur du papier absorbant afin de retirer le surplus d\u2019huile. Elles alors sont fin pr\u00eates \u00e0 \u00eatre d\u00e9gust\u00e9es ! <\/span><\/p>\n<h2 class=\"p1\"><span class=\"s1\"><b>Nos chauffes-frites <\/b><\/span><\/h2>\n<p class=\"p1\"><span class=\"s1\"><img loading=\"lazy\" class=\" wp-image-12047 alignright\" src=\"https:\/\/www.fourniresto.com\/blog\/wp-content\/uploads\/2020\/11\/Chauffe-frites.jpg\" alt=\"Chauffe-frites \u00e0 deux lampes infrarouges\" width=\"301\" height=\"301\" srcset=\"https:\/\/www.fourniresto.com\/blog\/wp-content\/uploads\/2020\/11\/Chauffe-frites.jpg 400w, https:\/\/www.fourniresto.com\/blog\/wp-content\/uploads\/2020\/11\/Chauffe-frites-300x300.jpg 300w, https:\/\/www.fourniresto.com\/blog\/wp-content\/uploads\/2020\/11\/Chauffe-frites-150x150.jpg 150w, https:\/\/www.fourniresto.com\/blog\/wp-content\/uploads\/2020\/11\/Chauffe-frites-370x370.jpg 370w, https:\/\/www.fourniresto.com\/blog\/wp-content\/uploads\/2020\/11\/Chauffe-frites-135x135.jpg 135w\" sizes=\"(max-width: 301px) 100vw, 301px\" \/>Si vous souhaitez produire en grande quantit\u00e9 pour assurer l\u2019int\u00e9gralit\u00e9 de votre service, le chauffe-frite est votre meilleur alli\u00e9. Il vous permettra de conserver la saveur, la texture et la chaleur de vos frites pendant tout un service. Ainsi, vous pourrez les pr\u00e9parer en amont, les placer sous les lampes infrarouges et les servir au fur et \u00e0 mesure. Pour vous aider dans votre choix, FourniResto vous propose une s\u00e9lection de 3 <a href=\"https:\/\/www.fourniresto.com\/201-chauffe-frites\"><span class=\"s2\">chauffe-frites <\/span><\/a>professionnels : <\/span><\/p>\n<ul class=\"ul1\">\n<li style=\"list-style-type: none;\">\n<ul class=\"ul1\">\n<li class=\"li1\"><span class=\"s1\">Le <a href=\"https:\/\/www.fourniresto.com\/11158-chauffe-frites-2-lampes-atosa.html\"><span class=\"s2\">Chauffe-Frites 2 Lampes<\/span><\/a> de FourniResto. Enti\u00e8rement con\u00e7u en inox, celui-ci est dot\u00e9 de deux lampes infrarouges de 250 W chacune. Il est id\u00e9al pour les restaurants ou les snacks par exemple. Peu encombrant, il saura parfaitement s\u2019adapter \u00e0 l\u2019espace que vous lui aurez choisi. <\/span><\/li>\n<li class=\"li1\"><span class=\"s1\">Le <a href=\"https:\/\/www.fourniresto.com\/1161-chauffe-frites-electrique-5-kg.html\"><span class=\"s2\">Chauffe-Frites \u00e9lectrique 5 Kg<\/span><\/a> de Sofraca. Il permet de maintenir jusqu\u2019\u00e0 5 kg de frites \u00e0 la temp\u00e9rature que vous souhaitez. Id\u00e9al pour les caf\u00e9t\u00e9rias et autres \u00e9tablissements professionnels, il est simple d\u2019utilisation et facile d\u2019entretien. Son thermostat de r\u00e9gulation permet de maintenir vos frites au chaud sans qu\u2019elles ne s\u2019ass\u00e8chent ou se ramollissent. Par ailleurs, il est compatible GN 2\/3. <\/span><\/li>\n<li class=\"li1\"><span class=\"s1\">Le <a href=\"https:\/\/www.fourniresto.com\/2340-chauffe-frites-portable-.html\"><span class=\"s2\">Chauffe-Frites Portable<\/span><\/a> de Hatcho. PRatique, vous pourrez l\u2019installer o\u00f9 vous le souhaitez. Il est dot\u00e9 d\u2019une rampe d\u2019une puissance de 610 W avec interrupteur \u00e0 bascule. Compatible GN 1\/1, il dispose de lampes incandescentes \u00e0 rev\u00eatement afin d\u2019emp\u00eacher la contamination des aliments.<\/span><\/li>\n<\/ul>\n<\/li>\n<\/ul>\n<p class=\"p1\"><span class=\"s1\">Les frites n\u2019ont d\u00e9sormais plus de secret pour vous ! Gr\u00e2ce \u00e0 la technique de la double cuisson et votre chauffe-frite, vous devenez un v\u00e9ritable expert. Ainsi, vous saurez ravir les papilles de vos clients ou de vos invit\u00e9s. <\/span><\/p>\n","protected":false},"excerpt":{"rendered":"","protected":false},"author":11,"featured_media":15472,"comment_status":"closed","ping_status":"closed","sticky":false,"template":"","format":"standard","meta":{"content-type":"","_uag_custom_page_level_css":""},"categories":[912],"tags":[],"yoast_head":"<!-- This site is optimized with the Yoast SEO plugin v19.13 - https:\/\/yoast.com\/wordpress\/plugins\/seo\/ -->\n<title>Combien de temps faut-il pour cuire des frites ? - Le Blog FourniResto<\/title>\n<meta name=\"robots\" content=\"index, follow, max-snippet:-1, max-image-preview:large, max-video-preview:-1\" \/>\n<link rel=\"canonical\" href=\"https:\/\/www.fourniresto.com\/blog\/combien-de-temps-faut-il-pour-cuire-des-frites\/\" \/>\n<meta property=\"og:locale\" content=\"fr_FR\" \/>\n<meta property=\"og:type\" content=\"article\" \/>\n<meta property=\"og:title\" content=\"Combien de temps faut-il pour cuire des frites ? - Le Blog FourniResto\" \/>\n<meta property=\"og:url\" content=\"https:\/\/www.fourniresto.com\/blog\/combien-de-temps-faut-il-pour-cuire-des-frites\/\" \/>\n<meta property=\"og:site_name\" content=\"Le Blog FourniResto\" \/>\n<meta property=\"article:published_time\" content=\"2020-11-17T10:24:38+00:00\" \/>\n<meta property=\"article:modified_time\" content=\"2022-03-09T09:15:48+00:00\" \/>\n<meta property=\"og:image\" content=\"https:\/\/www.fourniresto.com\/blog\/wp-content\/uploads\/2020\/11\/Combien-de-temps-faut-il-pour-cuire-des-frites.jpg\" \/>\n\t<meta property=\"og:image:width\" content=\"2240\" \/>\n\t<meta property=\"og:image:height\" content=\"1260\" \/>\n\t<meta property=\"og:image:type\" content=\"image\/jpeg\" \/>\n<meta name=\"author\" content=\"Mathieu\" \/>\n<meta name=\"twitter:card\" content=\"summary_large_image\" \/>\n<meta name=\"twitter:label1\" content=\"\u00c9crit par\" \/>\n\t<meta name=\"twitter:data1\" content=\"Mathieu\" \/>\n\t<meta name=\"twitter:label2\" content=\"Dur\u00e9e de lecture estim\u00e9e\" \/>\n\t<meta name=\"twitter:data2\" content=\"3 minutes\" \/>\n<script type=\"application\/ld+json\" class=\"yoast-schema-graph\">{\"@context\":\"https:\/\/schema.org\",\"@graph\":[{\"@type\":\"WebPage\",\"@id\":\"https:\/\/www.fourniresto.com\/blog\/combien-de-temps-faut-il-pour-cuire-des-frites\/\",\"url\":\"https:\/\/www.fourniresto.com\/blog\/combien-de-temps-faut-il-pour-cuire-des-frites\/\",\"name\":\"Combien de temps faut-il pour cuire des frites ? - Le Blog FourniResto\",\"isPartOf\":{\"@id\":\"https:\/\/www.fourniresto.com\/blog\/#website\"},\"datePublished\":\"2020-11-17T10:24:38+00:00\",\"dateModified\":\"2022-03-09T09:15:48+00:00\",\"author\":{\"@id\":\"https:\/\/www.fourniresto.com\/blog\/#\/schema\/person\/c26eb4aea7fdb39829fbaaf9acc13952\"},\"breadcrumb\":{\"@id\":\"https:\/\/www.fourniresto.com\/blog\/combien-de-temps-faut-il-pour-cuire-des-frites\/#breadcrumb\"},\"inLanguage\":\"fr-FR\",\"potentialAction\":[{\"@type\":\"ReadAction\",\"target\":[\"https:\/\/www.fourniresto.com\/blog\/combien-de-temps-faut-il-pour-cuire-des-frites\/\"]}]},{\"@type\":\"BreadcrumbList\",\"@id\":\"https:\/\/www.fourniresto.com\/blog\/combien-de-temps-faut-il-pour-cuire-des-frites\/#breadcrumb\",\"itemListElement\":[{\"@type\":\"ListItem\",\"position\":1,\"name\":\"Accueil\",\"item\":\"https:\/\/www.fourniresto.com\/blog\/\"},{\"@type\":\"ListItem\",\"position\":2,\"name\":\"Combien de temps faut-il pour cuire des frites ?\"}]},{\"@type\":\"WebSite\",\"@id\":\"https:\/\/www.fourniresto.com\/blog\/#website\",\"url\":\"https:\/\/www.fourniresto.com\/blog\/\",\"name\":\"Le Blog FourniResto\",\"description\":\"Conseils et actualit\u00e9s sur la Restauration Professionnelle\",\"potentialAction\":[{\"@type\":\"SearchAction\",\"target\":{\"@type\":\"EntryPoint\",\"urlTemplate\":\"https:\/\/www.fourniresto.com\/blog\/?s={search_term_string}\"},\"query-input\":\"required name=search_term_string\"}],\"inLanguage\":\"fr-FR\"},{\"@type\":\"Person\",\"@id\":\"https:\/\/www.fourniresto.com\/blog\/#\/schema\/person\/c26eb4aea7fdb39829fbaaf9acc13952\",\"name\":\"Mathieu\",\"description\":\"La cuisine n'a pas toujours \u00e9t\u00e9 ma passion mais elle l'est tr\u00e8s vite devenue lorsque j'ai commenc\u00e9 \u00e0 m'y int\u00e9resser. J'ai donc d\u00e9cid\u00e9 de la combiner \u00e0 mon autre passion : le digital. Aujourd'hui, je r\u00e9dige des articles pour ce blog, notamment en ce qui concerne les infos pratiques \u00e0 tout professionnel ou amateur de la restauration.\"}]}<\/script>\n<!-- \/ Yoast SEO plugin. -->","yoast_head_json":{"title":"Combien de temps faut-il pour cuire des frites ? - Le Blog FourniResto","robots":{"index":"index","follow":"follow","max-snippet":"max-snippet:-1","max-image-preview":"max-image-preview:large","max-video-preview":"max-video-preview:-1"},"canonical":"https:\/\/www.fourniresto.com\/blog\/combien-de-temps-faut-il-pour-cuire-des-frites\/","og_locale":"fr_FR","og_type":"article","og_title":"Combien de temps faut-il pour cuire des frites ? - Le Blog FourniResto","og_url":"https:\/\/www.fourniresto.com\/blog\/combien-de-temps-faut-il-pour-cuire-des-frites\/","og_site_name":"Le Blog FourniResto","article_published_time":"2020-11-17T10:24:38+00:00","article_modified_time":"2022-03-09T09:15:48+00:00","og_image":[{"width":2240,"height":1260,"url":"https:\/\/www.fourniresto.com\/blog\/wp-content\/uploads\/2020\/11\/Combien-de-temps-faut-il-pour-cuire-des-frites.jpg","type":"image\/jpeg"}],"author":"Mathieu","twitter_card":"summary_large_image","twitter_misc":{"\u00c9crit par":"Mathieu","Dur\u00e9e de lecture estim\u00e9e":"3 minutes"},"schema":{"@context":"https:\/\/schema.org","@graph":[{"@type":"WebPage","@id":"https:\/\/www.fourniresto.com\/blog\/combien-de-temps-faut-il-pour-cuire-des-frites\/","url":"https:\/\/www.fourniresto.com\/blog\/combien-de-temps-faut-il-pour-cuire-des-frites\/","name":"Combien de temps faut-il pour cuire des frites ? - Le Blog FourniResto","isPartOf":{"@id":"https:\/\/www.fourniresto.com\/blog\/#website"},"datePublished":"2020-11-17T10:24:38+00:00","dateModified":"2022-03-09T09:15:48+00:00","author":{"@id":"https:\/\/www.fourniresto.com\/blog\/#\/schema\/person\/c26eb4aea7fdb39829fbaaf9acc13952"},"breadcrumb":{"@id":"https:\/\/www.fourniresto.com\/blog\/combien-de-temps-faut-il-pour-cuire-des-frites\/#breadcrumb"},"inLanguage":"fr-FR","potentialAction":[{"@type":"ReadAction","target":["https:\/\/www.fourniresto.com\/blog\/combien-de-temps-faut-il-pour-cuire-des-frites\/"]}]},{"@type":"BreadcrumbList","@id":"https:\/\/www.fourniresto.com\/blog\/combien-de-temps-faut-il-pour-cuire-des-frites\/#breadcrumb","itemListElement":[{"@type":"ListItem","position":1,"name":"Accueil","item":"https:\/\/www.fourniresto.com\/blog\/"},{"@type":"ListItem","position":2,"name":"Combien de temps faut-il pour cuire des frites ?"}]},{"@type":"WebSite","@id":"https:\/\/www.fourniresto.com\/blog\/#website","url":"https:\/\/www.fourniresto.com\/blog\/","name":"Le Blog FourniResto","description":"Conseils et actualit\u00e9s sur la Restauration Professionnelle","potentialAction":[{"@type":"SearchAction","target":{"@type":"EntryPoint","urlTemplate":"https:\/\/www.fourniresto.com\/blog\/?s={search_term_string}"},"query-input":"required name=search_term_string"}],"inLanguage":"fr-FR"},{"@type":"Person","@id":"https:\/\/www.fourniresto.com\/blog\/#\/schema\/person\/c26eb4aea7fdb39829fbaaf9acc13952","name":"Mathieu","description":"La cuisine n'a pas toujours \u00e9t\u00e9 ma passion mais elle l'est tr\u00e8s vite devenue lorsque j'ai commenc\u00e9 \u00e0 m'y int\u00e9resser. J'ai donc d\u00e9cid\u00e9 de la combiner \u00e0 mon autre passion : le digital. Aujourd'hui, je r\u00e9dige des articles pour ce blog, notamment en ce qui concerne les infos pratiques \u00e0 tout professionnel ou amateur de la restauration."}]}},"uagb_featured_image_src":{"full":["https:\/\/www.fourniresto.com\/blog\/wp-content\/uploads\/2020\/11\/Combien-de-temps-faut-il-pour-cuire-des-frites.jpg",2240,1260,false],"thumbnail":["https:\/\/www.fourniresto.com\/blog\/wp-content\/uploads\/2020\/11\/Combien-de-temps-faut-il-pour-cuire-des-frites-150x150.jpg",150,150,true],"medium":["https:\/\/www.fourniresto.com\/blog\/wp-content\/uploads\/2020\/11\/Combien-de-temps-faut-il-pour-cuire-des-frites-300x169.jpg",300,169,true],"medium_large":["https:\/\/www.fourniresto.com\/blog\/wp-content\/uploads\/2020\/11\/Combien-de-temps-faut-il-pour-cuire-des-frites.jpg",768,432,false],"large":["https:\/\/www.fourniresto.com\/blog\/wp-content\/uploads\/2020\/11\/Combien-de-temps-faut-il-pour-cuire-des-frites-1024x576.jpg",1024,576,true],"1536x1536":["https:\/\/www.fourniresto.com\/blog\/wp-content\/uploads\/2020\/11\/Combien-de-temps-faut-il-pour-cuire-des-frites-1536x864.jpg",1536,864,true],"2048x2048":["https:\/\/www.fourniresto.com\/blog\/wp-content\/uploads\/2020\/11\/Combien-de-temps-faut-il-pour-cuire-des-frites-2048x1152.jpg",2048,1152,true],"ms_image_size_300":["https:\/\/www.fourniresto.com\/blog\/wp-content\/uploads\/2020\/11\/Combien-de-temps-faut-il-pour-cuire-des-frites-300x200.jpg",300,200,true],"post-thumbnail":["https:\/\/www.fourniresto.com\/blog\/wp-content\/uploads\/2020\/11\/Combien-de-temps-faut-il-pour-cuire-des-frites-370x208.jpg",370,208,true],"especio-thumb-huge":["https:\/\/www.fourniresto.com\/blog\/wp-content\/uploads\/2020\/11\/Combien-de-temps-faut-il-pour-cuire-des-frites-1170x658.jpg",1170,658,true],"especio-thumb-big":["https:\/\/www.fourniresto.com\/blog\/wp-content\/uploads\/2020\/11\/Combien-de-temps-faut-il-pour-cuire-des-frites-760x428.jpg",760,428,true],"especio-thumb-med":["https:\/\/www.fourniresto.com\/blog\/wp-content\/uploads\/2020\/11\/Combien-de-temps-faut-il-pour-cuire-des-frites-370x208.jpg",370,208,true],"especio-thumb-tiny":["https:\/\/www.fourniresto.com\/blog\/wp-content\/uploads\/2020\/11\/Combien-de-temps-faut-il-pour-cuire-des-frites-135x135.jpg",135,135,true],"especio-thumb-masonry-big":["https:\/\/www.fourniresto.com\/blog\/wp-content\/uploads\/2020\/11\/Combien-de-temps-faut-il-pour-cuire-des-frites-760x428.jpg",760,428,true],"especio-thumb-masonry":["https:\/\/www.fourniresto.com\/blog\/wp-content\/uploads\/2020\/11\/Combien-de-temps-faut-il-pour-cuire-des-frites-370x208.jpg",370,208,true],"especio-thumb-extra":["https:\/\/www.fourniresto.com\/blog\/wp-content\/uploads\/2020\/11\/Combien-de-temps-faut-il-pour-cuire-des-frites-570x498.jpg",570,498,true],"especio-thumb-square":["https:\/\/www.fourniresto.com\/blog\/wp-content\/uploads\/2020\/11\/Combien-de-temps-faut-il-pour-cuire-des-frites-270x258.jpg",270,258,true],"especio-thumb-plain":["https:\/\/www.fourniresto.com\/blog\/wp-content\/uploads\/2020\/11\/Combien-de-temps-faut-il-pour-cuire-des-frites-218x162.jpg",218,162,true],"especio-thumb-list":["https:\/\/www.fourniresto.com\/blog\/wp-content\/uploads\/2020\/11\/Combien-de-temps-faut-il-pour-cuire-des-frites-370x275.jpg",370,275,true],"trx_addons-thumb-small":["https:\/\/www.fourniresto.com\/blog\/wp-content\/uploads\/2020\/11\/Combien-de-temps-faut-il-pour-cuire-des-frites-270x152.jpg",270,152,true],"trx_addons-thumb-portrait":["https:\/\/www.fourniresto.com\/blog\/wp-content\/uploads\/2020\/11\/Combien-de-temps-faut-il-pour-cuire-des-frites-370x493.jpg",370,493,true],"trx_addons-thumb-avatar":["https:\/\/www.fourniresto.com\/blog\/wp-content\/uploads\/2020\/11\/Combien-de-temps-faut-il-pour-cuire-des-frites-370x370.jpg",370,370,true]},"uagb_author_info":{"display_name":"Mathieu","author_link":"https:\/\/www.fourniresto.com\/blog\/author\/mathieu\/"},"uagb_comment_info":0,"uagb_excerpt":null,"_links":{"self":[{"href":"https:\/\/www.fourniresto.com\/blog\/wp-json\/wp\/v2\/posts\/12042"}],"collection":[{"href":"https:\/\/www.fourniresto.com\/blog\/wp-json\/wp\/v2\/posts"}],"about":[{"href":"https:\/\/www.fourniresto.com\/blog\/wp-json\/wp\/v2\/types\/post"}],"author":[{"embeddable":true,"href":"https:\/\/www.fourniresto.com\/blog\/wp-json\/wp\/v2\/users\/11"}],"replies":[{"embeddable":true,"href":"https:\/\/www.fourniresto.com\/blog\/wp-json\/wp\/v2\/comments?post=12042"}],"version-history":[{"count":5,"href":"https:\/\/www.fourniresto.com\/blog\/wp-json\/wp\/v2\/posts\/12042\/revisions"}],"predecessor-version":[{"id":12894,"href":"https:\/\/www.fourniresto.com\/blog\/wp-json\/wp\/v2\/posts\/12042\/revisions\/12894"}],"wp:featuredmedia":[{"embeddable":true,"href":"https:\/\/www.fourniresto.com\/blog\/wp-json\/wp\/v2\/media\/15472"}],"wp:attachment":[{"href":"https:\/\/www.fourniresto.com\/blog\/wp-json\/wp\/v2\/media?parent=12042"}],"wp:term":[{"taxonomy":"category","embeddable":true,"href":"https:\/\/www.fourniresto.com\/blog\/wp-json\/wp\/v2\/categories?post=12042"},{"taxonomy":"post_tag","embeddable":true,"href":"https:\/\/www.fourniresto.com\/blog\/wp-json\/wp\/v2\/tags?post=12042"}],"curies":[{"name":"wp","href":"https:\/\/api.w.org\/{rel}","templated":true}]}}