{"id":11726,"date":"2020-07-03T11:06:52","date_gmt":"2020-07-03T09:06:52","guid":{"rendered":"https:\/\/www.fourniresto.com\/blog\/?p=11726"},"modified":"2022-03-04T13:58:34","modified_gmt":"2022-03-04T12:58:34","slug":"etude-consommateurs-les-emballages-alimentaires","status":"publish","type":"post","link":"https:\/\/www.fourniresto.com\/blog\/etude-consommateurs-les-emballages-alimentaires\/","title":{"rendered":"\u00c9tude consommateurs : Les Emballages Alimentaires"},"content":{"rendered":"<p><span style=\"font-weight: 400; font-size: 12pt;\">De nos jours, les consommateurs sont plus exigeants avec les entreprises et prennent en compte de nouveaux crit\u00e8res au moment de choisir leur lieu de consommation. En effet, les engagements que peuvent prendre les entreprises concernant la qualit\u00e9 de leurs produits, le respect de l\u2019environnement et le traitement \u00e9quitable de leurs collaborateurs attirent davantage de clients qui les pr\u00e9f\u00e8rent \u00e0 l\u2019instar de celles qui n\u2019en n\u2019ont pas. Et le secteur de la restauration ne fait pas exception \u00e0 la r\u00e8gle ! Notamment avec le sujet en vogue du packaging et plus pr\u00e9cis\u00e9ment du packaging \u00e9cologique. Effet de mode ou r\u00e9elle demande, nous avons d\u00e9cid\u00e9 de nous y int\u00e9resser d\u2019un peu plus pr\u00e8s\u2026&nbsp;<\/span><\/p>\n<p><span style=\"font-size: 12pt;\"><strong>Pour vous aider \u00e0 mieux comprendre les attentes de vos clients, une \u00e9tude a \u00e9t\u00e9 men\u00e9e aupr\u00e8s de 350 consommateurs sur le th\u00e8me des emballages alimentaires. Voici quelques chiffres qui en ressortent :<\/strong><\/span><\/p>\n<h3><span style=\"font-weight: 400; font-size: 12pt;\">Les habitudes de consommation<\/span><\/h3>\n<p><span style=\"font-size: 12pt;\"><span style=\"font-weight: 400;\">40 % des r\u00e9pondants mangent <\/span><b>au minimum 5 fois par mois<\/b><span style=\"font-weight: 400;\"> \u00e0 l\u2019ext\u00e9rieur et 50% d\u2019entre eux prennent \u00e0 emporter entre 5 et 10 fois par mois.<\/span><span style=\"font-weight: 400;\">&nbsp;<\/span>Enfin, 66% d\u00e9clarent ne jamais se faire livrer contre 30% qui se font livrer environ 4 fois par mois.<\/span><\/p>\n<p><span style=\"font-weight: 400; font-size: 12pt;\">Les chiffres montrent que les consommateurs appr\u00e9cient manger \u00e0 l\u2019ext\u00e9rieur plusieurs fois par mois et que la vente \u00e0 emporter est tr\u00e8s pris\u00e9e. Ce chiffre a tendance \u00e0 cro\u00eetre en \u00e9t\u00e9 o\u00f9 la fr\u00e9quence mensuelle augmente avec la chaleur et le beau temps.<br \/>\n<img loading=\"lazy\" class=\"aligncenter wp-image-11770 size-large\" src=\"https:\/\/www.fourniresto.com\/blog\/wp-content\/uploads\/2020\/07\/1-1024x576.png\" alt=\"\" width=\"702\" height=\"395\" srcset=\"https:\/\/www.fourniresto.com\/blog\/wp-content\/uploads\/2020\/07\/1-1024x576.png 1024w, https:\/\/www.fourniresto.com\/blog\/wp-content\/uploads\/2020\/07\/1-300x169.png 300w, https:\/\/www.fourniresto.com\/blog\/wp-content\/uploads\/2020\/07\/1-1536x864.png 1536w, https:\/\/www.fourniresto.com\/blog\/wp-content\/uploads\/2020\/07\/1-2048x1152.png 2048w, https:\/\/www.fourniresto.com\/blog\/wp-content\/uploads\/2020\/07\/1-370x208.png 370w, https:\/\/www.fourniresto.com\/blog\/wp-content\/uploads\/2020\/07\/1-1170x658.png 1170w, https:\/\/www.fourniresto.com\/blog\/wp-content\/uploads\/2020\/07\/1-760x428.png 760w, https:\/\/www.fourniresto.com\/blog\/wp-content\/uploads\/2020\/07\/1-270x152.png 270w\" sizes=\"(max-width: 702px) 100vw, 702px\" \/><br \/>\n<\/span><\/p>\n<p><span style=\"font-weight: 400; font-size: 12pt;\">Nous connaissons la fr\u00e9quence de consommation mensuelle de cet \u00e9chantillon de consommateurs, mais est-il sensible aux emballages alimentaires et quelle place prend l\u2019\u00e9cologie dans la d\u00e9cision d\u2019un achat ?&nbsp;<\/span><\/p>\n<h3><span style=\"font-weight: 400; font-size: 12pt;\">Les emballages alimentaires<\/span><\/h3>\n<p><span style=\"font-weight: 400; font-size: 12pt;\"><b>86% des r\u00e9pondants disent pr\u00eater attention<\/b> aux emballages dans lesquels on les sert et 84% sont attentifs aux emballages dans lesquels on les livre.<br \/>\n<img loading=\"lazy\" class=\"aligncenter wp-image-11772 size-large\" src=\"https:\/\/www.fourniresto.com\/blog\/wp-content\/uploads\/2020\/07\/2-1024x576.png\" alt=\"\" width=\"702\" height=\"395\" srcset=\"https:\/\/www.fourniresto.com\/blog\/wp-content\/uploads\/2020\/07\/2-1024x576.png 1024w, https:\/\/www.fourniresto.com\/blog\/wp-content\/uploads\/2020\/07\/2-300x169.png 300w, https:\/\/www.fourniresto.com\/blog\/wp-content\/uploads\/2020\/07\/2-1536x864.png 1536w, https:\/\/www.fourniresto.com\/blog\/wp-content\/uploads\/2020\/07\/2-2048x1152.png 2048w, https:\/\/www.fourniresto.com\/blog\/wp-content\/uploads\/2020\/07\/2-370x208.png 370w, https:\/\/www.fourniresto.com\/blog\/wp-content\/uploads\/2020\/07\/2-1170x658.png 1170w, https:\/\/www.fourniresto.com\/blog\/wp-content\/uploads\/2020\/07\/2-760x428.png 760w, https:\/\/www.fourniresto.com\/blog\/wp-content\/uploads\/2020\/07\/2-270x152.png 270w\" sizes=\"(max-width: 702px) 100vw, 702px\" \/><br \/>\n<\/span><\/p>\n<p><span style=\"font-weight: 400; font-size: 12pt;\"><strong>Sur une \u00e9chelle de 0 \u00e0 10, 60% des r\u00e9pondants donnent une note comprise entre 8 et 10 pour estimer leur sensibilit\u00e9 \u00e0 l\u2019\u00e9co-responsable et 93% donnent une note sup\u00e9rieure \u00e0 5.<\/strong>&nbsp;<\/span><\/p>\n<p><span style=\"font-weight: 400; font-size: 12pt;\">Ces chiffres montrent l\u2019importance des emballages alimentaires aux yeux des consommateurs. Les quatre crit\u00e8res pris en compte par les consommateurs pour les emballages alimentaires sont l\u2019esth\u00e9tique (plaisant \u00e0 l\u2019oeil), le c\u00f4t\u00e9 pratique (qui ne laisse pas de go\u00fbt en bouche, r\u00e9sistant), l\u2019aspect \u00e9co-friendly, le ratio qualit\u00e9-prix (\u00e9cologique oui, mais pas \u00e0 n\u2019importe quel prix !)&nbsp;<\/span><\/p>\n<p><span style=\"font-weight: 400; font-size: 12pt;\">Enfin, environ 60% de notre \u00e9chantillon de consommateurs sont tout \u00e0 fait conscients de l\u2019impact du plastique et veulent des packagings responsables. Certains des r\u00e9pondants vont m\u00eame plus loin : 52% d\u2019entre eux affirment juger la qualit\u00e9 d\u2019un \u00e9tablissement en fonction des emballages alimentaires utilis\u00e9s. Ce dernier chiffre met en exergue le fait qu\u2019il y a une vraie demande envers des packagings plus verts et que cela est aujourd\u2019hui un crit\u00e8re dans le choix de l\u2019entreprise dans laquelle le client va consommer.<\/span><\/p>\n<p><span style=\"font-size: 12pt;\"><strong>75% des clients indiquent qu\u2019ils seraient pr\u00eat \u00e0 payer plus cher pour un \u00e9tablissement qui utilise des emballages \u00e9cologiques.<\/strong><\/span><\/p>\n<p><span style=\"font-weight: 400; font-size: 12pt;\">Une majorit\u00e9 de consommateurs est consciente de l\u2019\u00e9cart de prix entre un emballage plastique et \u00e9cologique, ce qui ne d\u00e9motive pas 75% d\u2019entre eux qui sont pr\u00eats \u00e0 en payer le prix. Les mati\u00e8res \u00e9co-responsables telles que le bois, le bambou ou encore le PLA sont en effet des mati\u00e8res plus co\u00fbteuses que le plastique, mati\u00e8re actuellement la moins ch\u00e8re sur le march\u00e9 de l\u2019emballage alimentaire. Il semblerait donc que c\u2019est un petit sacrifice que les consommateurs fran\u00e7ais sont pr\u00eats \u00e0 faire en contrepartie d\u2019une meilleure pr\u00e9servation de notre plan\u00e8te.&nbsp;<\/span><\/p>\n<p><span style=\"font-weight: 400; font-size: 12pt;\">Mais quelles sont les mati\u00e8res avec lesquelles le client pr\u00e9f\u00e8re consommer ? Nous leur avons pos\u00e9 la question.&nbsp;<\/span><\/p>\n<h4><span style=\"font-weight: 400; font-size: 12pt;\"><img loading=\"lazy\" class=\"aligncenter wp-image-11773 size-large\" src=\"https:\/\/www.fourniresto.com\/blog\/wp-content\/uploads\/2020\/07\/3-1024x576.png\" alt=\"\" width=\"702\" height=\"395\" srcset=\"https:\/\/www.fourniresto.com\/blog\/wp-content\/uploads\/2020\/07\/3-1024x576.png 1024w, https:\/\/www.fourniresto.com\/blog\/wp-content\/uploads\/2020\/07\/3-300x169.png 300w, https:\/\/www.fourniresto.com\/blog\/wp-content\/uploads\/2020\/07\/3-1536x864.png 1536w, https:\/\/www.fourniresto.com\/blog\/wp-content\/uploads\/2020\/07\/3-2048x1152.png 2048w, https:\/\/www.fourniresto.com\/blog\/wp-content\/uploads\/2020\/07\/3-370x208.png 370w, https:\/\/www.fourniresto.com\/blog\/wp-content\/uploads\/2020\/07\/3-1170x658.png 1170w, https:\/\/www.fourniresto.com\/blog\/wp-content\/uploads\/2020\/07\/3-760x428.png 760w, https:\/\/www.fourniresto.com\/blog\/wp-content\/uploads\/2020\/07\/3-270x152.png 270w\" sizes=\"(max-width: 702px) 100vw, 702px\" \/><\/span><\/h4>\n<p><span style=\"font-size: 12pt;\"><span style=\"font-weight: 400;\">Les graphiques ci-dessus montrent que les r\u00e9pondants pr\u00e9f\u00e8rent manger avec des couverts en CPLA. Cela s\u2019explique assez facilement par le fait que c\u2019est la mati\u00e8re qui se rapproche le plus du plastique esth\u00e9tiquement, mais elle est cependant enti\u00e8rement biod\u00e9gradable. De plus, elle ne laisse aucun go\u00fbt en bouche contrairement \u00e0 certains bois ou mati\u00e8res cartonn\u00e9es.<br \/>\n<\/span><span style=\"font-weight: 400;\">Enfin concernant les boissons, les consommateurs privil\u00e9gient le bambou et son esth\u00e9tique naturel.<\/span><\/span><\/p>\n<p><span style=\"font-weight: 400; font-size: 12pt;\">Finalement, cette \u00e9tude nous a permis d\u2019affirmer que le sujet des emballages alimentaires \u00e9cologiques est bien plus qu\u2019une simple tendance car il y a une demande \u00e9mergente de la part des consommateurs fran\u00e7ais. Maintenant que vous le savez aussi, c&#8217;est \u00e0 vous de jouer !<\/span><\/p>\n","protected":false},"excerpt":{"rendered":"<p>De nos jours, les consommateurs sont plus exigeants avec les entreprises et prennent en compte de nouveaux crit\u00e8res au moment de choisir leur lieu de consommation. En effet, les engagements&hellip;<\/p>\n","protected":false},"author":1,"featured_media":15196,"comment_status":"closed","ping_status":"closed","sticky":false,"template":"","format":"standard","meta":{"content-type":"","_uag_custom_page_level_css":""},"categories":[901],"tags":[],"yoast_head":"<!-- This site is optimized with the Yoast SEO plugin v19.13 - https:\/\/yoast.com\/wordpress\/plugins\/seo\/ -->\n<title>\u00c9tude consommateurs : Les Emballages Alimentaires - Le Blog FourniResto<\/title>\n<meta name=\"robots\" content=\"index, follow, max-snippet:-1, max-image-preview:large, max-video-preview:-1\" \/>\n<link rel=\"canonical\" href=\"https:\/\/www.fourniresto.com\/blog\/etude-consommateurs-les-emballages-alimentaires\/\" \/>\n<meta property=\"og:locale\" content=\"fr_FR\" \/>\n<meta property=\"og:type\" content=\"article\" \/>\n<meta property=\"og:title\" content=\"\u00c9tude consommateurs : Les Emballages Alimentaires - Le Blog FourniResto\" \/>\n<meta property=\"og:description\" content=\"De nos jours, les consommateurs sont plus exigeants avec les entreprises et prennent en compte de nouveaux crit\u00e8res au moment de choisir leur lieu de consommation. En effet, les engagements&hellip;\" \/>\n<meta property=\"og:url\" content=\"https:\/\/www.fourniresto.com\/blog\/etude-consommateurs-les-emballages-alimentaires\/\" \/>\n<meta property=\"og:site_name\" content=\"Le Blog FourniResto\" \/>\n<meta property=\"article:published_time\" content=\"2020-07-03T09:06:52+00:00\" \/>\n<meta property=\"article:modified_time\" content=\"2022-03-04T12:58:34+00:00\" \/>\n<meta property=\"og:image\" content=\"https:\/\/www.fourniresto.com\/blog\/wp-content\/uploads\/2020\/07\/Etudes-consommateurs-emballages-alimentaires.jpg\" \/>\n\t<meta property=\"og:image:width\" content=\"2240\" \/>\n\t<meta property=\"og:image:height\" content=\"1260\" \/>\n\t<meta property=\"og:image:type\" content=\"image\/jpeg\" \/>\n<meta name=\"author\" content=\"Admin\" \/>\n<meta name=\"twitter:card\" content=\"summary_large_image\" \/>\n<meta name=\"twitter:label1\" content=\"\u00c9crit par\" \/>\n\t<meta name=\"twitter:data1\" content=\"Admin\" \/>\n\t<meta name=\"twitter:label2\" content=\"Dur\u00e9e de lecture estim\u00e9e\" \/>\n\t<meta name=\"twitter:data2\" content=\"4 minutes\" \/>\n<script type=\"application\/ld+json\" class=\"yoast-schema-graph\">{\"@context\":\"https:\/\/schema.org\",\"@graph\":[{\"@type\":\"WebPage\",\"@id\":\"https:\/\/www.fourniresto.com\/blog\/etude-consommateurs-les-emballages-alimentaires\/\",\"url\":\"https:\/\/www.fourniresto.com\/blog\/etude-consommateurs-les-emballages-alimentaires\/\",\"name\":\"\u00c9tude consommateurs : Les Emballages Alimentaires - Le Blog FourniResto\",\"isPartOf\":{\"@id\":\"https:\/\/www.fourniresto.com\/blog\/#website\"},\"datePublished\":\"2020-07-03T09:06:52+00:00\",\"dateModified\":\"2022-03-04T12:58:34+00:00\",\"author\":{\"@id\":\"https:\/\/www.fourniresto.com\/blog\/#\/schema\/person\/7bdd27da86a0fd78ebae2c0282518b37\"},\"breadcrumb\":{\"@id\":\"https:\/\/www.fourniresto.com\/blog\/etude-consommateurs-les-emballages-alimentaires\/#breadcrumb\"},\"inLanguage\":\"fr-FR\",\"potentialAction\":[{\"@type\":\"ReadAction\",\"target\":[\"https:\/\/www.fourniresto.com\/blog\/etude-consommateurs-les-emballages-alimentaires\/\"]}]},{\"@type\":\"BreadcrumbList\",\"@id\":\"https:\/\/www.fourniresto.com\/blog\/etude-consommateurs-les-emballages-alimentaires\/#breadcrumb\",\"itemListElement\":[{\"@type\":\"ListItem\",\"position\":1,\"name\":\"Accueil\",\"item\":\"https:\/\/www.fourniresto.com\/blog\/\"},{\"@type\":\"ListItem\",\"position\":2,\"name\":\"\u00c9tude consommateurs : Les Emballages Alimentaires\"}]},{\"@type\":\"WebSite\",\"@id\":\"https:\/\/www.fourniresto.com\/blog\/#website\",\"url\":\"https:\/\/www.fourniresto.com\/blog\/\",\"name\":\"Le Blog FourniResto\",\"description\":\"Conseils et actualit\u00e9s sur la Restauration Professionnelle\",\"potentialAction\":[{\"@type\":\"SearchAction\",\"target\":{\"@type\":\"EntryPoint\",\"urlTemplate\":\"https:\/\/www.fourniresto.com\/blog\/?s={search_term_string}\"},\"query-input\":\"required name=search_term_string\"}],\"inLanguage\":\"fr-FR\"},{\"@type\":\"Person\",\"@id\":\"https:\/\/www.fourniresto.com\/blog\/#\/schema\/person\/7bdd27da86a0fd78ebae2c0282518b37\",\"name\":\"Admin\"}]}<\/script>\n<!-- \/ Yoast SEO plugin. -->","yoast_head_json":{"title":"\u00c9tude consommateurs : Les Emballages Alimentaires - Le Blog FourniResto","robots":{"index":"index","follow":"follow","max-snippet":"max-snippet:-1","max-image-preview":"max-image-preview:large","max-video-preview":"max-video-preview:-1"},"canonical":"https:\/\/www.fourniresto.com\/blog\/etude-consommateurs-les-emballages-alimentaires\/","og_locale":"fr_FR","og_type":"article","og_title":"\u00c9tude consommateurs : Les Emballages Alimentaires - Le Blog FourniResto","og_description":"De nos jours, les consommateurs sont plus exigeants avec les entreprises et prennent en compte de nouveaux crit\u00e8res au moment de choisir leur lieu de consommation. En effet, les engagements&hellip;","og_url":"https:\/\/www.fourniresto.com\/blog\/etude-consommateurs-les-emballages-alimentaires\/","og_site_name":"Le Blog FourniResto","article_published_time":"2020-07-03T09:06:52+00:00","article_modified_time":"2022-03-04T12:58:34+00:00","og_image":[{"width":2240,"height":1260,"url":"https:\/\/www.fourniresto.com\/blog\/wp-content\/uploads\/2020\/07\/Etudes-consommateurs-emballages-alimentaires.jpg","type":"image\/jpeg"}],"author":"Admin","twitter_card":"summary_large_image","twitter_misc":{"\u00c9crit par":"Admin","Dur\u00e9e de lecture estim\u00e9e":"4 minutes"},"schema":{"@context":"https:\/\/schema.org","@graph":[{"@type":"WebPage","@id":"https:\/\/www.fourniresto.com\/blog\/etude-consommateurs-les-emballages-alimentaires\/","url":"https:\/\/www.fourniresto.com\/blog\/etude-consommateurs-les-emballages-alimentaires\/","name":"\u00c9tude consommateurs : Les Emballages Alimentaires - Le Blog FourniResto","isPartOf":{"@id":"https:\/\/www.fourniresto.com\/blog\/#website"},"datePublished":"2020-07-03T09:06:52+00:00","dateModified":"2022-03-04T12:58:34+00:00","author":{"@id":"https:\/\/www.fourniresto.com\/blog\/#\/schema\/person\/7bdd27da86a0fd78ebae2c0282518b37"},"breadcrumb":{"@id":"https:\/\/www.fourniresto.com\/blog\/etude-consommateurs-les-emballages-alimentaires\/#breadcrumb"},"inLanguage":"fr-FR","potentialAction":[{"@type":"ReadAction","target":["https:\/\/www.fourniresto.com\/blog\/etude-consommateurs-les-emballages-alimentaires\/"]}]},{"@type":"BreadcrumbList","@id":"https:\/\/www.fourniresto.com\/blog\/etude-consommateurs-les-emballages-alimentaires\/#breadcrumb","itemListElement":[{"@type":"ListItem","position":1,"name":"Accueil","item":"https:\/\/www.fourniresto.com\/blog\/"},{"@type":"ListItem","position":2,"name":"\u00c9tude consommateurs : Les Emballages Alimentaires"}]},{"@type":"WebSite","@id":"https:\/\/www.fourniresto.com\/blog\/#website","url":"https:\/\/www.fourniresto.com\/blog\/","name":"Le Blog FourniResto","description":"Conseils et actualit\u00e9s sur la Restauration Professionnelle","potentialAction":[{"@type":"SearchAction","target":{"@type":"EntryPoint","urlTemplate":"https:\/\/www.fourniresto.com\/blog\/?s={search_term_string}"},"query-input":"required name=search_term_string"}],"inLanguage":"fr-FR"},{"@type":"Person","@id":"https:\/\/www.fourniresto.com\/blog\/#\/schema\/person\/7bdd27da86a0fd78ebae2c0282518b37","name":"Admin"}]}},"uagb_featured_image_src":{"full":["https:\/\/www.fourniresto.com\/blog\/wp-content\/uploads\/2020\/07\/Etudes-consommateurs-emballages-alimentaires.jpg",2240,1260,false],"thumbnail":["https:\/\/www.fourniresto.com\/blog\/wp-content\/uploads\/2020\/07\/Etudes-consommateurs-emballages-alimentaires-150x150.jpg",150,150,true],"medium":["https:\/\/www.fourniresto.com\/blog\/wp-content\/uploads\/2020\/07\/Etudes-consommateurs-emballages-alimentaires-300x169.jpg",300,169,true],"medium_large":["https:\/\/www.fourniresto.com\/blog\/wp-content\/uploads\/2020\/07\/Etudes-consommateurs-emballages-alimentaires.jpg",768,432,false],"large":["https:\/\/www.fourniresto.com\/blog\/wp-content\/uploads\/2020\/07\/Etudes-consommateurs-emballages-alimentaires-1024x576.jpg",1024,576,true],"1536x1536":["https:\/\/www.fourniresto.com\/blog\/wp-content\/uploads\/2020\/07\/Etudes-consommateurs-emballages-alimentaires-1536x864.jpg",1536,864,true],"2048x2048":["https:\/\/www.fourniresto.com\/blog\/wp-content\/uploads\/2020\/07\/Etudes-consommateurs-emballages-alimentaires-2048x1152.jpg",2048,1152,true],"ms_image_size_300":["https:\/\/www.fourniresto.com\/blog\/wp-content\/uploads\/2020\/07\/Etudes-consommateurs-emballages-alimentaires-300x200.jpg",300,200,true],"post-thumbnail":["https:\/\/www.fourniresto.com\/blog\/wp-content\/uploads\/2020\/07\/Etudes-consommateurs-emballages-alimentaires-370x208.jpg",370,208,true],"especio-thumb-huge":["https:\/\/www.fourniresto.com\/blog\/wp-content\/uploads\/2020\/07\/Etudes-consommateurs-emballages-alimentaires-1170x658.jpg",1170,658,true],"especio-thumb-big":["https:\/\/www.fourniresto.com\/blog\/wp-content\/uploads\/2020\/07\/Etudes-consommateurs-emballages-alimentaires-760x428.jpg",760,428,true],"especio-thumb-med":["https:\/\/www.fourniresto.com\/blog\/wp-content\/uploads\/2020\/07\/Etudes-consommateurs-emballages-alimentaires-370x208.jpg",370,208,true],"especio-thumb-tiny":["https:\/\/www.fourniresto.com\/blog\/wp-content\/uploads\/2020\/07\/Etudes-consommateurs-emballages-alimentaires-135x135.jpg",135,135,true],"especio-thumb-masonry-big":["https:\/\/www.fourniresto.com\/blog\/wp-content\/uploads\/2020\/07\/Etudes-consommateurs-emballages-alimentaires-760x428.jpg",760,428,true],"especio-thumb-masonry":["https:\/\/www.fourniresto.com\/blog\/wp-content\/uploads\/2020\/07\/Etudes-consommateurs-emballages-alimentaires-370x208.jpg",370,208,true],"especio-thumb-extra":["https:\/\/www.fourniresto.com\/blog\/wp-content\/uploads\/2020\/07\/Etudes-consommateurs-emballages-alimentaires-570x498.jpg",570,498,true],"especio-thumb-square":["https:\/\/www.fourniresto.com\/blog\/wp-content\/uploads\/2020\/07\/Etudes-consommateurs-emballages-alimentaires-270x258.jpg",270,258,true],"especio-thumb-plain":["https:\/\/www.fourniresto.com\/blog\/wp-content\/uploads\/2020\/07\/Etudes-consommateurs-emballages-alimentaires-218x162.jpg",218,162,true],"especio-thumb-list":["https:\/\/www.fourniresto.com\/blog\/wp-content\/uploads\/2020\/07\/Etudes-consommateurs-emballages-alimentaires-370x275.jpg",370,275,true],"trx_addons-thumb-small":["https:\/\/www.fourniresto.com\/blog\/wp-content\/uploads\/2020\/07\/Etudes-consommateurs-emballages-alimentaires-270x152.jpg",270,152,true],"trx_addons-thumb-portrait":["https:\/\/www.fourniresto.com\/blog\/wp-content\/uploads\/2020\/07\/Etudes-consommateurs-emballages-alimentaires-370x493.jpg",370,493,true],"trx_addons-thumb-avatar":["https:\/\/www.fourniresto.com\/blog\/wp-content\/uploads\/2020\/07\/Etudes-consommateurs-emballages-alimentaires-370x370.jpg",370,370,true]},"uagb_author_info":{"display_name":"Admin","author_link":"https:\/\/www.fourniresto.com\/blog\/author\/admin\/"},"uagb_comment_info":0,"uagb_excerpt":"De nos jours, les consommateurs sont plus exigeants avec les entreprises et prennent en compte de nouveaux crit\u00e8res au moment de choisir leur lieu de consommation. En effet, les engagements&hellip;","_links":{"self":[{"href":"https:\/\/www.fourniresto.com\/blog\/wp-json\/wp\/v2\/posts\/11726"}],"collection":[{"href":"https:\/\/www.fourniresto.com\/blog\/wp-json\/wp\/v2\/posts"}],"about":[{"href":"https:\/\/www.fourniresto.com\/blog\/wp-json\/wp\/v2\/types\/post"}],"author":[{"embeddable":true,"href":"https:\/\/www.fourniresto.com\/blog\/wp-json\/wp\/v2\/users\/1"}],"replies":[{"embeddable":true,"href":"https:\/\/www.fourniresto.com\/blog\/wp-json\/wp\/v2\/comments?post=11726"}],"version-history":[{"count":16,"href":"https:\/\/www.fourniresto.com\/blog\/wp-json\/wp\/v2\/posts\/11726\/revisions"}],"predecessor-version":[{"id":14468,"href":"https:\/\/www.fourniresto.com\/blog\/wp-json\/wp\/v2\/posts\/11726\/revisions\/14468"}],"wp:featuredmedia":[{"embeddable":true,"href":"https:\/\/www.fourniresto.com\/blog\/wp-json\/wp\/v2\/media\/15196"}],"wp:attachment":[{"href":"https:\/\/www.fourniresto.com\/blog\/wp-json\/wp\/v2\/media?parent=11726"}],"wp:term":[{"taxonomy":"category","embeddable":true,"href":"https:\/\/www.fourniresto.com\/blog\/wp-json\/wp\/v2\/categories?post=11726"},{"taxonomy":"post_tag","embeddable":true,"href":"https:\/\/www.fourniresto.com\/blog\/wp-json\/wp\/v2\/tags?post=11726"}],"curies":[{"name":"wp","href":"https:\/\/api.w.org\/{rel}","templated":true}]}}